{"id":206892,"date":"2024-04-09T08:39:30","date_gmt":"2024-04-09T11:39:30","guid":{"rendered":"https:\/\/portalpopmais.com.br\/?p=206892"},"modified":"2024-04-09T08:39:33","modified_gmt":"2024-04-09T11:39:33","slug":"emissora-tv-nu-masculino-eclipse","status":"publish","type":"post","link":"https:\/\/portalpopmais.com.br\/en\/emissora-tv-nu-masculino-eclipse\/","title":{"rendered":"GENTE? Emissora de TV mexicana exibe nu masculino em vez de eclipse; veja v\u00eddeo"},"content":{"rendered":"<p class=\"wp-block-paragraph\">Uma emissora de TV do <strong><a href=\"http:\/\/instagram.com\/portalpopmais\" target=\"_blank\" rel=\"noopener\">M\u00e9xico<\/a><\/strong> foi sacaneada por um telespectador e acabou exibindo um nu masculino ao vivo, durante a cobertura do eclipse do Sol, que aconteceu nesta segunda-feira (8).<\/p>\n\n\n\n<p class=\"wp-block-paragraph\">O canal RCG Media pediu para que o p\u00fablico enviasse imagens do eclipse, quando um deles acabou enviando um v\u00eddeo onde aparece totalmente sem roupas. Nas imagens, o homem em quest\u00e3o simula o eclipse, cobrindo uma luz com seus test\u00edculos.<\/p>\n\n\n\n<div class=\"wp-block-group\"><div class=\"wp-block-group__inner-container is-layout-constrained wp-block-group-is-layout-constrained\">\n<h2 class=\"wp-block-heading\">Veja mais<\/h2>\n\n\n<ul class=\"wp-block-latest-posts__list is-grid aligncenter wp-block-latest-posts is-layout-flow wp-block-latest-posts-is-layout-flow\"><li><div class=\"wp-block-latest-posts__featured-image aligncenter\"><a href=\"https:\/\/portalpopmais.com.br\/en\/nina-dobrev-e-retirada-do-tapete-vermelho-no-festival-de-veneza-eu-teria-evaporado-de-vergonha\/\" aria-label=\"Nina Dobrev \u00e9 retirada do tapete vermelho no Festival de Veneza: \u201cEu teria evaporado de vergonha\u201d\"><img loading=\"lazy\" decoding=\"async\" width=\"768\" height=\"456\" src=\"https:\/\/portalpopmais.com.br\/wp-content\/uploads\/2026\/09\/Screenshot_20260903-194159-768x456.png\" class=\"attachment-medium size-medium wp-post-image\" alt=\"Screenshot 20260903 194159\" style=\"\" srcset=\"https:\/\/portalpopmais.com.br\/wp-content\/uploads\/2026\/09\/Screenshot_20260903-194159-768x456.png 768w, https:\/\/portalpopmais.com.br\/wp-content\/uploads\/2026\/09\/Screenshot_20260903-194159-18x12.png 18w\" sizes=\"auto, (max-width: 768px) 100vw, 768px\" title=\"\"><\/a><\/div><a class=\"wp-block-latest-posts__post-title\" href=\"https:\/\/portalpopmais.com.br\/en\/nina-dobrev-e-retirada-do-tapete-vermelho-no-festival-de-veneza-eu-teria-evaporado-de-vergonha\/\">Nina Dobrev \u00e9 retirada do tapete vermelho no Festival de Veneza: \u201cEu teria evaporado de vergonha\u201d<\/a><\/li>\n<li><div class=\"wp-block-latest-posts__featured-image aligncenter\"><a href=\"https:\/\/portalpopmais.com.br\/en\/justica-condena-miguel-falabella-por-plagio-em-peca-de-teatro\/\" aria-label=\"Justi\u00e7a condena Miguel Falabella por pl\u00e1gio em pe\u00e7a de teatro\"><img loading=\"lazy\" decoding=\"async\" width=\"768\" height=\"456\" src=\"https:\/\/portalpopmais.com.br\/wp-content\/uploads\/2020\/06\/falabella-768x456.jpg\" class=\"attachment-medium size-medium wp-post-image\" alt=\"Miguel Falabella \u00e9 demitido da Globo ap\u00f3s quase 40 anos\" style=\"\" srcset=\"https:\/\/portalpopmais.com.br\/wp-content\/uploads\/2020\/06\/falabella-768x456.jpg 768w, https:\/\/portalpopmais.com.br\/wp-content\/uploads\/2020\/06\/falabella-1170x694.jpg 1170w\" sizes=\"auto, (max-width: 768px) 100vw, 768px\" title=\"\"><\/a><\/div><a class=\"wp-block-latest-posts__post-title\" href=\"https:\/\/portalpopmais.com.br\/en\/justica-condena-miguel-falabella-por-plagio-em-peca-de-teatro\/\">Justi\u00e7a condena Miguel Falabella por pl\u00e1gio em pe\u00e7a de teatro<\/a><\/li>\n<li><div class=\"wp-block-latest-posts__featured-image aligncenter\"><a href=\"https:\/\/portalpopmais.com.br\/en\/juliano-floss-e-flagrado-em-momento-intimo-com-affair\/\" aria-label=\"Juliano Floss \u00e9 flagrado em momento \u00edntimo com affair\"><img loading=\"lazy\" decoding=\"async\" width=\"768\" height=\"456\" src=\"https:\/\/portalpopmais.com.br\/wp-content\/uploads\/2026\/02\/juliano-floss-768x456.jpg\" class=\"attachment-medium size-medium wp-post-image\" alt=\"juliano floss\" style=\"\" srcset=\"https:\/\/portalpopmais.com.br\/wp-content\/uploads\/2026\/02\/juliano-floss-768x456.jpg 768w, https:\/\/portalpopmais.com.br\/wp-content\/uploads\/2026\/02\/juliano-floss-1170x694.jpg 1170w, https:\/\/portalpopmais.com.br\/wp-content\/uploads\/2026\/02\/juliano-floss-18x10.jpg 18w\" sizes=\"auto, (max-width: 768px) 100vw, 768px\" title=\"\"><\/a><\/div><a class=\"wp-block-latest-posts__post-title\" href=\"https:\/\/portalpopmais.com.br\/en\/juliano-floss-e-flagrado-em-momento-intimo-com-affair\/\">Juliano Floss \u00e9 flagrado em momento \u00edntimo com affair<\/a><\/li>\n<li><div class=\"wp-block-latest-posts__featured-image aligncenter\"><a href=\"https:\/\/portalpopmais.com.br\/en\/sbt-descarta-programa-patricia-abravanel\/\" aria-label=\"SBT descarta de vez programa fracassado de Patr\u00edcia Abravanel; veja\"><img loading=\"lazy\" decoding=\"async\" width=\"768\" height=\"456\" src=\"https:\/\/portalpopmais.com.br\/wp-content\/uploads\/2021\/06\/patricia-abravanel-vem-pra-ca-reproducao-sbt-768x456.jpg\" class=\"attachment-medium size-medium wp-post-image\" alt=\"Patr\u00edcia Abravanel vem pra c\u00e1\" style=\"\" srcset=\"https:\/\/portalpopmais.com.br\/wp-content\/uploads\/2021\/06\/patricia-abravanel-vem-pra-ca-reproducao-sbt-768x456.jpg 768w, https:\/\/portalpopmais.com.br\/wp-content\/uploads\/2021\/06\/patricia-abravanel-vem-pra-ca-reproducao-sbt-1170x694.jpg 1170w\" sizes=\"auto, (max-width: 768px) 100vw, 768px\" title=\"\"><\/a><\/div><a class=\"wp-block-latest-posts__post-title\" href=\"https:\/\/portalpopmais.com.br\/en\/sbt-descarta-programa-patricia-abravanel\/\">SBT descarta de vez programa fracassado de Patr\u00edcia Abravanel; veja<\/a><\/li>\n<li><div class=\"wp-block-latest-posts__featured-image aligncenter\"><a href=\"https:\/\/portalpopmais.com.br\/en\/gloria-steinem-um-dos-maiores-icones-do-feminismo-mundial-morre-aos-92-anos\/\" aria-label=\"Gloria Steinem, um dos maiores \u00edcones do feminismo mundial, morre aos 92 anos\"><img loading=\"lazy\" decoding=\"async\" width=\"768\" height=\"456\" src=\"https:\/\/portalpopmais.com.br\/wp-content\/uploads\/2026\/09\/Gloria-Steinem-768x456.webp\" class=\"attachment-medium size-medium wp-post-image\" alt=\"Gloria Steinem\" style=\"\" srcset=\"https:\/\/portalpopmais.com.br\/wp-content\/uploads\/2026\/09\/Gloria-Steinem-768x456.webp 768w, https:\/\/portalpopmais.com.br\/wp-content\/uploads\/2026\/09\/Gloria-Steinem-1170x694.webp 1170w, https:\/\/portalpopmais.com.br\/wp-content\/uploads\/2026\/09\/Gloria-Steinem-18x12.webp 18w\" sizes=\"auto, (max-width: 768px) 100vw, 768px\" title=\"\"><\/a><\/div><a class=\"wp-block-latest-posts__post-title\" href=\"https:\/\/portalpopmais.com.br\/en\/gloria-steinem-um-dos-maiores-icones-do-feminismo-mundial-morre-aos-92-anos\/\">Gloria Steinem, um dos maiores \u00edcones do feminismo mundial, morre aos 92 anos<\/a><\/li>\n<li><div class=\"wp-block-latest-posts__featured-image aligncenter\"><a href=\"https:\/\/portalpopmais.com.br\/en\/supernanny-cris-poli-emociona-ao-falar-sobre-a-morte-de-um-dos-filhos-vitima-de-cancer\/\" aria-label=\"Supernanny, Cris Poli, emociona ao falar sobre a morte de um dos filhos v\u00edtima de c\u00e2ncer\"><img loading=\"lazy\" decoding=\"async\" width=\"768\" height=\"456\" src=\"https:\/\/portalpopmais.com.br\/wp-content\/uploads\/2026\/09\/1_lembra-dela-supernanny-faz-desabafo-comovente-apos-morte-do-filho-67584505-768x456.jpg\" class=\"attachment-medium size-medium wp-post-image\" alt=\"1 lembra dela supernanny faz desabafo comovente apos morte do filho 67584505\" style=\"\" srcset=\"https:\/\/portalpopmais.com.br\/wp-content\/uploads\/2026\/09\/1_lembra-dela-supernanny-faz-desabafo-comovente-apos-morte-do-filho-67584505-768x456.jpg 768w, https:\/\/portalpopmais.com.br\/wp-content\/uploads\/2026\/09\/1_lembra-dela-supernanny-faz-desabafo-comovente-apos-morte-do-filho-67584505-1170x694.jpg 1170w, https:\/\/portalpopmais.com.br\/wp-content\/uploads\/2026\/09\/1_lembra-dela-supernanny-faz-desabafo-comovente-apos-morte-do-filho-67584505-18x12.jpg 18w\" sizes=\"auto, (max-width: 768px) 100vw, 768px\" title=\"\"><\/a><\/div><a class=\"wp-block-latest-posts__post-title\" href=\"https:\/\/portalpopmais.com.br\/en\/supernanny-cris-poli-emociona-ao-falar-sobre-a-morte-de-um-dos-filhos-vitima-de-cancer\/\">Supernanny, Cris Poli, emociona ao falar sobre a morte de um dos filhos v\u00edtima de c\u00e2ncer<\/a><\/li>\n<\/ul><\/div><\/div>\n\n\n\n<p class=\"wp-block-paragraph\">O registro foi exibindo ao <a href=\"https:\/\/portalpopmais.com.br\/en\/anitta-datas-baile-funk-experience\/\" data-type=\"post\" data-id=\"206872\">vivo<\/a>, deixando os \u00e2ncoras constrangidos. Veja abaixo o momento:<\/p>\n\n\n\n<figure class=\"wp-block-embed is-type-rich is-provider-twitter wp-block-embed-twitter\"><div class=\"wp-block-embed__wrapper\">\n<blockquote class=\"twitter-tweet\" data-width=\"550\" data-dnt=\"true\"><p lang=\"pt\" dir=\"ltr\">\ud83c\uddf2\ud83c\uddfd Transmiss\u00e3o do eclipse solar no M\u00e9xico \u00e9 interrompida ap\u00f3s imagens inusitadas. \u00c9 s\u00e9rio. <a href=\"https:\/\/t.co\/z8ruaUHHHo\">pic.twitter.com\/z8ruaUHHHo<\/a><\/p>&mdash; Eixo Pol\u00edtico (@eixopolitico) <a href=\"https:\/\/twitter.com\/eixopolitico\/status\/1777473818954514520?ref_src=twsrc%5Etfw\" target=\"_blank\" rel=\"noopener\">April 8, 2024<\/a><\/blockquote><script async src=\"https:\/\/platform.twitter.com\/widgets.js\" charset=\"utf-8\"><\/script>\n<\/div><\/figure>","protected":false},"excerpt":{"rendered":"<p>Uma emissora de TV do M\u00e9xico foi sacaneada por um telespectador e acabou exibindo um nu masculino ao vivo, durante a cobertura do eclipse do Sol, que aconteceu nesta segunda-feira (8). O canal RCG Media pediu para que o p\u00fablico enviasse imagens do eclipse, quando um deles acabou enviando um v\u00eddeo onde aparece totalmente sem [&hellip;]<\/p>\n","protected":false},"author":2,"featured_media":206894,"comment_status":"closed","ping_status":"open","sticky":false,"template":"","format":"standard","meta":{"footnotes":""},"categories":[181],"tags":[9182],"class_list":["post-206892","post","type-post","status-publish","format-standard","has-post-thumbnail","hentry","category-televisao","tag-mexico-2"],"_links":{"self":[{"href":"https:\/\/portalpopmais.com.br\/en\/wp-json\/wp\/v2\/posts\/206892","targetHints":{"allow":["GET"]}}],"collection":[{"href":"https:\/\/portalpopmais.com.br\/en\/wp-json\/wp\/v2\/posts"}],"about":[{"href":"https:\/\/portalpopmais.com.br\/en\/wp-json\/wp\/v2\/types\/post"}],"author":[{"embeddable":true,"href":"https:\/\/portalpopmais.com.br\/en\/wp-json\/wp\/v2\/users\/2"}],"replies":[{"embeddable":true,"href":"https:\/\/portalpopmais.com.br\/en\/wp-json\/wp\/v2\/comments?post=206892"}],"version-history":[{"count":0,"href":"https:\/\/portalpopmais.com.br\/en\/wp-json\/wp\/v2\/posts\/206892\/revisions"}],"wp:featuredmedia":[{"embeddable":true,"href":"https:\/\/portalpopmais.com.br\/en\/wp-json\/wp\/v2\/media\/206894"}],"wp:attachment":[{"href":"https:\/\/portalpopmais.com.br\/en\/wp-json\/wp\/v2\/media?parent=206892"}],"wp:term":[{"taxonomy":"category","embeddable":true,"href":"https:\/\/portalpopmais.com.br\/en\/wp-json\/wp\/v2\/categories?post=206892"},{"taxonomy":"post_tag","embeddable":true,"href":"https:\/\/portalpopmais.com.br\/en\/wp-json\/wp\/v2\/tags?post=206892"}],"curies":[{"name":"wp","href":"https:\/\/api.w.org\/{rel}","templated":true}]}}