{"id":207076,"date":"2024-04-11T23:55:00","date_gmt":"2024-04-12T02:55:00","guid":{"rendered":"https:\/\/portalpopmais.com.br\/?p=207076"},"modified":"2024-04-16T07:18:05","modified_gmt":"2024-04-16T10:18:05","slug":"lancamentos-musicais-12-de-abril-de-2024","status":"publish","type":"post","link":"https:\/\/portalpopmais.com.br\/en\/lancamentos-musicais-12-de-abril-de-2024\/","title":{"rendered":"Lan\u00e7amentos da semana: Pabllo Vittar, Dua Lipa, Gusttavo Lima, Dilsinho e mais!"},"content":{"rendered":"<p>O ano de 2024 segue bombando com <strong><a href=\"https:\/\/portalpopmais.com.br\/en\/lancamentos-musicais-05-de-abril-de-2024\/\" data-type=\"post\" data-id=\"206709\">lan\u00e7amentos<\/a><\/strong>, e uma semana pra l\u00e1 de especial para os f\u00e3s de m\u00fasica pop. <strong>Pabllo Vittar<\/strong> liberou seu novo \u00e1lbum, o volume 2 do projeto &#8216;Batid\u00e3o Tropical&#8217;, e \u00e9 o nosso destaque por aqui.<\/p>\n\n\n\n<p>Entre os lan\u00e7amentos pop ainda temos novo single de <strong>Dua Lipa<\/strong>, novo \u00e1lbum de <strong>Duda Beat<\/strong>, clipe intenso do <strong>WD<\/strong>, faixa nova do <strong>Lil Nas X<\/strong> e mais! Acompanhe no list\u00e3o, que inclui tamb\u00e9m todos os <a href=\"http:\/\/twitter.com\/sitepopmais\" target=\"_blank\" rel=\"noopener\">estilos<\/a>.<\/p>\n\n\n\n<h2 class=\"wp-block-heading\">Pabllo Vittar<\/h2>\n\n\n\n<p>Pabllo Vittar lan\u00e7a seu 6\u00b0 \u00e1lbum da carreira, &#8220;Batid\u00e3o Tropical Vol. 2&#8221;. A cantora, que soma mais de 3 bilh\u00f5es de streams em seu cat\u00e1logo de m\u00fasicas, \u00e9 conhecida por sua energia contagiante e vis\u00e3o inovadora da m\u00fasica pop e retorna com um segundo volume deste \u00e1lbum marcante em uma homenagem \u00e0s suas ra\u00edzes. O compilado de faixas traz diversos feats, fala de amor em diferentes densidades.<\/p>\n\n\n\n<figure class=\"wp-block-embed is-type-rich is-provider-spotify wp-block-embed-spotify wp-embed-aspect-21-9 wp-has-aspect-ratio\"><div class=\"wp-block-embed__wrapper\">\nhttps:\/\/open.spotify.com\/intl-pt\/album\/7g1OoBZsRRCy2DA9NeASaw\n<\/div><\/figure>\n\n\n\n<h2 class=\"wp-block-heading\">Dua Lipa<\/h2>\n\n\n\n<p>Dua Lipa compartilha mais uma faixa do \u00e1lbum \u201cRadical Optimism\u201d, desta vez se trata de &#8220;Illusion&#8221;. A can\u00e7\u00e3o d\u00e1 sequ\u00eancia aos hits de sucesso j\u00e1 lan\u00e7ados \u201cTraining Season\u201d e \u201cHoudini, que tamb\u00e9m far\u00e3o parte do novo projeto de Dua.<\/p>\n\n\n\n<figure class=\"wp-block-embed is-type-video is-provider-youtube wp-block-embed-youtube wp-embed-aspect-16-9 wp-has-aspect-ratio\"><div class=\"wp-block-embed__wrapper\">\n<iframe loading=\"lazy\" title=\"Dua Lipa - Illusion (Official Music Video)\" width=\"880\" height=\"495\" src=\"https:\/\/www.youtube.com\/embed\/a9cyG_yfh1k?feature=oembed\" frameborder=\"0\" allow=\"accelerometer; autoplay; clipboard-write; encrypted-media; gyroscope; picture-in-picture; web-share\" referrerpolicy=\"strict-origin-when-cross-origin\" allowfullscreen><\/iframe>\n<\/div><\/figure>\n\n\n\n<h2 class=\"wp-block-heading\">Djavan<\/h2>\n\n\n\n<p>Voz e viol\u00e3o, sua m\u00fasica no sumo portanto, Djavan canta frente \u00e0 multid\u00e3o de mais de 20 mil pessoas: \u201cEu fui batizado na capela do farol, Matriz de Santa Rita, Macei\u00f3\u201d. Finca o p\u00e9 na origem, aponta de onde veio \u2014 o que diz muito do passado, mas mais ainda das escolhas presentes e dos caminhos futuros. Casa, enfim. \u00c9 esse o sentido que atravessa \u201cD: ao vivo Macei\u00f3\u201d, \u00e1lbum que documenta a turn\u00ea do disco \u201cD\u201d \u2014 a inicial do nome do artista, em mais um simbolismo que marca o valor essencial do in\u00edcio. O disco chega \u00e0s plataformas digitais de m\u00fasica no dia 11 de abril, enquanto o registro audiovisual ser\u00e1 lan\u00e7ado ainda no primeiro semestre de 2024.<\/p>\n\n\n\n<figure class=\"wp-block-embed is-type-rich is-provider-spotify wp-block-embed-spotify wp-embed-aspect-21-9 wp-has-aspect-ratio\"><div class=\"wp-block-embed__wrapper\">\n<iframe title=\"Spotify Embed: D Ao Vivo Macei\u00f3\" style=\"border-radius: 12px\" width=\"100%\" height=\"352\" frameborder=\"0\" allowfullscreen allow=\"autoplay; clipboard-write; encrypted-media; fullscreen; picture-in-picture\" loading=\"lazy\" src=\"https:\/\/open.spotify.com\/embed\/album\/3HeQyJgYzyFgDRMFBs1YDw?utm_source=oembed\"><\/iframe>\n<\/div><\/figure>\n\n\n\n<h2 class=\"wp-block-heading\">Dilsinho<\/h2>\n\n\n\n<p>Dilsinho segue a todo vapor e mais DIFERENT\u00c3O que nunca. Curtindo a segunda fase do projeto que considera o mais importante de sua carreira at\u00e9 ent\u00e3o, o pagodeiro compartilha com o p\u00fablico mais tr\u00eas faixas que prometem parar as plataformas de m\u00fasica e se tornarem parte das playlists das melhores festas do pa\u00eds. Dentro do Vol 2, destaca-se \u201cCafe\u00edna\u201d, um feat. com Vitor Kley muito aguardado pelo p\u00fablico de ambos os artistas e que chega aos aplicativos de m\u00fasica nesta quinta, 11, \u00e0s 21h junto \u00e0s outras duas faixas. E, na sexta, \u00e9 a primeira a chegar no YouTube, estreando \u00e0s 11h.<\/p>\n\n\n\n<figure class=\"wp-block-embed is-type-rich is-provider-spotify wp-block-embed-spotify wp-embed-aspect-21-9 wp-has-aspect-ratio\"><div class=\"wp-block-embed__wrapper\">\n<iframe title=\"Spotify Embed: Diferent\u00e3o 2 - Vol. 2 (Ao Vivo)\" style=\"border-radius: 12px\" width=\"100%\" height=\"352\" frameborder=\"0\" allowfullscreen allow=\"autoplay; clipboard-write; encrypted-media; fullscreen; picture-in-picture\" loading=\"lazy\" src=\"https:\/\/open.spotify.com\/embed\/album\/3qxrM7Fa4ffTf3uMwDagw6?utm_source=oembed\"><\/iframe>\n<\/div><\/figure>\n\n\n\n<h2 class=\"wp-block-heading\">Gusttavo Lima<\/h2>\n\n\n\n<p>A espera acabou! Dando sequ\u00eancia ao grande sucesso de seu mais recente projeto, \u201cPara\u00edso Particular\u201d, que j\u00e1 soma mais de 1 bilh\u00e3o de streams (\u00e1udio e v\u00eddeo), o cantor e compositor Gusttavo Lima realiza nesta quinta-feira (11\/04) o lan\u00e7amento oficial do \u00e1lbum na \u00edntegra em todas as plataformas de \u00e1udio. As quatro faixas in\u00e9ditas que chegam para completar o trabalho s\u00e3o: \u201cCep Novo\u201d, com participa\u00e7\u00e3o especial de Murilo Huff; \u201cLivramento\u201d, que traz o feat com Gustavo Mioto, e as rom\u00e2nticas \u201cBeijo Culposo\u201d e \u201cMilion\u00e1rio\u201d.<\/p>\n\n\n\n<figure class=\"wp-block-embed is-type-rich is-provider-spotify wp-block-embed-spotify wp-embed-aspect-21-9 wp-has-aspect-ratio\"><div class=\"wp-block-embed__wrapper\">\nhttps:\/\/open.spotify.com\/intl-pt\/album\/2LweFzHQTdOl0LSqwOS5uM\n<\/div><\/figure>\n\n\n\n<h2 class=\"wp-block-heading\">Raflow, Danike, Nath Fischer, Baby G2C<\/h2>\n\n\n\n<p>Um dos projetos mais bem-sucedidos no rap\/trap chega \u00e0 sua s\u00e9tima edi\u00e7\u00e3o com Nath Fischer sendo a primeira mulher a participar do THE BOX. Completam as participa\u00e7\u00f5es do \u201cTHE BOX MEDLEY 7\u201d, Raflow, Danike e Baby G2C.<\/p>\n\n\n\n<h2 class=\"wp-block-heading\">TINI<\/h2>\n\n\n\n<p>Com os singles &#8220;pa&#8221;, &#8220;posta&#8221; e &#8220;buenos aires&#8221;, TINI abre seu cora\u00e7\u00e3o com &#8220;un mech\u00f3n de pelo&#8221;. O projeto \u00e9 o quinto \u00e1lbum de est\u00fadio da artista argentina, e seu mais vulner\u00e1vel at\u00e9 agora. Conhecida por seus hits dan\u00e7antes como &#8220;Mienteme&#8221; e &#8220;La Loto&#8221;, colabora\u00e7\u00e3o com Becky G e Anitta, dessa vez a cantora aposta em can\u00e7\u00f5es mais lentas e emocionais, fruto de acontecimentos pessoais que ocorreram nos \u00faltimos anos.<\/p>\n\n\n\n<figure class=\"wp-block-embed is-type-rich is-provider-spotify wp-block-embed-spotify wp-embed-aspect-21-9 wp-has-aspect-ratio\"><div class=\"wp-block-embed__wrapper\">\n<iframe title=\"Spotify Embed: un mech\u00f3n de pelo\" style=\"border-radius: 12px\" width=\"100%\" height=\"352\" frameborder=\"0\" allowfullscreen allow=\"autoplay; clipboard-write; encrypted-media; fullscreen; picture-in-picture\" loading=\"lazy\" src=\"https:\/\/open.spotify.com\/embed\/album\/3wOG84RkmoSoeN3LKkxXga?utm_source=oembed\"><\/iframe>\n<\/div><\/figure>\n\n\n\n<h2 class=\"wp-block-heading\">Chris Brown<\/h2>\n\n\n\n<p>Artista com mais de 20 indica\u00e7\u00f5es ao GRAMMYs, Chris Brown retorna com a vers\u00e3o deluxe de &#8220;11:11&#8221;, provando mais uma vez sua posi\u00e7\u00e3o como um \u00edcone do R&amp;B. Esta vers\u00e3o deluxe apresenta 13 novas faixas in\u00e9ditas, trazendo colabora\u00e7\u00f5es exclusivas com lendas do rap, hip hop e R&amp;B, al\u00e9m das 22 faixas originais.<\/p>\n\n\n\n<figure class=\"wp-block-embed is-type-rich is-provider-spotify wp-block-embed-spotify wp-embed-aspect-21-9 wp-has-aspect-ratio\"><div class=\"wp-block-embed__wrapper\">\n<iframe title=\"Spotify Embed: 11:11 (Deluxe)\" style=\"border-radius: 12px\" width=\"100%\" height=\"352\" frameborder=\"0\" allowfullscreen allow=\"autoplay; clipboard-write; encrypted-media; fullscreen; picture-in-picture\" loading=\"lazy\" src=\"https:\/\/open.spotify.com\/embed\/album\/5onhEG8O3aKdg9b4lIdkNz?utm_source=oembed\"><\/iframe>\n<\/div><\/figure>\n\n\n\n<h2 class=\"wp-block-heading\">Becky G &amp; Oscar Maydon<\/h2>\n\n\n\n<p>Uma das principais vozes da m\u00fasica latina contempor\u00e2nea, BECKY G, se prepara para lan\u00e7ar seu novo single, &#8220;Mercedes&#8221;, em colabora\u00e7\u00e3o com Oscar Maydon, artista que acumula mais de 19M de ouvintes mensais no Spotify. Com data de estreia para dia 12 de abril, &#8220;Mercedes&#8221; \u00e9 um regional mexicano e \u00e9 o pr\u00f3ximo passo de Becky G ap\u00f3s uma s\u00e9rie de sucessos. A cantora recentemente impressionou o p\u00fablico com sua performance emocionante de &#8220;The Fire Inside&#8221;, can\u00e7\u00e3o indicada ao Oscar, durante a premia\u00e7\u00e3o.<\/p>\n\n\n\n<figure class=\"wp-block-embed is-type-video is-provider-youtube wp-block-embed-youtube wp-embed-aspect-4-3 wp-has-aspect-ratio\"><div class=\"wp-block-embed__wrapper\">\n<iframe loading=\"lazy\" title=\"Becky G, Oscar Maydon - MERCEDES (Official Video)\" width=\"880\" height=\"660\" src=\"https:\/\/www.youtube.com\/embed\/bi8niVLlI48?feature=oembed\" frameborder=\"0\" allow=\"accelerometer; autoplay; clipboard-write; encrypted-media; gyroscope; picture-in-picture; web-share\" referrerpolicy=\"strict-origin-when-cross-origin\" allowfullscreen><\/iframe>\n<\/div><\/figure>\n\n\n\n<h2 class=\"wp-block-heading\">Teto e WIU<\/h2>\n\n\n\n<p>O que jovens milion\u00e1rios fazem em uma quarta-feira? Teto e WIU lan\u00e7am um novo hit! Dois dos maiores fen\u00f4menos do rap se juntam em \u201cProblemas De Um Milion\u00e1rio\u201d, nova m\u00fasica que traz em flows e rimas o melhor da vida de um rapper que coleciona sucessos e luxos. A faixa vem acompanhada de umvideoclipe gravado pelas ruas de Nova York.<\/p>\n\n\n\n<figure class=\"wp-block-embed is-type-video is-provider-youtube wp-block-embed-youtube wp-embed-aspect-4-3 wp-has-aspect-ratio\"><div class=\"wp-block-embed__wrapper\">\n<iframe loading=\"lazy\" title=\"WIU, Teto - Problemas de um Milion\u00e1rio\" width=\"880\" height=\"660\" src=\"https:\/\/www.youtube.com\/embed\/WB7IxAwGnaU?feature=oembed\" frameborder=\"0\" allow=\"accelerometer; autoplay; clipboard-write; encrypted-media; gyroscope; picture-in-picture; web-share\" referrerpolicy=\"strict-origin-when-cross-origin\" allowfullscreen><\/iframe>\n<\/div><\/figure>\n\n\n\n<h2 class=\"wp-block-heading\">Gavin James<\/h2>\n\n\n\n<p>Ap\u00f3s uma passagem cheia de surpresas e compromissos pelo Brasil, Gavin James se prepara para lan\u00e7ar seu novo single, &#8216;Heavy&#8221;. Conhecidos por suas baladas e letras tocantes, o irland\u00eas \u00e9 um dos grandes nomes quando se trata de trilha de novelas brasileiras, sendo tema de grandes casais apaixonados. Gavin acumula mais de 1 bilh\u00e3o de streams e \u00e9 dono de hits como &#8220;Tired&#8221; (259M de streams) e &#8220;Always&#8221; (172M).<\/p>\n\n\n\n<figure class=\"wp-block-embed is-type-video is-provider-youtube wp-block-embed-youtube wp-embed-aspect-16-9 wp-has-aspect-ratio\"><div class=\"wp-block-embed__wrapper\">\n<iframe loading=\"lazy\" title=\"Gavin James &quot;Heavy&quot; (Official Lyric Video)\" width=\"880\" height=\"495\" src=\"https:\/\/www.youtube.com\/embed\/7LcAy7wcVQM?feature=oembed\" frameborder=\"0\" allow=\"accelerometer; autoplay; clipboard-write; encrypted-media; gyroscope; picture-in-picture; web-share\" referrerpolicy=\"strict-origin-when-cross-origin\" allowfullscreen><\/iframe>\n<\/div><\/figure>\n\n\n\n<h2 class=\"wp-block-heading\">Chl\u00f6e<\/h2>\n\n\n\n<p>Ap\u00f3s lan\u00e7ar a envolvente &#8220;FYS&#8221; no in\u00edcio do ano, Chloe est\u00e1 de volta com &#8220;Boy Bye&#8221;. O novo single \u00e9 um recado bem claro para um relacionamento que n\u00e3o est\u00e1 dando certo e as pr\u00e9vias da faixa j\u00e1 est\u00e3o fazendo barulho pela internet. Com 10 milh\u00f5es de seguidores em suas redes, a cantora, que al\u00e9m da carreira solo participa do duo Chloe x Halle com sua irm\u00e3, se prepara para lan\u00e7ar seu 2\u00b0 \u00e1lbum. O &#8220;In Pieces&#8221;, de 2023 contou com hits como &#8220;Have Mercy&#8221; (200M streams) e &#8220;Treat Me&#8221; (45M).<\/p>\n\n\n\n<figure class=\"wp-block-embed is-type-video is-provider-youtube wp-block-embed-youtube wp-embed-aspect-16-9 wp-has-aspect-ratio\"><div class=\"wp-block-embed__wrapper\">\n<iframe loading=\"lazy\" title=\"Chl\u00f6e - Boy Bye (Official Video)\" width=\"880\" height=\"495\" src=\"https:\/\/www.youtube.com\/embed\/QK1mAdqnJ1Q?feature=oembed\" frameborder=\"0\" allow=\"accelerometer; autoplay; clipboard-write; encrypted-media; gyroscope; picture-in-picture; web-share\" referrerpolicy=\"strict-origin-when-cross-origin\" allowfullscreen><\/iframe>\n<\/div><\/figure>\n\n\n\n<h2 class=\"wp-block-heading\">Alok<\/h2>\n\n\n\n<p>O DJ e produtor brasileiro Alok, com mais de 30 milh\u00f5es de ouvintes mensais no Spotify e classificado como o #4 na lista da DJ Mag dos melhores DJs do mundo, retorna com seu mais recente single focado no mainstream, &#8216;Seek Love (On The Beach)&#8217;. Colaborando com Tazi, Samuele Sartini feat. Amanda Wilson, oferece um vislumbre antecipado do ver\u00e3o, misturando a ic\u00f4nica interpola\u00e7\u00e3o de &#8216;On The Beach&#8217; de Chris Rea com batidas e vocais modernos.<\/p>\n\n\n\n<figure class=\"wp-block-embed is-type-video is-provider-youtube wp-block-embed-youtube wp-embed-aspect-4-3 wp-has-aspect-ratio\"><div class=\"wp-block-embed__wrapper\">\n<iframe loading=\"lazy\" title=\"Seek Love (On The Beach)\" width=\"880\" height=\"660\" src=\"https:\/\/www.youtube.com\/embed\/03ZHI-LYncE?feature=oembed\" frameborder=\"0\" allow=\"accelerometer; autoplay; clipboard-write; encrypted-media; gyroscope; picture-in-picture; web-share\" referrerpolicy=\"strict-origin-when-cross-origin\" allowfullscreen><\/iframe>\n<\/div><\/figure>\n\n\n\n<h2 class=\"wp-block-heading\">PARTYNEXTDOOR<\/h2>\n\n\n\n<p>Ap\u00f3s lan\u00e7ar o single &#8220;R e a l W o m a n&#8221;, PARTYNEXTDOOR chega com uma nova faixa. &#8220;L o s e M y M i n d&#8221; tras a vibe caracter\u00edstica do PND, o que est\u00e1 aumentando ainda mais as expectativas dos f\u00e3s. Al\u00e9m disso a faixa conta com o sample do cl\u00e1ssico &#8220;Party Up (Up In Here&#8221;, do rapper DMX. PND conta com mais de 17 milh\u00f5ea de ouvintes mensais e j\u00e1 colaborou com artistas como Zayn, Kali Uchis, Rihanna e Drake.<\/p>\n\n\n\n<figure class=\"wp-block-embed is-type-video is-provider-youtube wp-block-embed-youtube wp-embed-aspect-16-9 wp-has-aspect-ratio\"><div class=\"wp-block-embed__wrapper\">\n<iframe loading=\"lazy\" title=\"PARTYNEXTDOOR - LOSE MY MIND (Official Visualizer)\" width=\"880\" height=\"495\" src=\"https:\/\/www.youtube.com\/embed\/6QEY-l7LVds?feature=oembed\" frameborder=\"0\" allow=\"accelerometer; autoplay; clipboard-write; encrypted-media; gyroscope; picture-in-picture; web-share\" referrerpolicy=\"strict-origin-when-cross-origin\" allowfullscreen><\/iframe>\n<\/div><\/figure>\n\n\n\n<h2 class=\"wp-block-heading\">Pedro Victhor<\/h2>\n\n\n\n<p>Um talentoso cantor de 20 anos, emergindo no cen\u00e1rio musical, com um estilo predominantemente POP e um potencial promissor. \u201cAl\u00edvio\u201d sua m\u00fasica atual de trabalho, conta a hist\u00f3ria de um terminou que ao contr\u00e1rio de ser sofrido \u00e9 um al\u00edvio, e com seu ritmo envolvente, est\u00e1 a cada dia mais crescendo no Spotify e nas redes sociais.<\/p>\n\n\n\n<figure class=\"wp-block-embed is-type-video is-provider-youtube wp-block-embed-youtube wp-embed-aspect-16-9 wp-has-aspect-ratio\"><div class=\"wp-block-embed__wrapper\">\n<iframe loading=\"lazy\" title=\"Pedro Victhor - Al\u00edvio (Lyrics)\" width=\"880\" height=\"495\" src=\"https:\/\/www.youtube.com\/embed\/gnd4W589vZc?feature=oembed\" frameborder=\"0\" allow=\"accelerometer; autoplay; clipboard-write; encrypted-media; gyroscope; picture-in-picture; web-share\" referrerpolicy=\"strict-origin-when-cross-origin\" allowfullscreen><\/iframe>\n<\/div><\/figure>\n\n\n\n<h2 class=\"wp-block-heading\">MC Scar e FP do Trem Bala<\/h2>\n\n\n\n<p>MC Scar e DJ FP do Trem Bala unem for\u00e7as em mais um lan\u00e7amento, &#8220;Bandido Mau 2&#8221;. Em uma colabora\u00e7\u00e3o explosiva, MC Scar, conhecido por seu estilo marcante e inconfund\u00edvel, une for\u00e7as novamente com o renomado FP do Trem Bala, trazendo um novo hino para os amantes do funk. &#8220;Bandido Mau&#8221;, lan\u00e7ada em 2021, j\u00e1 passa dos 5 milh\u00f5es de plays s\u00f3 no Spotify e \u00e9 trilha de mais de 45 mil v\u00eddeos no TikTok.<\/p>\n\n\n\n<figure class=\"wp-block-embed is-type-video is-provider-youtube wp-block-embed-youtube wp-embed-aspect-4-3 wp-has-aspect-ratio\"><div class=\"wp-block-embed__wrapper\">\n<iframe loading=\"lazy\" title=\"Bandido Mau 2\" width=\"880\" height=\"660\" src=\"https:\/\/www.youtube.com\/embed\/uqlUnayFLlY?feature=oembed\" frameborder=\"0\" allow=\"accelerometer; autoplay; clipboard-write; encrypted-media; gyroscope; picture-in-picture; web-share\" referrerpolicy=\"strict-origin-when-cross-origin\" allowfullscreen><\/iframe>\n<\/div><\/figure>\n\n\n\n<h2 class=\"wp-block-heading\">JIMMY &amp; RATS<\/h2>\n\n\n\n<p>A banda JIMMY &amp; RATS, que tem em sua forma\u00e7\u00e3o Jimmy London, vocalista da banda Matanza Ritual, lan\u00e7a o seu mais novo EP, &#8220;Hecho en Casa&#8221;, pela Mar\u00e3 M\u00fasica. O trabalho, com tr\u00eas faixas in\u00e9ditas, marca uma nova fase na jornada musical do grupo, e foi gravado no pr\u00f3prio est\u00fadio de ensaio da banda, localizado na casa do multi-instrumentista Fernando Oliveira. Esse ambiente caseiro proporcionou uma atmosfera \u00fanica e acolhedora para a cria\u00e7\u00e3o deste projeto, refletindo o nome escolhido para o EP.<\/p>\n\n\n\n<figure class=\"wp-block-embed is-type-rich is-provider-spotify wp-block-embed-spotify wp-embed-aspect-21-9 wp-has-aspect-ratio\"><div class=\"wp-block-embed__wrapper\">\n<iframe title=\"Spotify Embed: Hecho En Casa\" style=\"border-radius: 12px\" width=\"100%\" height=\"352\" frameborder=\"0\" allowfullscreen allow=\"autoplay; clipboard-write; encrypted-media; fullscreen; picture-in-picture\" loading=\"lazy\" src=\"https:\/\/open.spotify.com\/embed\/album\/3sqSJTUhabB5ydheU1ns3a?utm_source=oembed\"><\/iframe>\n<\/div><\/figure>\n\n\n\n<h2 class=\"wp-block-heading\">MIM<\/h2>\n\n\n\n<p>A banda MIM lan\u00e7a o seu mais novo single, &#8220;Sol Bemol&#8221;, pela Mar\u00e3 M\u00fasica. A faixa, gravada em espanhol, explora a dicotomia entre trabalho e arte. &#8220;Sol Bemol&#8221; foi gravada no renomado est\u00fadio Midas Music e tem produ\u00e7\u00e3o musical de Fernando Prado. A banda MIM \u00e9 conhecida por sua inova\u00e7\u00e3o e autenticidade no cen\u00e1rio pop rock em espanhol.<\/p>\n\n\n\n<figure class=\"wp-block-embed is-type-rich is-provider-spotify wp-block-embed-spotify wp-embed-aspect-21-9 wp-has-aspect-ratio\"><div class=\"wp-block-embed__wrapper\">\n<iframe title=\"Spotify Embed: Sol Bemol\" style=\"border-radius: 12px\" width=\"100%\" height=\"152\" frameborder=\"0\" allowfullscreen allow=\"autoplay; clipboard-write; encrypted-media; fullscreen; picture-in-picture\" loading=\"lazy\" src=\"https:\/\/open.spotify.com\/embed\/track\/7lFxwz08ydUvDvpqSUYYXA?utm_source=oembed\"><\/iframe>\n<\/div><\/figure>\n\n\n\n<h2 class=\"wp-block-heading\">Matheus &amp; Kauan e Maiara &amp; Maraisa<\/h2>\n\n\n\n<p>Quando duas duplas consagradas se juntam, j\u00e1 podemos esperar hit. Matheus &amp; Kauan e as g\u00eameas Maiara &amp; Maraisa apresentam ao p\u00fablico o single \u201cN\u00e3o Sei Se T\u00f4 Solteiro\u201d. A uni\u00e3o dos sertanejos promete buscar uma nova sonoridade aos ouvintes. Com o lan\u00e7amento agendado para a pr\u00f3xima quinta-feira, 11 de abril, \u00e0s 21h, a m\u00fasica vem acompanhada de um videoclipe exclusivo, gravado na label Praiou, em S\u00e3o Paulo, em novembro do \u00faltimo ano.<\/p>\n\n\n\n<figure class=\"wp-block-embed is-type-video is-provider-youtube wp-block-embed-youtube wp-embed-aspect-4-3 wp-has-aspect-ratio\"><div class=\"wp-block-embed__wrapper\">\n<iframe loading=\"lazy\" title=\"N\u00e3o Sei Se T\u00f4 Solteiro (Ao Vivo)\" width=\"880\" height=\"660\" src=\"https:\/\/www.youtube.com\/embed\/gk5u3nxAn4A?feature=oembed\" frameborder=\"0\" allow=\"accelerometer; autoplay; clipboard-write; encrypted-media; gyroscope; picture-in-picture; web-share\" referrerpolicy=\"strict-origin-when-cross-origin\" allowfullscreen><\/iframe>\n<\/div><\/figure>\n\n\n\n<h2 class=\"wp-block-heading\">Z\u00e9 Neto e Cristiano<\/h2>\n\n\n\n<p>Z\u00e9 Neto &amp; Cristiano lan\u00e7am single &#8220;Deu Moral&#8221; nesta quinta-feira, 11 de abril. O single, que faz parte do DVD Intenso, \u00e9 a primeira faixa divulgada da dupla e que inicia os lan\u00e7amentos do DVD, que contou com grandes participa\u00e7\u00f5es, em um palco 360\u00b0 que ia de ponta a ponta, ocupando toda a casa de shows. A partir de sexta-feira, 12 de abril, o p\u00fablico poder\u00e1 conferir o resultado do videoclipe, no YouTube.<\/p>\n\n\n\n<figure class=\"wp-block-embed is-type-video is-provider-youtube wp-block-embed-youtube wp-embed-aspect-4-3 wp-has-aspect-ratio\"><div class=\"wp-block-embed__wrapper\">\n<iframe loading=\"lazy\" title=\"Deu Moral (Ao Vivo)\" width=\"880\" height=\"660\" src=\"https:\/\/www.youtube.com\/embed\/RbTfDNyZApU?feature=oembed\" frameborder=\"0\" allow=\"accelerometer; autoplay; clipboard-write; encrypted-media; gyroscope; picture-in-picture; web-share\" referrerpolicy=\"strict-origin-when-cross-origin\" allowfullscreen><\/iframe>\n<\/div><\/figure>\n\n\n\n<h2 class=\"wp-block-heading\">Fernando e Sorocaba<\/h2>\n\n\n\n<p>Nesta quinta-feira (11), Fernando &amp; Sorocaba lan\u00e7am o primeiro projeto de uma sequ\u00eancia que ir\u00e1 mostrar os dois mundos da dupla de uma forma jamais vista. \u201cFernando &amp; Sorocaba Na Pescaria\u201d, o escolhido para iniciar os trabalhos, foi registrado em mar\u00e7o, na cidade de Pilar do Sul, interior de S\u00e3o Paulo. Com uma represa de fundo e trazendo Fernando como primeira voz, o projeto une duas grandes paix\u00f5es do cantor &#8211; m\u00fasica sertaneja e pesca esportiva \u2013 em um novo \u00e1lbum, que traz no repert\u00f3rio 15 faixas, dentre elas 13 regrava\u00e7\u00f5es de mod\u00f5es e 2 in\u00e9ditas.<\/p>\n\n\n\n<figure class=\"wp-block-embed is-type-rich is-provider-spotify wp-block-embed-spotify wp-embed-aspect-21-9 wp-has-aspect-ratio\"><div class=\"wp-block-embed__wrapper\">\n<iframe title=\"Spotify Embed: Na Pescaria (Ao Vivo)\" style=\"border-radius: 12px\" width=\"100%\" height=\"352\" frameborder=\"0\" allowfullscreen allow=\"autoplay; clipboard-write; encrypted-media; fullscreen; picture-in-picture\" loading=\"lazy\" src=\"https:\/\/open.spotify.com\/embed\/album\/0AQQPtrEvflopDSYvkWo5Q?utm_source=oembed\"><\/iframe>\n<\/div><\/figure>\n\n\n\n<h2 class=\"wp-block-heading\">Leal e Nog<\/h2>\n\n\n\n<p>Dois nomes consagrados do rap nacional reunidos em um boombap cl\u00e1ssico. Esses s\u00e3o os elementos que fazem parte de &#8220;Larar\u00e1&#8221;, single in\u00e9dito de Leal, em parceria com Nog, que estreia nesta sexta-feira (12\/4). Com produ\u00e7\u00e3o musical de Ciro Daniel, a faixa j\u00e1 est\u00e1 dispon\u00edvel nas plataformas digitais e ganha videoclipe no canal do artista no YouTube. Em &#8220;Larar\u00e1&#8221;, Leal e Nog unem suas qualidades l\u00edricas em um verdadeiro &#8220;papo reto&#8221; para as novas gera\u00e7\u00f5es de rappers. Em seus versos, os artistas utilizam das experi\u00eancias no mercado musical para trazer algumas reflex\u00f5es sobre uma cena em que muitos acabam seperdendo em busca da fama. Tudo isso em cima dos beats de um boombap cl\u00e1ssico &#8211; vertente que os consagrou em suas trajet\u00f3rias de destaque ao lado do PrimeiraMente e Costa Gold, respectivamente.<\/p>\n\n\n\n<figure class=\"wp-block-embed is-type-rich is-provider-spotify wp-block-embed-spotify wp-embed-aspect-21-9 wp-has-aspect-ratio\"><div class=\"wp-block-embed__wrapper\">\n<iframe title=\"Spotify Embed: LARAR\u00c1\" style=\"border-radius: 12px\" width=\"100%\" height=\"352\" frameborder=\"0\" allowfullscreen allow=\"autoplay; clipboard-write; encrypted-media; fullscreen; picture-in-picture\" loading=\"lazy\" src=\"https:\/\/open.spotify.com\/embed\/album\/4ldhzypS6POi4buhoZC2iS?utm_source=oembed\"><\/iframe>\n<\/div><\/figure>\n\n\n\n<h2 class=\"wp-block-heading\">Sotam, Enzo Cello e Kweller<\/h2>\n\n\n\n<p>Donos de hits nacionais, Sotam, Enzo Cello e Kweller se juntam em um \u00fanico projeto pela primeira vez: &#8220;TR\u00caS2&#8221;. O trabalho colaborativo que promete contar com disco, mini document\u00e1rio, shows e muito mais, ganha cap\u00edtulo inicial nesta sexta-feira (12\/4), com o lan\u00e7amento do videoclipe da faixa \u201cSelvagem\u201d.<\/p>\n\n\n\n<figure class=\"wp-block-embed is-type-video is-provider-youtube wp-block-embed-youtube wp-embed-aspect-4-3 wp-has-aspect-ratio\"><div class=\"wp-block-embed__wrapper\">\n<iframe loading=\"lazy\" title=\"selvagem\" width=\"880\" height=\"660\" src=\"https:\/\/www.youtube.com\/embed\/u7zoHRzyyJc?feature=oembed\" frameborder=\"0\" allow=\"accelerometer; autoplay; clipboard-write; encrypted-media; gyroscope; picture-in-picture; web-share\" referrerpolicy=\"strict-origin-when-cross-origin\" allowfullscreen><\/iframe>\n<\/div><\/figure>\n\n\n\n<h2 class=\"wp-block-heading\">Kayode<\/h2>\n\n\n\n<p>Musicalidade, diversidade e empoderamento marcaram o \u00e1lbum &#8220;Flow da Pele&#8221;. Agora, o rapper Kayode amplia o universo musical do premiado disco em uma vers\u00e3o deluxe, com can\u00e7\u00f5es in\u00e9ditas, participa\u00e7\u00f5es de peso e um projeto visual que promete se tornar tend\u00eancia no mercado audiovisual. &#8220;Flow da Pele (Deluxe)&#8221; entra nas plataformas digitais na r\u00f3xima sexta-feira (12\/4).<\/p>\n\n\n\n<figure class=\"wp-block-embed is-type-rich is-provider-spotify wp-block-embed-spotify wp-embed-aspect-21-9 wp-has-aspect-ratio\"><div class=\"wp-block-embed__wrapper\">\n<iframe title=\"Spotify Embed: Flow da Pele (Deluxe)\" style=\"border-radius: 12px\" width=\"100%\" height=\"352\" frameborder=\"0\" allowfullscreen allow=\"autoplay; clipboard-write; encrypted-media; fullscreen; picture-in-picture\" loading=\"lazy\" src=\"https:\/\/open.spotify.com\/embed\/album\/1IhPTUYO0NgmwTUz3qEwXZ?utm_source=oembed\"><\/iframe>\n<\/div><\/figure>\n\n\n\n<h2 class=\"wp-block-heading\">Juz\u00e9<\/h2>\n\n\n\n<p>Combinando melodia e letra que tocam o cora\u00e7\u00e3o, Juz\u00e9 nos leva a uma reflex\u00e3o sobre amor \u00e0 dist\u00e2ncia e a saudade avassaladora. \u201cSaudade de voc\u00ea\u201d, novo single do artista, chega \u00e0s plataformas de \u00e1udio no primeiro minuto desta sexta-feira, (12). A novidade musical ganha vida perto da estreia da nova novela das 18h da Rede Globo, \u201cNo Rancho Fundo\u201d, que marca a volta do artista \u00e0s telas da maior emissora do pa\u00eds. Com sucesso de seu personagem na novela \u201cMar do Sert\u00e3o\u201d, ele foi convidado a encarnar novamente Totonho para alegria do p\u00fablico fazendo o encerramento de todos os cap\u00edtulos da trama com um resumo em forma de arte.<\/p>\n\n\n\n<p><\/p>\n\n\n\n<figure class=\"wp-block-embed is-type-rich is-provider-spotify wp-block-embed-spotify wp-embed-aspect-21-9 wp-has-aspect-ratio\"><div class=\"wp-block-embed__wrapper\">\n<iframe title=\"Spotify Embed: Saudade de Voc\u00ea\" style=\"border-radius: 12px\" width=\"100%\" height=\"152\" frameborder=\"0\" allowfullscreen allow=\"autoplay; clipboard-write; encrypted-media; fullscreen; picture-in-picture\" loading=\"lazy\" src=\"https:\/\/open.spotify.com\/embed\/track\/7pbthOYJaHluS3SKyKhkJl?utm_source=oembed\"><\/iframe>\n<\/div><\/figure>\n\n\n\n<h2 class=\"wp-block-heading\">Marco Baptista<\/h2>\n\n\n\n<p>Compositor e rom\u00e2ntico incorrig\u00edvel, Marco Baptista prepara o lan\u00e7amento de \u201cTudo Que Eu Fa\u00e7o\u201d, seu novo single, para esta quinta-feira (11), a partir das 21h. A faixa narra as del\u00edcias de um amor tranquilo e duradouro. Mais uma vez, o novo som do fluminense vem com a assinatura de qualidade do selo No Santo Som, em parceria com a Universal Music. \u201cNosso amor n\u00e3o se esconde \/ E tem tanta for\u00e7a \/ N\u00e3o acaba mais\u201d, cantam os versos da can\u00e7\u00e3o. A composi\u00e7\u00e3o \u00e9 assinada pelo pr\u00f3prio cantor, que aqui evoca o tipo de romance que \u00e9 resiliente, poderoso e leve ao mesmo. \u00c9 um amor suave, que faz bem. \u201cSabe quando parece que a gente ama uma pessoa mais e mais a cada dia que passa?\u201d, ele reflete. \u201cFoi exatamente isso que senti e decidi escrever sobre, pra externar esse sentimento\u201d.<\/p>\n\n\n\n<figure class=\"wp-block-embed is-type-video is-provider-youtube wp-block-embed-youtube wp-embed-aspect-4-3 wp-has-aspect-ratio\"><div class=\"wp-block-embed__wrapper\">\n<iframe loading=\"lazy\" title=\"Tudo Que Eu Fa\u00e7o\" width=\"880\" height=\"660\" src=\"https:\/\/www.youtube.com\/embed\/hLci3MhmbUE?feature=oembed\" frameborder=\"0\" allow=\"accelerometer; autoplay; clipboard-write; encrypted-media; gyroscope; picture-in-picture; web-share\" referrerpolicy=\"strict-origin-when-cross-origin\" allowfullscreen><\/iframe>\n<\/div><\/figure>\n\n\n\n<h2 class=\"wp-block-heading\">Jo\u00e3o Gustavo &amp; Murilo<\/h2>\n\n\n\n<p>Ap\u00f3s dois meses desde a sua grava\u00e7\u00e3o, o primeiro lan\u00e7amento de \u201cBora Jo\u00e3o Gustavo, Vai Murilo\u201d tem data de lan\u00e7amento: a partir da meia-noite desta sexta-feira (12), o volume 1 do DVD de Jo\u00e3o Gustavo &amp; Murilo fica dispon\u00edvel nas plataformas de \u00e1udio. O EP chega com quatro faixas, sendo elas: a autoral \u201cDoido Pra Falar\u201d, a in\u00e9dita \u201cOrgulhosos\u201d, o medley \u201cLen\u00e7ol Dobrado\/ A Casa Mais Feliz Da Rua\/ Fecha o Porta Mala\u201d e a t\u00e3o aguardada parceria com Clayton &amp; Rom\u00e1rio, \u201cSaudade Que Bate\u201d.<\/p>\n\n\n\n<figure class=\"wp-block-embed is-type-rich is-provider-spotify wp-block-embed-spotify wp-embed-aspect-21-9 wp-has-aspect-ratio\"><div class=\"wp-block-embed__wrapper\">\n<iframe title=\"Spotify Embed: Bora Jo\u00e3o Gustavo, Vai Murilo!\" style=\"border-radius: 12px\" width=\"100%\" height=\"352\" frameborder=\"0\" allowfullscreen allow=\"autoplay; clipboard-write; encrypted-media; fullscreen; picture-in-picture\" loading=\"lazy\" src=\"https:\/\/open.spotify.com\/embed\/album\/73iZqGVyXCXOFyozNGqW5H?utm_source=oembed\"><\/iframe>\n<\/div><\/figure>\n\n\n\n<h2 class=\"wp-block-heading\">Rafa Laranja<\/h2>\n\n\n\n<p>Vem a\u00ed \u201cOlha Pra Gente\u201d, o mais novo single da pagodeira que est\u00e1 conquistando o Brasil. Ap\u00f3s o bem sucedido feat. com Mumuzinho em \u201cConsegue\u201d, Rafa Laranja d\u00e1 sequ\u00eancia \u00e0 s\u00e9rie de lan\u00e7amentos que culminar\u00e3o em seu EP in\u00e9dito. Como o t\u00edtulo sugere, o pagode tem um clima rom\u00e2ntico e aborda a rela\u00e7\u00e3o entre um casal que acredita que o amor a dois tem tudo pra dar certo. Embalada pela melodia leve e apaixonante, Rafa celebra seu relacionamento nos versos do refr\u00e3o.<\/p>\n\n\n\n<figure class=\"wp-block-embed is-type-rich is-provider-spotify wp-block-embed-spotify wp-embed-aspect-21-9 wp-has-aspect-ratio\"><div class=\"wp-block-embed__wrapper\">\n<iframe title=\"Spotify Embed: Olha Pra Gente\" style=\"border-radius: 12px\" width=\"100%\" height=\"152\" frameborder=\"0\" allowfullscreen allow=\"autoplay; clipboard-write; encrypted-media; fullscreen; picture-in-picture\" loading=\"lazy\" src=\"https:\/\/open.spotify.com\/embed\/track\/1Ovd5oIqRGt9I57kgPFLjd?utm_source=oembed\"><\/iframe>\n<\/div><\/figure>\n\n\n\n<h2 class=\"wp-block-heading\">Mais lan\u00e7amentos<\/h2>\n\n\n\n<p>Sia &#8211; <a href=\"https:\/\/open.spotify.com\/intl-pt\/track\/2jh0kJheW38ljJucWMoaG6\" target=\"_blank\" rel=\"noopener\">I Forgive You<\/a><br>Tinashe &#8211; <a href=\"https:\/\/portalpopmais.com.br\/en\/letra-e-traducao-nasty-tinashe\/\" data-type=\"post\" data-id=\"207118\">Nasty<\/a><br>Duda Beat &#8211; <a href=\"https:\/\/open.spotify.com\/intl-pt\/album\/6Qj13mDyBZod5IYTUbTLOp\" target=\"_blank\" rel=\"noopener\">Tara e Tal<\/a><br>WD &#8211; <a href=\"https:\/\/portalpopmais.com.br\/en\/wd-clipe-magnetico\/\" data-type=\"post\" data-id=\"206991\">Magn\u00e9tico<\/a><br>Marta Maria &#8211; <a href=\"https:\/\/portalpopmais.com.br\/en\/marta-maria-lanca-clipe-de-meio-dia-trazendo-participacao-especial-e-afetuosa-dos-fas-em-colagem-de-videos\/\">Meio Dia<\/a><br>Lil Nas X &#8211; <a href=\"https:\/\/portalpopmais.com.br\/en\/lil-nas-x-lanca-right-there-veja-letra-e-traducao\/\">Right There<\/a><\/p>\n\n\n\n<h2 class=\"wp-block-heading\">Indica\u00e7\u00f5es Groover<\/h2>\n\n\n\n<h3 class=\"wp-block-heading\">Plut\u00e3o J\u00e1 Foi Planeta<\/h3>\n\n\n\n<figure class=\"wp-block-embed is-type-video is-provider-youtube wp-block-embed-youtube wp-embed-aspect-16-9 wp-has-aspect-ratio\"><div class=\"wp-block-embed__wrapper\">\n<iframe loading=\"lazy\" title=\"Em Todo Canto - Plut\u00e3o J\u00e1 Foi Planeta\" width=\"880\" height=\"495\" src=\"https:\/\/www.youtube.com\/embed\/ZHZb2TjhpAg?feature=oembed\" frameborder=\"0\" allow=\"accelerometer; autoplay; clipboard-write; encrypted-media; gyroscope; picture-in-picture; web-share\" referrerpolicy=\"strict-origin-when-cross-origin\" allowfullscreen><\/iframe>\n<\/div><\/figure>\n\n\n\n<h3 class=\"wp-block-heading\">Formwandla<\/h3>\n\n\n\n<figure class=\"wp-block-embed is-type-video is-provider-youtube wp-block-embed-youtube wp-embed-aspect-4-3 wp-has-aspect-ratio\"><div class=\"wp-block-embed__wrapper\">\n<iframe loading=\"lazy\" title=\"Here and Now (Formwandla Remix)\" width=\"880\" height=\"660\" src=\"https:\/\/www.youtube.com\/embed\/l6wRLzXbV2E?feature=oembed\" frameborder=\"0\" allow=\"accelerometer; autoplay; clipboard-write; encrypted-media; gyroscope; picture-in-picture; web-share\" referrerpolicy=\"strict-origin-when-cross-origin\" allowfullscreen><\/iframe>\n<\/div><\/figure>\n\n\n\n<h3 class=\"wp-block-heading\">JOY<\/h3>\n\n\n\n<p>&#8220;Atr\u00e1s das Lentes&#8221; \u00e9 o single que abre o primeiro EP, de mesmo nome, da cantora JOY. Esse samba-bossa com elementos contempor\u00e2neos \u00e9 uma pr\u00e9via do que ser\u00e1 o projeto, com lan\u00e7amentos que seguir\u00e3o at\u00e9 final de junho. <\/p>\n\n\n\n<figure class=\"wp-block-embed is-type-video is-provider-youtube wp-block-embed-youtube wp-embed-aspect-16-9 wp-has-aspect-ratio\"><div class=\"wp-block-embed__wrapper\">\n<iframe loading=\"lazy\" title=\"Atr\u00e1s das Lentes - JOY (apenas imprensa)\" width=\"880\" height=\"495\" src=\"https:\/\/www.youtube.com\/embed\/Zl-v0fyaV68?feature=oembed\" frameborder=\"0\" allow=\"accelerometer; autoplay; clipboard-write; encrypted-media; gyroscope; picture-in-picture; web-share\" referrerpolicy=\"strict-origin-when-cross-origin\" allowfullscreen><\/iframe>\n<\/div><\/figure>\n\n\n\n<h3 class=\"wp-block-heading\">+ Groover<\/h3>\n\n\n\n<p>STEPHEN MARIANNE &#8211; <a href=\"https:\/\/soundcloud.com\/stephen-555253348\/never-ep-auto-prod\" target=\"_blank\" rel=\"noopener\">NEVER<\/a><br>Thalerg &#8211; <a href=\"https:\/\/open.spotify.com\/track\/6d9XSvM9moNC2rdLmPVwxz?si=_pDtAB7nRi6aO-5ZkBvJzw&amp;context=spotify%3Aalbum%3A2uN7c7J69UbtFakhXGefZl\" target=\"_blank\" rel=\"noopener\">Quien Podera Concertar<\/a><br>Magz &#8211; <a href=\"https:\/\/open.spotify.com\/track\/5O2n2Ci1UEGVCPme9yGK3H?si=2e49b010f68741b4\" target=\"_blank\" rel=\"noopener\">Disappoint Me<\/a><br>Jacob Chacko &#8211; <a href=\"https:\/\/jacobchacko2022.com\/music-albums\" target=\"_blank\" rel=\"noopener\">Feel Alive<\/a><br>Richard Andrews &#8211; <a href=\"https:\/\/youtu.be\/2ZTlJiPLMqY\" target=\"_blank\" rel=\"noopener\">A Field of Gold<\/a><br>MICALL &#8211; <a href=\"https:\/\/open.spotify.com\/track\/06ITHgCJz2RQalTNlfFgH3\" target=\"_blank\" rel=\"noopener\">The Noise<\/a><br>Ruff &#8211; <a href=\"https:\/\/open.spotify.com\/track\/5lNIPlKZSg8KDfJ3O4EzQ6\" target=\"_blank\" rel=\"noopener\">Jealous<\/a><br>Wesley Black &#8211; <a href=\"https:\/\/open.spotify.com\/track\/1IgoRebqghI2Wm9WEJ7pv3?si=ZjZVXqf_Qk6zG8vjkYHJSQ&amp;context=spotify%3Aalbum%3A4BK0cGThE1EWnGukGVWyYN\" target=\"_blank\" rel=\"noopener\">Fall For You<\/a><br>Dj Remo &#8211; <a href=\"https:\/\/youtu.be\/SHRFjgRa6mQ\" target=\"_blank\" rel=\"noopener\">Like a River<\/a><br>Se\u00dfler\/Zeeb &#8211; <a href=\"https:\/\/open.spotify.com\/intl-de\/track\/7EQuYoIoo7Hne5oLCEruoV\" target=\"_blank\" rel=\"noopener\">If No One<\/a><br>Gavin Harper &#8211; <a href=\"https:\/\/open.spotify.com\/track\/2wuz1PbfaVhLAqrsV2RTFQ\" target=\"_blank\" rel=\"noopener\">Undertow<\/a><\/p>","protected":false},"excerpt":{"rendered":"<p>O ano de 2024 segue bombando com lan\u00e7amentos, e uma semana pra l\u00e1 de especial para os f\u00e3s de m\u00fasica pop. Pabllo Vittar liberou seu novo \u00e1lbum, o volume 2 do projeto &#8216;Batid\u00e3o Tropical&#8217;, e \u00e9 o nosso destaque por aqui. Entre os lan\u00e7amentos pop ainda temos novo single de Dua Lipa, novo \u00e1lbum de [&hellip;]<\/p>\n","protected":false},"author":2,"featured_media":206897,"comment_status":"closed","ping_status":"open","sticky":false,"template":"","format":"standard","meta":{"footnotes":""},"categories":[2164],"tags":[263,7732,164],"class_list":["post-207076","post","type-post","status-publish","format-standard","has-post-thumbnail","hentry","category-lancamentos","tag-dua-lipa","tag-lancamentos","tag-pabllo-vittar"],"_links":{"self":[{"href":"https:\/\/portalpopmais.com.br\/en\/wp-json\/wp\/v2\/posts\/207076","targetHints":{"allow":["GET"]}}],"collection":[{"href":"https:\/\/portalpopmais.com.br\/en\/wp-json\/wp\/v2\/posts"}],"about":[{"href":"https:\/\/portalpopmais.com.br\/en\/wp-json\/wp\/v2\/types\/post"}],"author":[{"embeddable":true,"href":"https:\/\/portalpopmais.com.br\/en\/wp-json\/wp\/v2\/users\/2"}],"replies":[{"embeddable":true,"href":"https:\/\/portalpopmais.com.br\/en\/wp-json\/wp\/v2\/comments?post=207076"}],"version-history":[{"count":0,"href":"https:\/\/portalpopmais.com.br\/en\/wp-json\/wp\/v2\/posts\/207076\/revisions"}],"wp:featuredmedia":[{"embeddable":true,"href":"https:\/\/portalpopmais.com.br\/en\/wp-json\/wp\/v2\/media\/206897"}],"wp:attachment":[{"href":"https:\/\/portalpopmais.com.br\/en\/wp-json\/wp\/v2\/media?parent=207076"}],"wp:term":[{"taxonomy":"category","embeddable":true,"href":"https:\/\/portalpopmais.com.br\/en\/wp-json\/wp\/v2\/categories?post=207076"},{"taxonomy":"post_tag","embeddable":true,"href":"https:\/\/portalpopmais.com.br\/en\/wp-json\/wp\/v2\/tags?post=207076"}],"curies":[{"name":"wp","href":"https:\/\/api.w.org\/{rel}","templated":true}]}}