{"id":207688,"date":"2024-04-18T16:02:18","date_gmt":"2024-04-18T19:02:18","guid":{"rendered":"https:\/\/portalpopmais.com.br\/?p=207688"},"modified":"2024-04-18T16:24:30","modified_gmt":"2024-04-18T19:24:30","slug":"belo-e-gracyanne-barbosa-terminaram","status":"publish","type":"post","link":"https:\/\/portalpopmais.com.br\/en\/belo-e-gracyanne-barbosa-terminaram\/","title":{"rendered":"Belo e Gracyanne Barbosa terminam relacionamento ap\u00f3s 16 anos juntos, diz colunista"},"content":{"rendered":"<p><strong>Belo <\/strong>e<strong> <a href=\"https:\/\/portalpopmais.com.br\/en\/gracyanne-barbosa-anuncia-entrada-em-plataforma-de-conteudo-adulto\/\">Gracyanne<\/a><\/strong> n\u00e3o s\u00e3o mais um casal. \u00c9 o que afirma o colunista Lucas Pasin, do <a href=\"http:\/\/uol.com.br\" target=\"_blank\" rel=\"noopener\">UOL<\/a>. Os dois colocaram um ponto final na rela\u00e7\u00e3o h\u00e1 8 meses, mas ainda seguem vivendo na mesma casa.<\/p>\n\n\n\n<p>Segundo o colunista, Belo j\u00e1 se prepara a mudan\u00e7a para uma nova resid\u00eancia no bairro do Recreio, no Rio de Janeiro. Gracyanne continua morando com a irm\u00e3 e outros parentes na casa deles em um condom\u00ednio na Barra da Tijuca, Zona Oeste do Rio.<\/p>\n\n\n<div class=\"wp-block-image\">\n<figure class=\"aligncenter size-full\"><img loading=\"lazy\" decoding=\"async\" width=\"984\" height=\"919\" src=\"https:\/\/portalpopmais.com.br\/wp-content\/uploads\/2024\/04\/image-17.png\" alt=\"\" class=\"wp-image-207691\" title=\"\"><figcaption class=\"wp-element-caption\">Gracyanne Barbosa e Belo \u2014 Foto: Reprodu\u00e7\u00e3o\/Instagram<br><\/figcaption><\/figure>\n<\/div>\n\n\n<p>Ainda de acordo com Lucas Pasin, os dois j\u00e1 n\u00e3o usam h\u00e1 alguns meses alian\u00e7a.<\/p>","protected":false},"excerpt":{"rendered":"<p>Belo e Gracyanne n\u00e3o s\u00e3o mais um casal. \u00c9 o que afirma o colunista Lucas Pasin, do UOL. Os dois colocaram um ponto final na rela\u00e7\u00e3o h\u00e1 8 meses, mas ainda seguem vivendo na mesma casa. Segundo o colunista, Belo j\u00e1 se prepara a mudan\u00e7a para uma nova resid\u00eancia no bairro do Recreio, no Rio [&hellip;]<\/p>\n","protected":false},"author":1,"featured_media":112101,"comment_status":"closed","ping_status":"open","sticky":false,"template":"","format":"standard","meta":{"footnotes":""},"categories":[173],"tags":[565,10347],"class_list":["post-207688","post","type-post","status-publish","format-standard","has-post-thumbnail","hentry","category-celebridades","tag-belo","tag-gracyanne-barbosa"],"_links":{"self":[{"href":"https:\/\/portalpopmais.com.br\/en\/wp-json\/wp\/v2\/posts\/207688","targetHints":{"allow":["GET"]}}],"collection":[{"href":"https:\/\/portalpopmais.com.br\/en\/wp-json\/wp\/v2\/posts"}],"about":[{"href":"https:\/\/portalpopmais.com.br\/en\/wp-json\/wp\/v2\/types\/post"}],"author":[{"embeddable":true,"href":"https:\/\/portalpopmais.com.br\/en\/wp-json\/wp\/v2\/users\/1"}],"replies":[{"embeddable":true,"href":"https:\/\/portalpopmais.com.br\/en\/wp-json\/wp\/v2\/comments?post=207688"}],"version-history":[{"count":0,"href":"https:\/\/portalpopmais.com.br\/en\/wp-json\/wp\/v2\/posts\/207688\/revisions"}],"wp:featuredmedia":[{"embeddable":true,"href":"https:\/\/portalpopmais.com.br\/en\/wp-json\/wp\/v2\/media\/112101"}],"wp:attachment":[{"href":"https:\/\/portalpopmais.com.br\/en\/wp-json\/wp\/v2\/media?parent=207688"}],"wp:term":[{"taxonomy":"category","embeddable":true,"href":"https:\/\/portalpopmais.com.br\/en\/wp-json\/wp\/v2\/categories?post=207688"},{"taxonomy":"post_tag","embeddable":true,"href":"https:\/\/portalpopmais.com.br\/en\/wp-json\/wp\/v2\/tags?post=207688"}],"curies":[{"name":"wp","href":"https:\/\/api.w.org\/{rel}","templated":true}]}}