{"id":207967,"date":"2024-04-20T11:09:46","date_gmt":"2024-04-20T14:09:46","guid":{"rendered":"https:\/\/portalpopmais.com.br\/?p=207967"},"modified":"2024-04-20T11:09:53","modified_gmt":"2024-04-20T14:09:53","slug":"grupo-soweto-realiza-primeiro-show-da-turne-de-30-anos","status":"publish","type":"post","link":"https:\/\/portalpopmais.com.br\/en\/grupo-soweto-realiza-primeiro-show-da-turne-de-30-anos\/","title":{"rendered":"Grupo Soweto realiza primeiro show da turn\u00ea de 30 anos"},"content":{"rendered":"<p>A turn\u00ea <a href=\"http:\/\/portalpopmais.com.br\/en\/\" data-type=\"link\" data-id=\"portalpopmais.com.br\">\u201cSow3t0\u201d<\/a>, que comemora os 30 anos do grupo de pagode, come\u00e7ou nesta sexta-feira (19), no Allianz Parque em S\u00e3o Paulo. Mesmo abalado, <a href=\"http:\/\/portalpopmais.com.br\/en\/\" data-type=\"link\" data-id=\"portalpopmais.com.br\">Belo<\/a>, que teve a separa\u00e7\u00e3o anunciada nesta semana, subiu ao palco e deixou claro para os f\u00e3s que s\u00f3 estava ali presente pelo o amor que ele tem pelo o p\u00fablico. <\/p>\n\n\n\n<p>O retorno foi marcado pela emo\u00e7\u00e3o do pagodeiro Belo, que n\u00e3o segurou o choro durante a m\u00fasica <strong><a href=\"http:\/\/portalpopmais.com.br\/en\/\" data-type=\"link\" data-id=\"portalpopmais.com.br\">&#8220;Reinventar&#8221;<\/a><\/strong>; veja o v\u00eddeo abaixo. <\/p>\n\n\n\n<figure class=\"wp-block-embed is-type-rich is-provider-instagram wp-block-embed-instagram\"><div class=\"wp-block-embed__wrapper\">\nhttps:\/\/www.instagram.com\/p\/C590_6Us87b\/\n<\/div><\/figure>\n\n\n\n<p>Visivelmente abatido, o artista interagiu com os colegas de palco, com direito at\u00e9 algumas &#8216;dancinhas&#8217;. O p\u00fablico super abra\u00e7ou o grupo Soweto nesta noite super especial e nost\u00e1lgica. Durante a primeira apresenta\u00e7\u00e3o, o grupo entonou sucessos dos anos 90, como <strong>&#8221;Der\u00ea&#8221;<\/strong>, <strong>\u201cMomentos\u201d<\/strong>, <strong>\u201cFarol das Estrelas\u201d<\/strong>, <strong><a href=\"http:\/\/portalpopmais.com.br\/en\/\">\u201cTudo Fica Blue\u201d<\/a><\/strong> e <strong>\u201cTempo de Aprender\u201d<\/strong>.<\/p>\n\n\n\n<p>Foram feitas tamb\u00e9m homenagens a outros grupos cl\u00e1ssicos do pagode, como &#8216;\u201cEssa tal liberdade\u201d,&#8217;Ra\u00e7a Negra&#8217; e &#8216;Exaltasamba&#8217;. <\/p>\n\n\n\n<p>S\u00e3o Paulo recebe o segundo show da turn\u00ea, que acontecer\u00e1 no s\u00e1bado (20). Depois, o grupo segue pelo Brasil e passa por cidades como Recife, Rio de Janeiro, Salvador, Porto Alegre e Bras\u00edlia.<\/p>\n\n\n\n<p>Os ingressos para a turn\u00ea est\u00e3o \u00e0 venda e podem ser comprados no site da Bilheteria Digital. Est\u00e3o esgotadas apenas as entradas para as duas apresenta\u00e7\u00f5es do Soweto no Rio de Janeiro, que aconteceram na Pra\u00e7a da Apoteose, nos dias 4 e 5 de maio.<\/p>","protected":false},"excerpt":{"rendered":"<p>A turn\u00ea \u201cSow3t0\u201d, que comemora os 30 anos do grupo de pagode, come\u00e7ou nesta sexta-feira (19), no Allianz Parque em S\u00e3o Paulo. Mesmo abalado, Belo, que teve a separa\u00e7\u00e3o anunciada nesta semana, subiu ao palco e deixou claro para os f\u00e3s que s\u00f3 estava ali presente pelo o amor que ele tem pelo o p\u00fablico. [&hellip;]<\/p>\n","protected":false},"author":2,"featured_media":207978,"comment_status":"closed","ping_status":"open","sticky":false,"template":"","format":"standard","meta":{"footnotes":""},"categories":[2215,154],"tags":[4060,565,11035,10347,12379,1607,16408],"class_list":["post-207967","post","type-post","status-publish","format-standard","has-post-thumbnail","hentry","category-eventos","category-musica","tag-allianz-parque","tag-belo","tag-gracyanne","tag-gracyanne-barbosa","tag-pagode","tag-sao-paulo","tag-soweto"],"_links":{"self":[{"href":"https:\/\/portalpopmais.com.br\/en\/wp-json\/wp\/v2\/posts\/207967","targetHints":{"allow":["GET"]}}],"collection":[{"href":"https:\/\/portalpopmais.com.br\/en\/wp-json\/wp\/v2\/posts"}],"about":[{"href":"https:\/\/portalpopmais.com.br\/en\/wp-json\/wp\/v2\/types\/post"}],"author":[{"embeddable":true,"href":"https:\/\/portalpopmais.com.br\/en\/wp-json\/wp\/v2\/users\/2"}],"replies":[{"embeddable":true,"href":"https:\/\/portalpopmais.com.br\/en\/wp-json\/wp\/v2\/comments?post=207967"}],"version-history":[{"count":0,"href":"https:\/\/portalpopmais.com.br\/en\/wp-json\/wp\/v2\/posts\/207967\/revisions"}],"wp:featuredmedia":[{"embeddable":true,"href":"https:\/\/portalpopmais.com.br\/en\/wp-json\/wp\/v2\/media\/207978"}],"wp:attachment":[{"href":"https:\/\/portalpopmais.com.br\/en\/wp-json\/wp\/v2\/media?parent=207967"}],"wp:term":[{"taxonomy":"category","embeddable":true,"href":"https:\/\/portalpopmais.com.br\/en\/wp-json\/wp\/v2\/categories?post=207967"},{"taxonomy":"post_tag","embeddable":true,"href":"https:\/\/portalpopmais.com.br\/en\/wp-json\/wp\/v2\/tags?post=207967"}],"curies":[{"name":"wp","href":"https:\/\/api.w.org\/{rel}","templated":true}]}}