{"id":208135,"date":"2024-04-23T18:07:35","date_gmt":"2024-04-23T21:07:35","guid":{"rendered":"https:\/\/portalpopmais.com.br\/?p=208135"},"modified":"2024-04-23T18:07:58","modified_gmt":"2024-04-23T21:07:58","slug":"kylie-jenner-esta-gravida-de-timothee-chalamet-diz-rumor","status":"publish","type":"post","link":"https:\/\/portalpopmais.com.br\/en\/kylie-jenner-esta-gravida-de-timothee-chalamet-diz-rumor\/","title":{"rendered":"Kylie Jenner est\u00e1 gr\u00e1vida de Timoth\u00e9e Chalamet, diz rumor"},"content":{"rendered":"<p>A fam\u00edlia Kardashian virou um dos assuntos mais comentados nas redes sociais, nesta ter\u00e7a-feira (23). O motivo seria um rumor sobre Kylie Jenner: a empres\u00e1ria pode estar gr\u00e1vida de <strong><a href=\"https:\/\/portalpopmais.com.br\/en\/timothee-chalamet-sera-willy-wonka\/\" data-type=\"post\" data-id=\"83875\">Timoth\u00e9e Chalamet<\/a><\/strong> (&#8220;Duna&#8221;), com quem mant\u00e9m um relacionamento h\u00e1 alguns meses.<\/p>\n\n\n\n<p>As especula\u00e7\u00f5es come\u00e7aram porque Kylie apareceu no funeral da tia, Karen Houghton, com um moletom preto, oversized, e sem maquiagem, o que \u00e9 bem incomum para os eventos dos quais ela participa \u2014 at\u00e9 mesmo enterros. As demais Kardashians estavam, como sempre, produzidas. Tamb\u00e9m foi a primeira vez que Kylie apareceu na m\u00eddia depois de v\u00e1rias semanas reclusa.<\/p>\n\n\n\n<div class=\"wp-block-group\"><div class=\"wp-block-group__inner-container is-layout-constrained wp-block-group-is-layout-constrained\">\n<h2 class=\"wp-block-heading\">Veja mais<\/h2>\n\n\n<ul class=\"wp-block-latest-posts__list is-grid columns-3 aligncenter wp-block-latest-posts\"><li><div class=\"wp-block-latest-posts__featured-image aligncenter\"><a href=\"https:\/\/portalpopmais.com.br\/en\/luana-piovani-volta-a-alfinetar-virginia-nao-vou-sucumbir\/\" aria-label=\"Luana Piovani volta a alfinetar Virg\u00ednia: \u201cN\u00e3o vou sucumbir\u201d\"><img loading=\"lazy\" decoding=\"async\" width=\"768\" height=\"456\" src=\"https:\/\/portalpopmais.com.br\/wp-content\/uploads\/2026\/04\/virginia-20--768x456.jpg\" class=\"attachment-medium size-medium wp-post-image\" alt=\"virginia 20\" style=\"\" srcset=\"https:\/\/portalpopmais.com.br\/wp-content\/uploads\/2026\/04\/virginia-20--768x456.jpg 768w, https:\/\/portalpopmais.com.br\/wp-content\/uploads\/2026\/04\/virginia-20--18x12.jpg 18w\" sizes=\"auto, (max-width: 768px) 100vw, 768px\" title=\"\"><\/a><\/div><a class=\"wp-block-latest-posts__post-title\" href=\"https:\/\/portalpopmais.com.br\/en\/luana-piovani-volta-a-alfinetar-virginia-nao-vou-sucumbir\/\">Luana Piovani volta a alfinetar Virg\u00ednia: \u201cN\u00e3o vou sucumbir\u201d<\/a><\/li>\n<li><div class=\"wp-block-latest-posts__featured-image aligncenter\"><a href=\"https:\/\/portalpopmais.com.br\/en\/letra-de-simplesmente-acontece-pericles-e-ana-castela\/\" aria-label=\"Letra de &#8220;Simplesmente Acontece&#8221;- P\u00e9ricles e Ana Castela\"><img loading=\"lazy\" decoding=\"async\" width=\"768\" height=\"456\" src=\"https:\/\/portalpopmais.com.br\/wp-content\/uploads\/2026\/04\/pericles-e-ana-castea-768x456.png\" class=\"attachment-medium size-medium wp-post-image\" alt=\"pericles e ana castea\" style=\"\" srcset=\"https:\/\/portalpopmais.com.br\/wp-content\/uploads\/2026\/04\/pericles-e-ana-castea-768x456.png 768w, https:\/\/portalpopmais.com.br\/wp-content\/uploads\/2026\/04\/pericles-e-ana-castea-1170x694.png 1170w, https:\/\/portalpopmais.com.br\/wp-content\/uploads\/2026\/04\/pericles-e-ana-castea-18x12.png 18w\" sizes=\"auto, (max-width: 768px) 100vw, 768px\" title=\"\"><\/a><\/div><a class=\"wp-block-latest-posts__post-title\" href=\"https:\/\/portalpopmais.com.br\/en\/letra-de-simplesmente-acontece-pericles-e-ana-castela\/\">Letra de &#8220;Simplesmente Acontece&#8221;- P\u00e9ricles e Ana Castela<\/a><\/li>\n<li><div class=\"wp-block-latest-posts__featured-image aligncenter\"><a href=\"https:\/\/portalpopmais.com.br\/en\/familia-de-bruce-willis-planeja-doar-cerebro-do-ator-para-impulsionar-pesquisas-sobre-demencia\/\" aria-label=\"Fam\u00edlia de Bruce Willis planeja doar c\u00e9rebro do ator para impulsionar pesquisas sobre dem\u00eancia\"><img loading=\"lazy\" decoding=\"async\" width=\"768\" height=\"456\" src=\"https:\/\/portalpopmais.com.br\/wp-content\/uploads\/2025\/07\/Bruce-Willis-Ator-Morre-768x456.jpeg\" class=\"attachment-medium size-medium wp-post-image\" alt=\"\" style=\"\" title=\"\"><\/a><\/div><a class=\"wp-block-latest-posts__post-title\" href=\"https:\/\/portalpopmais.com.br\/en\/familia-de-bruce-willis-planeja-doar-cerebro-do-ator-para-impulsionar-pesquisas-sobre-demencia\/\">Fam\u00edlia de Bruce Willis planeja doar c\u00e9rebro do ator para impulsionar pesquisas sobre dem\u00eancia<\/a><\/li>\n<li><div class=\"wp-block-latest-posts__featured-image aligncenter\"><a href=\"https:\/\/portalpopmais.com.br\/en\/luiza-ambiel-desabafa-apos-internacao-de-urgencia-fui-intubada\/\" aria-label=\"Luiza Ambiel desabafa ap\u00f3s interna\u00e7\u00e3o de urg\u00eancia: \u201cFui intubada\u201d\"><img loading=\"lazy\" decoding=\"async\" width=\"768\" height=\"456\" src=\"https:\/\/portalpopmais.com.br\/wp-content\/uploads\/2026\/04\/luiza-ambiel-usou-as-redes-sociais-para-atualizar-o-estado-de-saude-apos-internacao-as-pressas-768x456.webp\" class=\"attachment-medium size-medium wp-post-image\" alt=\"luiza ambiel usou as redes sociais para atualizar o estado de saude apos internacao as pressas\" style=\"\" srcset=\"https:\/\/portalpopmais.com.br\/wp-content\/uploads\/2026\/04\/luiza-ambiel-usou-as-redes-sociais-para-atualizar-o-estado-de-saude-apos-internacao-as-pressas-768x456.webp 768w, https:\/\/portalpopmais.com.br\/wp-content\/uploads\/2026\/04\/luiza-ambiel-usou-as-redes-sociais-para-atualizar-o-estado-de-saude-apos-internacao-as-pressas-18x12.webp 18w\" sizes=\"auto, (max-width: 768px) 100vw, 768px\" title=\"\"><\/a><\/div><a class=\"wp-block-latest-posts__post-title\" href=\"https:\/\/portalpopmais.com.br\/en\/luiza-ambiel-desabafa-apos-internacao-de-urgencia-fui-intubada\/\">Luiza Ambiel desabafa ap\u00f3s interna\u00e7\u00e3o de urg\u00eancia: \u201cFui intubada\u201d<\/a><\/li>\n<li><div class=\"wp-block-latest-posts__featured-image aligncenter\"><a href=\"https:\/\/portalpopmais.com.br\/en\/apos-ser-marmita-de-casal-lil-nas-x-defenda-a-monogamia\/\" aria-label=\"Ap\u00f3s ser &#8216;marmita&#8217; de casal, Lil Nas X defende a monogamia\"><img loading=\"lazy\" decoding=\"async\" width=\"768\" height=\"456\" src=\"https:\/\/portalpopmais.com.br\/wp-content\/uploads\/2025\/08\/lil-nas-x-768x456.jpg\" class=\"attachment-medium size-medium wp-post-image\" alt=\"\" style=\"\" srcset=\"https:\/\/portalpopmais.com.br\/wp-content\/uploads\/2025\/08\/lil-nas-x-768x456.jpg 768w, https:\/\/portalpopmais.com.br\/wp-content\/uploads\/2025\/08\/lil-nas-x-18x10.jpg 18w\" sizes=\"auto, (max-width: 768px) 100vw, 768px\" title=\"\"><\/a><\/div><a class=\"wp-block-latest-posts__post-title\" href=\"https:\/\/portalpopmais.com.br\/en\/apos-ser-marmita-de-casal-lil-nas-x-defenda-a-monogamia\/\">Ap\u00f3s ser &#8216;marmita&#8217; de casal, Lil Nas X defende a monogamia<\/a><\/li>\n<li><div class=\"wp-block-latest-posts__featured-image aligncenter\"><a href=\"https:\/\/portalpopmais.com.br\/en\/marquito-recebe-alta-apos-dois-meses-de-internacao-e-inicia-reabilitacao\/\" aria-label=\"Marquito recebe alta ap\u00f3s dois meses de interna\u00e7\u00e3o e inicia reabilita\u00e7\u00e3o\"><img loading=\"lazy\" decoding=\"async\" width=\"768\" height=\"456\" src=\"https:\/\/portalpopmais.com.br\/wp-content\/uploads\/2026\/03\/marquito-768x456.webp\" class=\"attachment-medium size-medium wp-post-image\" alt=\"Marquito tem estado de sa\u00fade atualizado ap\u00f3s passar por cirurgia \/ Reprodu\u00e7\u00e3o: Instagram\" style=\"\" srcset=\"https:\/\/portalpopmais.com.br\/wp-content\/uploads\/2026\/03\/marquito-768x456.webp 768w, https:\/\/portalpopmais.com.br\/wp-content\/uploads\/2026\/03\/marquito-1170x694.webp 1170w, https:\/\/portalpopmais.com.br\/wp-content\/uploads\/2026\/03\/marquito-18x10.webp 18w\" sizes=\"auto, (max-width: 768px) 100vw, 768px\" title=\"\"><\/a><\/div><a class=\"wp-block-latest-posts__post-title\" href=\"https:\/\/portalpopmais.com.br\/en\/marquito-recebe-alta-apos-dois-meses-de-internacao-e-inicia-reabilitacao\/\">Marquito recebe alta ap\u00f3s dois meses de interna\u00e7\u00e3o e inicia reabilita\u00e7\u00e3o<\/a><\/li>\n<\/ul><\/div><\/div>\n\n\n\n<p>Para al\u00e9m da foto, que levantou as suspeitas dos f\u00e3s, o rumor ganhou mais for\u00e7as ap\u00f3s declara\u00e7\u00f5es do comediante Daniel Tosh, em seu podcast. &#8220;Tento evitar isso, mas eu estava conversando com esse cara em uma merceria e disse &#8216;Por que voc\u00eas estavam fechados ontem?&#8217;. Ele disse: &#8216;bem, eu n\u00e3o deveria comentar sobre isso, mas &#8216;Keeping Up With the Kardashians&#8217;, o reality show, teve sua \u00faltima temporada filmada aqui, ontem&#8221;, disse ele.<\/p>\n\n\n\n<p>Em seguida, ele declarou que sabia como terminaria a temporada final do programa. &#8220;Esse dono aleat\u00f3rio da mercearia me disse que elas alugaram a loja inteira, fecharam e, ent\u00e3o, agiram como se estivesse fazendo compras. Esta foi a cena que, aparentemente, aconteceu: Kylie revela que est\u00e1 gr\u00e1vida de um filho de Timoth\u00e9e Chalamet. Que bomba!&#8221;, completou.<\/p>\n\n\n\n<p>A suspeita da gravidez n\u00e3o foi confirmada pela cantora ou correlatos da <a href=\"http:\/\/twitter.com\/sitepopmias\" target=\"_blank\" rel=\"noopener\">fam\u00edlia<\/a>.<\/p>\n\n\n\n<figure class=\"wp-block-embed is-type-rich is-provider-twitter wp-block-embed-twitter\"><div class=\"wp-block-embed__wrapper\">\nhttps:\/\/twitter.com\/kardashibrasil\/status\/1781700825473049065\n<\/div><\/figure>","protected":false},"excerpt":{"rendered":"<p>A fam\u00edlia Kardashian virou um dos assuntos mais comentados nas redes sociais, nesta ter\u00e7a-feira (23). O motivo seria um rumor sobre Kylie Jenner: a empres\u00e1ria pode estar gr\u00e1vida de Timoth\u00e9e Chalamet (&#8220;Duna&#8221;), com quem mant\u00e9m um relacionamento h\u00e1 alguns meses. As especula\u00e7\u00f5es come\u00e7aram porque Kylie apareceu no funeral da tia, Karen Houghton, com um moletom [&hellip;]<\/p>\n","protected":false},"author":2,"featured_media":208137,"comment_status":"closed","ping_status":"open","sticky":false,"template":"","format":"standard","meta":{"footnotes":""},"categories":[173],"tags":[876,8675],"class_list":["post-208135","post","type-post","status-publish","format-standard","has-post-thumbnail","hentry","category-celebridades","tag-kylie-jenner","tag-timothee-chalamet"],"_links":{"self":[{"href":"https:\/\/portalpopmais.com.br\/en\/wp-json\/wp\/v2\/posts\/208135","targetHints":{"allow":["GET"]}}],"collection":[{"href":"https:\/\/portalpopmais.com.br\/en\/wp-json\/wp\/v2\/posts"}],"about":[{"href":"https:\/\/portalpopmais.com.br\/en\/wp-json\/wp\/v2\/types\/post"}],"author":[{"embeddable":true,"href":"https:\/\/portalpopmais.com.br\/en\/wp-json\/wp\/v2\/users\/2"}],"replies":[{"embeddable":true,"href":"https:\/\/portalpopmais.com.br\/en\/wp-json\/wp\/v2\/comments?post=208135"}],"version-history":[{"count":0,"href":"https:\/\/portalpopmais.com.br\/en\/wp-json\/wp\/v2\/posts\/208135\/revisions"}],"wp:featuredmedia":[{"embeddable":true,"href":"https:\/\/portalpopmais.com.br\/en\/wp-json\/wp\/v2\/media\/208137"}],"wp:attachment":[{"href":"https:\/\/portalpopmais.com.br\/en\/wp-json\/wp\/v2\/media?parent=208135"}],"wp:term":[{"taxonomy":"category","embeddable":true,"href":"https:\/\/portalpopmais.com.br\/en\/wp-json\/wp\/v2\/categories?post=208135"},{"taxonomy":"post_tag","embeddable":true,"href":"https:\/\/portalpopmais.com.br\/en\/wp-json\/wp\/v2\/tags?post=208135"}],"curies":[{"name":"wp","href":"https:\/\/api.w.org\/{rel}","templated":true}]}}