{"id":208152,"date":"2024-04-24T07:21:00","date_gmt":"2024-04-24T10:21:00","guid":{"rendered":"https:\/\/portalpopmais.com.br\/?p=208152"},"modified":"2024-04-24T07:21:10","modified_gmt":"2024-04-24T10:21:10","slug":"agitou-ex-bbb-paulo-andre-posta-video-treinando-de-cueca-e-deixa-fas-euforicos-veja","status":"publish","type":"post","link":"https:\/\/portalpopmais.com.br\/en\/agitou-ex-bbb-paulo-andre-posta-video-treinando-de-cueca-e-deixa-fas-euforicos-veja\/","title":{"rendered":"Agitou! Ex-BBB Paulo Andr\u00e9 posta v\u00eddeo treinando de cueca e deixa f\u00e3s euf\u00f3ricos; veja"},"content":{"rendered":"<p>O ex-BBB <strong><a href=\"https:\/\/portalpopmais.com.br\/en\/juntos-jade-picon-e-paulo-andre\/\" data-type=\"post\" data-id=\"166021\">Paulo Andr\u00e9<\/a><\/strong> deixou os internautas euf\u00f3ricos, ap\u00f3s compartilhar um v\u00eddeo onde aparece fazendo abdominais de cueca. O atleta ainda fez quest\u00e3o de exibir seu tanquinho.<\/p>\n\n\n\n<p>\u201cE ele virou o melhor blogueiro, amamos ver\u201d, comentou uma conta f\u00e3 dedicada ao atleta. \u201cQuando a pessoa sabe que \u00e9 linda, ela age assim\u201d, acrescentou outra seguidora. \u201cMeu Deus! Esse homem existe mesmo?\u201d, questionou outra.<\/p>\n\n\n\n<div class=\"wp-block-group\"><div class=\"wp-block-group__inner-container is-layout-constrained wp-block-group-is-layout-constrained\">\n<h2 class=\"wp-block-heading\">Veja mais<\/h2>\n\n\n<ul class=\"wp-block-latest-posts__list is-grid columns-3 aligncenter wp-block-latest-posts\"><li><div class=\"wp-block-latest-posts__featured-image aligncenter\"><a href=\"https:\/\/portalpopmais.com.br\/en\/pedro-novaes-ja-apareceu-nu-na-internet\/\" aria-label=\"Pedro Novaes j\u00e1 apareceu nu na internet\"><img loading=\"lazy\" decoding=\"async\" width=\"586\" height=\"456\" src=\"https:\/\/portalpopmais.com.br\/wp-content\/uploads\/2025\/02\/2020-08-18-pedro-novaes-586x456.jpg\" class=\"attachment-medium size-medium wp-post-image\" alt=\"\" style=\"\" title=\"\"><\/a><\/div><a class=\"wp-block-latest-posts__post-title\" href=\"https:\/\/portalpopmais.com.br\/en\/pedro-novaes-ja-apareceu-nu-na-internet\/\">Pedro Novaes j\u00e1 apareceu nu na internet<\/a><\/li>\n<li><div class=\"wp-block-latest-posts__featured-image aligncenter\"><a href=\"https:\/\/portalpopmais.com.br\/en\/luana-piovani-rebate-criticas-apos-polemica-com-virginia-fonseca-voces-criaram-esse-monstro-video\/\" aria-label=\"Ap\u00f3s embate com Virginia, Luana Piovani dispara: &#8220;Voc\u00eas criaram esse monstro&#8221;\"><img loading=\"lazy\" decoding=\"async\" width=\"768\" height=\"435\" src=\"https:\/\/portalpopmais.com.br\/wp-content\/uploads\/2025\/07\/luana-piovani-virginia-fonseca-look-neymar-768x435.webp\" class=\"attachment-medium size-medium wp-post-image\" alt=\"\" style=\"\" title=\"\"><\/a><\/div><a class=\"wp-block-latest-posts__post-title\" href=\"https:\/\/portalpopmais.com.br\/en\/luana-piovani-rebate-criticas-apos-polemica-com-virginia-fonseca-voces-criaram-esse-monstro-video\/\">Ap\u00f3s embate com Virginia, Luana Piovani dispara: &#8220;Voc\u00eas criaram esse monstro&#8221;<\/a><\/li>\n<li><div class=\"wp-block-latest-posts__featured-image aligncenter\"><a href=\"https:\/\/portalpopmais.com.br\/en\/britney-spears-e-vista-pela-primeira-vez-apos-internacao-em-clinica-de-reabilitacao\/\" aria-label=\"Britney Spears \u00e9 vista pela primeira vez ap\u00f3s interna\u00e7\u00e3o em cl\u00ednica de reabilita\u00e7\u00e3o\"><img loading=\"lazy\" decoding=\"async\" width=\"768\" height=\"456\" src=\"https:\/\/portalpopmais.com.br\/wp-content\/uploads\/2026\/03\/comprimidos-britney-spears-768x456.jpg\" class=\"attachment-medium size-medium wp-post-image\" alt=\"comprimidos britney spears\" style=\"\" srcset=\"https:\/\/portalpopmais.com.br\/wp-content\/uploads\/2026\/03\/comprimidos-britney-spears-768x456.jpg 768w, https:\/\/portalpopmais.com.br\/wp-content\/uploads\/2026\/03\/comprimidos-britney-spears-1170x694.jpg 1170w, https:\/\/portalpopmais.com.br\/wp-content\/uploads\/2026\/03\/comprimidos-britney-spears-18x12.jpg 18w\" sizes=\"auto, (max-width: 768px) 100vw, 768px\" title=\"\"><\/a><\/div><a class=\"wp-block-latest-posts__post-title\" href=\"https:\/\/portalpopmais.com.br\/en\/britney-spears-e-vista-pela-primeira-vez-apos-internacao-em-clinica-de-reabilitacao\/\">Britney Spears \u00e9 vista pela primeira vez ap\u00f3s interna\u00e7\u00e3o em cl\u00ednica de reabilita\u00e7\u00e3o<\/a><\/li>\n<li><div class=\"wp-block-latest-posts__featured-image aligncenter\"><a href=\"https:\/\/portalpopmais.com.br\/en\/poliana-rocha-fala-sobre-desavenca-entre-filhas-de-leonardo\/\" aria-label=\"Poliana Rocha fala sobre desaven\u00e7a entre filhas de Leonardo\"><img loading=\"lazy\" decoding=\"async\" width=\"768\" height=\"456\" src=\"https:\/\/portalpopmais.com.br\/wp-content\/uploads\/2025\/08\/poliana-rocha-2025-04-10-at-120000-768x456.jpeg\" class=\"attachment-medium size-medium wp-post-image\" alt=\"\" style=\"\" srcset=\"https:\/\/portalpopmais.com.br\/wp-content\/uploads\/2025\/08\/poliana-rocha-2025-04-10-at-120000-768x456.jpeg 768w, https:\/\/portalpopmais.com.br\/wp-content\/uploads\/2025\/08\/poliana-rocha-2025-04-10-at-120000-1170x694.jpeg 1170w, https:\/\/portalpopmais.com.br\/wp-content\/uploads\/2025\/08\/poliana-rocha-2025-04-10-at-120000-18x10.jpeg 18w\" sizes=\"auto, (max-width: 768px) 100vw, 768px\" title=\"\"><\/a><\/div><a class=\"wp-block-latest-posts__post-title\" href=\"https:\/\/portalpopmais.com.br\/en\/poliana-rocha-fala-sobre-desavenca-entre-filhas-de-leonardo\/\">Poliana Rocha fala sobre desaven\u00e7a entre filhas de Leonardo<\/a><\/li>\n<li><div class=\"wp-block-latest-posts__featured-image aligncenter\"><a href=\"https:\/\/portalpopmais.com.br\/en\/apresentadora-anuncia-diagnostico-de-cancer-ao-vivo-e-se-emociona-assista\/\" aria-label=\"Apresentadora anuncia diagn\u00f3stico de c\u00e2ncer ao vivo e se emociona; assista\"><img loading=\"lazy\" decoding=\"async\" width=\"768\" height=\"456\" src=\"https:\/\/portalpopmais.com.br\/wp-content\/uploads\/2026\/05\/apresentadora-anunica-cancer-ao-vivo-768x456.png\" class=\"attachment-medium size-medium wp-post-image\" alt=\"apresentadora anunica cancer ao vivo\" style=\"\" srcset=\"https:\/\/portalpopmais.com.br\/wp-content\/uploads\/2026\/05\/apresentadora-anunica-cancer-ao-vivo-768x456.png 768w, https:\/\/portalpopmais.com.br\/wp-content\/uploads\/2026\/05\/apresentadora-anunica-cancer-ao-vivo-18x12.png 18w\" sizes=\"auto, (max-width: 768px) 100vw, 768px\" title=\"\"><\/a><\/div><a class=\"wp-block-latest-posts__post-title\" href=\"https:\/\/portalpopmais.com.br\/en\/apresentadora-anuncia-diagnostico-de-cancer-ao-vivo-e-se-emociona-assista\/\">Apresentadora anuncia diagn\u00f3stico de c\u00e2ncer ao vivo e se emociona; assista<\/a><\/li>\n<li><div class=\"wp-block-latest-posts__featured-image aligncenter\"><a href=\"https:\/\/portalpopmais.com.br\/en\/ana-castela-adota-gato\/\" aria-label=\"Ana Castela ganha gatinho e diverte f\u00e3s com relatos nas redes sociais\"><img loading=\"lazy\" decoding=\"async\" width=\"768\" height=\"456\" src=\"https:\/\/portalpopmais.com.br\/wp-content\/uploads\/2026\/05\/ana-castela-adota-gato-768x456.png\" class=\"attachment-medium size-medium wp-post-image\" alt=\"ana castela adota gato\" style=\"\" srcset=\"https:\/\/portalpopmais.com.br\/wp-content\/uploads\/2026\/05\/ana-castela-adota-gato-768x456.png 768w, https:\/\/portalpopmais.com.br\/wp-content\/uploads\/2026\/05\/ana-castela-adota-gato-1170x694.png 1170w, https:\/\/portalpopmais.com.br\/wp-content\/uploads\/2026\/05\/ana-castela-adota-gato-18x12.png 18w\" sizes=\"auto, (max-width: 768px) 100vw, 768px\" title=\"\"><\/a><\/div><a class=\"wp-block-latest-posts__post-title\" href=\"https:\/\/portalpopmais.com.br\/en\/ana-castela-adota-gato\/\">Ana Castela ganha gatinho e diverte f\u00e3s com relatos nas redes sociais<\/a><\/li>\n<\/ul><\/div><\/div>\n\n\n\n<p>Assista ao v\u00eddeo abaixo:<\/p>\n\n\n\n<figure class=\"wp-block-embed is-type-rich is-provider-instagram wp-block-embed-instagram\"><div class=\"wp-block-embed__wrapper\">\nhttps:\/\/www.instagram.com\/p\/C6CxyhyJPQD\/\n<\/div><\/figure>","protected":false},"excerpt":{"rendered":"<p>O ex-BBB Paulo Andr\u00e9 deixou os internautas euf\u00f3ricos, ap\u00f3s compartilhar um v\u00eddeo onde aparece fazendo abdominais de cueca. O atleta ainda fez quest\u00e3o de exibir seu tanquinho. \u201cE ele virou o melhor blogueiro, amamos ver\u201d, comentou uma conta f\u00e3 dedicada ao atleta. \u201cQuando a pessoa sabe que \u00e9 linda, ela age assim\u201d, acrescentou outra seguidora. [&hellip;]<\/p>\n","protected":false},"author":2,"featured_media":208154,"comment_status":"closed","ping_status":"open","sticky":false,"template":"","format":"standard","meta":{"footnotes":""},"categories":[173],"tags":[10432],"class_list":["post-208152","post","type-post","status-publish","format-standard","has-post-thumbnail","hentry","category-celebridades","tag-paulo-andre"],"_links":{"self":[{"href":"https:\/\/portalpopmais.com.br\/en\/wp-json\/wp\/v2\/posts\/208152","targetHints":{"allow":["GET"]}}],"collection":[{"href":"https:\/\/portalpopmais.com.br\/en\/wp-json\/wp\/v2\/posts"}],"about":[{"href":"https:\/\/portalpopmais.com.br\/en\/wp-json\/wp\/v2\/types\/post"}],"author":[{"embeddable":true,"href":"https:\/\/portalpopmais.com.br\/en\/wp-json\/wp\/v2\/users\/2"}],"replies":[{"embeddable":true,"href":"https:\/\/portalpopmais.com.br\/en\/wp-json\/wp\/v2\/comments?post=208152"}],"version-history":[{"count":0,"href":"https:\/\/portalpopmais.com.br\/en\/wp-json\/wp\/v2\/posts\/208152\/revisions"}],"wp:featuredmedia":[{"embeddable":true,"href":"https:\/\/portalpopmais.com.br\/en\/wp-json\/wp\/v2\/media\/208154"}],"wp:attachment":[{"href":"https:\/\/portalpopmais.com.br\/en\/wp-json\/wp\/v2\/media?parent=208152"}],"wp:term":[{"taxonomy":"category","embeddable":true,"href":"https:\/\/portalpopmais.com.br\/en\/wp-json\/wp\/v2\/categories?post=208152"},{"taxonomy":"post_tag","embeddable":true,"href":"https:\/\/portalpopmais.com.br\/en\/wp-json\/wp\/v2\/tags?post=208152"}],"curies":[{"name":"wp","href":"https:\/\/api.w.org\/{rel}","templated":true}]}}