{"id":208283,"date":"2024-04-25T08:26:37","date_gmt":"2024-04-25T11:26:37","guid":{"rendered":"https:\/\/portalpopmais.com.br\/?p=208283"},"modified":"2024-04-25T08:26:40","modified_gmt":"2024-04-25T11:26:40","slug":"gloria-perez-defende-davi-brito","status":"publish","type":"post","link":"https:\/\/portalpopmais.com.br\/en\/gloria-perez-defende-davi-brito\/","title":{"rendered":"Gloria Perez defende Davi Brito na web: &#8216;Cruel e covarde o que est\u00e3o fazendo&#8217;"},"content":{"rendered":"<p class=\"wp-block-paragraph\">A novelista <strong><a href=\"https:\/\/portalpopmais.com.br\/en\/gloria-perez-globo-fracasso-travessia\/\" data-type=\"post\" data-id=\"158378\">Gloria Perez<\/a><\/strong> deu o que falar, nesta quarta-feira (24), ap\u00f3s usar suas redes sociais para defender o vencedor do BBB 24, Davi Brito. O ex-BBB est\u00e1 envolvido em pol\u00eamicas desde sua sa\u00edda do reality show, gra\u00e7as ao rompimento de seu relacionamento com Mani R\u00eago, empreendedora que ele namorava antes de entrar no Big Brother Brasil.<\/p>\n\n\n\n<p class=\"wp-block-paragraph\">\u201cCruel e covarde demais o que esta\u0303o fazendo com esse menino. Forc\u0327a, Davi. Voce\u0302 vence mais essa prova de resiste\u0302ncia: &#8216;\u00c9 Deus que aponta a estrela que tem que brilhar&#8217;. E ele apontou voce\u0302\u201d, escreveu a autora em post com foto de Davi.<\/p>\n\n\n\n<div class=\"wp-block-group\"><div class=\"wp-block-group__inner-container is-layout-constrained wp-block-group-is-layout-constrained\">\n<h2 class=\"wp-block-heading\">Veja mais<\/h2>\n\n\n<ul class=\"wp-block-latest-posts__list is-grid wp-block-latest-posts is-layout-flow wp-block-latest-posts-is-layout-flow\"><li><div class=\"wp-block-latest-posts__featured-image aligncenter\"><a href=\"https:\/\/portalpopmais.com.br\/en\/justica-condena-miguel-falabella-por-plagio-em-peca-de-teatro\/\" aria-label=\"Justi\u00e7a condena Miguel Falabella por pl\u00e1gio em pe\u00e7a de teatro\"><img loading=\"lazy\" decoding=\"async\" width=\"768\" height=\"456\" src=\"https:\/\/portalpopmais.com.br\/wp-content\/uploads\/2020\/06\/falabella-768x456.jpg\" class=\"attachment-medium size-medium wp-post-image\" alt=\"Miguel Falabella \u00e9 demitido da Globo ap\u00f3s quase 40 anos\" style=\"\" srcset=\"https:\/\/portalpopmais.com.br\/wp-content\/uploads\/2020\/06\/falabella-768x456.jpg 768w, https:\/\/portalpopmais.com.br\/wp-content\/uploads\/2020\/06\/falabella-1170x694.jpg 1170w\" sizes=\"auto, (max-width: 768px) 100vw, 768px\" title=\"\"><\/a><\/div><a class=\"wp-block-latest-posts__post-title\" href=\"https:\/\/portalpopmais.com.br\/en\/justica-condena-miguel-falabella-por-plagio-em-peca-de-teatro\/\">Justi\u00e7a condena Miguel Falabella por pl\u00e1gio em pe\u00e7a de teatro<\/a><\/li>\n<li><div class=\"wp-block-latest-posts__featured-image aligncenter\"><a href=\"https:\/\/portalpopmais.com.br\/en\/juliano-floss-e-flagrado-em-momento-intimo-com-affair\/\" aria-label=\"Juliano Floss \u00e9 flagrado em momento \u00edntimo com affair\"><img loading=\"lazy\" decoding=\"async\" width=\"768\" height=\"456\" src=\"https:\/\/portalpopmais.com.br\/wp-content\/uploads\/2026\/02\/juliano-floss-768x456.jpg\" class=\"attachment-medium size-medium wp-post-image\" alt=\"juliano floss\" style=\"\" srcset=\"https:\/\/portalpopmais.com.br\/wp-content\/uploads\/2026\/02\/juliano-floss-768x456.jpg 768w, https:\/\/portalpopmais.com.br\/wp-content\/uploads\/2026\/02\/juliano-floss-1170x694.jpg 1170w, https:\/\/portalpopmais.com.br\/wp-content\/uploads\/2026\/02\/juliano-floss-18x10.jpg 18w\" sizes=\"auto, (max-width: 768px) 100vw, 768px\" title=\"\"><\/a><\/div><a class=\"wp-block-latest-posts__post-title\" href=\"https:\/\/portalpopmais.com.br\/en\/juliano-floss-e-flagrado-em-momento-intimo-com-affair\/\">Juliano Floss \u00e9 flagrado em momento \u00edntimo com affair<\/a><\/li>\n<li><div class=\"wp-block-latest-posts__featured-image aligncenter\"><a href=\"https:\/\/portalpopmais.com.br\/en\/gloria-steinem-um-dos-maiores-icones-do-feminismo-mundial-morre-aos-92-anos\/\" aria-label=\"Gloria Steinem, um dos maiores \u00edcones do feminismo mundial, morre aos 92 anos\"><img loading=\"lazy\" decoding=\"async\" width=\"768\" height=\"456\" src=\"https:\/\/portalpopmais.com.br\/wp-content\/uploads\/2026\/09\/Gloria-Steinem-768x456.webp\" class=\"attachment-medium size-medium wp-post-image\" alt=\"Gloria Steinem\" style=\"\" srcset=\"https:\/\/portalpopmais.com.br\/wp-content\/uploads\/2026\/09\/Gloria-Steinem-768x456.webp 768w, https:\/\/portalpopmais.com.br\/wp-content\/uploads\/2026\/09\/Gloria-Steinem-1170x694.webp 1170w, https:\/\/portalpopmais.com.br\/wp-content\/uploads\/2026\/09\/Gloria-Steinem-18x12.webp 18w\" sizes=\"auto, (max-width: 768px) 100vw, 768px\" title=\"\"><\/a><\/div><a class=\"wp-block-latest-posts__post-title\" href=\"https:\/\/portalpopmais.com.br\/en\/gloria-steinem-um-dos-maiores-icones-do-feminismo-mundial-morre-aos-92-anos\/\">Gloria Steinem, um dos maiores \u00edcones do feminismo mundial, morre aos 92 anos<\/a><\/li>\n<li><div class=\"wp-block-latest-posts__featured-image aligncenter\"><a href=\"https:\/\/portalpopmais.com.br\/en\/supernanny-cris-poli-emociona-ao-falar-sobre-a-morte-de-um-dos-filhos-vitima-de-cancer\/\" aria-label=\"Supernanny, Cris Poli, emociona ao falar sobre a morte de um dos filhos v\u00edtima de c\u00e2ncer\"><img loading=\"lazy\" decoding=\"async\" width=\"768\" height=\"456\" src=\"https:\/\/portalpopmais.com.br\/wp-content\/uploads\/2026\/09\/1_lembra-dela-supernanny-faz-desabafo-comovente-apos-morte-do-filho-67584505-768x456.jpg\" class=\"attachment-medium size-medium wp-post-image\" alt=\"1 lembra dela supernanny faz desabafo comovente apos morte do filho 67584505\" style=\"\" srcset=\"https:\/\/portalpopmais.com.br\/wp-content\/uploads\/2026\/09\/1_lembra-dela-supernanny-faz-desabafo-comovente-apos-morte-do-filho-67584505-768x456.jpg 768w, https:\/\/portalpopmais.com.br\/wp-content\/uploads\/2026\/09\/1_lembra-dela-supernanny-faz-desabafo-comovente-apos-morte-do-filho-67584505-1170x694.jpg 1170w, https:\/\/portalpopmais.com.br\/wp-content\/uploads\/2026\/09\/1_lembra-dela-supernanny-faz-desabafo-comovente-apos-morte-do-filho-67584505-18x12.jpg 18w\" sizes=\"auto, (max-width: 768px) 100vw, 768px\" title=\"\"><\/a><\/div><a class=\"wp-block-latest-posts__post-title\" href=\"https:\/\/portalpopmais.com.br\/en\/supernanny-cris-poli-emociona-ao-falar-sobre-a-morte-de-um-dos-filhos-vitima-de-cancer\/\">Supernanny, Cris Poli, emociona ao falar sobre a morte de um dos filhos v\u00edtima de c\u00e2ncer<\/a><\/li>\n<li><div class=\"wp-block-latest-posts__featured-image aligncenter\"><a href=\"https:\/\/portalpopmais.com.br\/en\/diego-hypolito-antes-depois-procedimentos\/\" aria-label=\"Diego Hypolito mostra o antes e depois ap\u00f3s procedimentos est\u00e9ticos e surpreende\"><img loading=\"lazy\" decoding=\"async\" width=\"768\" height=\"456\" src=\"https:\/\/portalpopmais.com.br\/wp-content\/uploads\/2026\/09\/Diego-Hypolito-mostra-antes-e-depois-de-procedimentos-esteticos-768x456.png\" class=\"attachment-medium size-medium wp-post-image\" alt=\"Diego Hypolito mostra antes e depois de procedimentos est\u00e9ticos\" style=\"\" srcset=\"https:\/\/portalpopmais.com.br\/wp-content\/uploads\/2026\/09\/Diego-Hypolito-mostra-antes-e-depois-de-procedimentos-esteticos-768x456.png 768w, https:\/\/portalpopmais.com.br\/wp-content\/uploads\/2026\/09\/Diego-Hypolito-mostra-antes-e-depois-de-procedimentos-esteticos-1170x694.png 1170w, https:\/\/portalpopmais.com.br\/wp-content\/uploads\/2026\/09\/Diego-Hypolito-mostra-antes-e-depois-de-procedimentos-esteticos-18x12.png 18w\" sizes=\"auto, (max-width: 768px) 100vw, 768px\" title=\"\"><\/a><\/div><a class=\"wp-block-latest-posts__post-title\" href=\"https:\/\/portalpopmais.com.br\/en\/diego-hypolito-antes-depois-procedimentos\/\">Diego Hypolito mostra o antes e depois ap\u00f3s procedimentos est\u00e9ticos e surpreende<\/a><\/li>\n<li><div class=\"wp-block-latest-posts__featured-image aligncenter\"><a href=\"https:\/\/portalpopmais.com.br\/en\/ex-astro-de-reality-da-mtv-assume-novo-romance-apos-se-declarar-ex-gay\/\" aria-label=\"Ex-astro de reality da MTV assume novo romance ap\u00f3s se declarar &#8216;ex-gay&#8217;\"><img loading=\"lazy\" decoding=\"async\" width=\"768\" height=\"456\" src=\"https:\/\/portalpopmais.com.br\/wp-content\/uploads\/2026\/09\/Screenshot_20260903-063518-768x456.png\" class=\"attachment-medium size-medium wp-post-image\" alt=\"Screenshot 20260903 063518\" style=\"\" title=\"\"><\/a><\/div><a class=\"wp-block-latest-posts__post-title\" href=\"https:\/\/portalpopmais.com.br\/en\/ex-astro-de-reality-da-mtv-assume-novo-romance-apos-se-declarar-ex-gay\/\">Ex-astro de reality da MTV assume novo romance ap\u00f3s se declarar &#8216;ex-gay&#8217;<\/a><\/li>\n<\/ul><\/div><\/div>\n\n\n\n<p class=\"wp-block-paragraph\">A mensagem da autora foi pouco tempo depois de Davi ir \u00e0s redes sociais para explicar seu afastamento da web. \u201cMe ausentei um pouco das redes sociais, porque precisava de um tempo para respirar um pouco. Mas j\u00e1 voltei, e voltamos com todo o vigor e for\u00e7a. Valeu, vamos para cima!\u201d, contou.<\/p>\n\n\n\n<p class=\"wp-block-paragraph\">O afastamento do campe\u00e3o do BBB 24 ocorreu em meio \u00e0s pol\u00eamicas com Mani R\u00eago, sua ex-namorada. Em participa\u00e7\u00e3o no Altas Horas, ele confirmou o fim de seu relacionamento.<\/p>\n\n\n<div class=\"wp-block-image\">\n<figure class=\"aligncenter size-full\"><img loading=\"lazy\" decoding=\"async\" width=\"1000\" height=\"562\" src=\"https:\/\/portalpopmais.com.br\/wp-content\/uploads\/2024\/04\/davi-brito.jpg\" alt=\"davi brito\" class=\"wp-image-207966\" title=\"\"><figcaption class=\"wp-element-caption\">Davi Brito &#8211; Foto: Reprodu\u00e7\u00e3o<\/figcaption><\/figure>\n<\/div>\n\n\n<p class=\"wp-block-paragraph\">\u201cEu queria que todas as pessoas, todo mundo, minha fam\u00edlia, me respeitassem um pouco, porque eu precisava de um momento para raciocinar o que est\u00e1 acontecendo. S\u00f3 que, em geral, n\u00e3o me respeitaram muito, me bombardearam de informa\u00e7\u00f5es\u201d, come\u00e7ou ele, em v\u00eddeo divulgado pelo colunista Leo Dias.<\/p>\n\n\n\n<p class=\"wp-block-paragraph\">\u201cParei na cama e fique em estado de choque. E at\u00e9 minha pr\u00f3pria ex-namorada, ela terminou comigo, ela n\u00e3o soube respeitar o meu momento, o que eu estava vivendo naquele momento\u201d, completou Davi.<\/p>\n\n\n\n<p class=\"wp-block-paragraph\">O vencedor do Big Brother Brasil disse que tentou conversar com Mani, mas sem sucesso. \u201cConversei com ela, expliquei para ela o que estava acontecendo na minha vida e falei: \u2018Calma, por favor, s\u00f3 tenha calma. Vamos retornar para Salvador para conversar, continuar nossa vida, com dinheiro ou sem dinheiro, vamos continuar vivendo nossa vida\u2019. Tudo o que est\u00e1 acontecendo est\u00e1 sendo uma loucura\u201d.<\/p>","protected":false},"excerpt":{"rendered":"<p>A novelista Gloria Perez deu o que falar, nesta quarta-feira (24), ap\u00f3s usar suas redes sociais para defender o vencedor do BBB 24, Davi Brito. O ex-BBB est\u00e1 envolvido em pol\u00eamicas desde sua sa\u00edda do reality show, gra\u00e7as ao rompimento de seu relacionamento com Mani R\u00eago, empreendedora que ele namorava antes de entrar no Big [&hellip;]<\/p>\n","protected":false},"author":2,"featured_media":208284,"comment_status":"closed","ping_status":"open","sticky":false,"template":"","format":"standard","meta":{"footnotes":""},"categories":[173],"tags":[16148,12404],"class_list":["post-208283","post","type-post","status-publish","format-standard","has-post-thumbnail","hentry","category-celebridades","tag-davi-brito","tag-gloria-perez"],"_links":{"self":[{"href":"https:\/\/portalpopmais.com.br\/en\/wp-json\/wp\/v2\/posts\/208283","targetHints":{"allow":["GET"]}}],"collection":[{"href":"https:\/\/portalpopmais.com.br\/en\/wp-json\/wp\/v2\/posts"}],"about":[{"href":"https:\/\/portalpopmais.com.br\/en\/wp-json\/wp\/v2\/types\/post"}],"author":[{"embeddable":true,"href":"https:\/\/portalpopmais.com.br\/en\/wp-json\/wp\/v2\/users\/2"}],"replies":[{"embeddable":true,"href":"https:\/\/portalpopmais.com.br\/en\/wp-json\/wp\/v2\/comments?post=208283"}],"version-history":[{"count":0,"href":"https:\/\/portalpopmais.com.br\/en\/wp-json\/wp\/v2\/posts\/208283\/revisions"}],"wp:featuredmedia":[{"embeddable":true,"href":"https:\/\/portalpopmais.com.br\/en\/wp-json\/wp\/v2\/media\/208284"}],"wp:attachment":[{"href":"https:\/\/portalpopmais.com.br\/en\/wp-json\/wp\/v2\/media?parent=208283"}],"wp:term":[{"taxonomy":"category","embeddable":true,"href":"https:\/\/portalpopmais.com.br\/en\/wp-json\/wp\/v2\/categories?post=208283"},{"taxonomy":"post_tag","embeddable":true,"href":"https:\/\/portalpopmais.com.br\/en\/wp-json\/wp\/v2\/tags?post=208283"}],"curies":[{"name":"wp","href":"https:\/\/api.w.org\/{rel}","templated":true}]}}