{"id":210071,"date":"2024-05-15T13:38:37","date_gmt":"2024-05-15T16:38:37","guid":{"rendered":"https:\/\/portalpopmais.com.br\/?p=210071"},"modified":"2024-05-15T13:39:22","modified_gmt":"2024-05-15T16:39:22","slug":"detalhes-musical-soul-o-sul","status":"publish","type":"post","link":"https:\/\/portalpopmais.com.br\/en\/detalhes-musical-soul-o-sul\/","title":{"rendered":"Planta e Raiz, Maneva, Falamansa, Bloco do Caos e outros artistas, se re\u00fanem no &#8220;Musical Soul O Sul&#8221; para arrecadar donativos \u00e0s v\u00edtimas da cat\u00e1strofe no RS"},"content":{"rendered":"<p>O Rio Grande do Sul, um estado marcado pela beleza de sua cultura e pela for\u00e7a de seu povo, enfrenta atualmente uma das suas maiores prova\u00e7\u00f5es. Devastadoras enchentes, resultado de intensas chuvas, ligadas \u00e0 crise clim\u00e1tica causadas pelo aquecimento global, deixaram um rastro de destrui\u00e7\u00e3o, afetando milh\u00f5es de pessoas, com milhares de desabrigados, dezenas de mortos e um estado inteiro em alerta e luto.<\/p>\n\n\n\n<p>\u00c9 para ajudar a sanar parte desse cen\u00e1rio desolador que surge o &#8220;Musical Soul O Sul&#8221;, evento beneficente que vai reunir na Audio, em S\u00e3o Paulo, no dia 23 de maio, Maneva, Planta e Raiz, Falamansa, Restart, Egypcio, Mato Seco, Bloco do Caos, Big UP, Marina Peralta, Cidade Verde Sounds, Denise D&#8217;Paula, Deko, Pel\u00e9 MilFlows, Bells, Express\u00e3o Regueira, LUAU, Alma Roots, e mais apoio de empresas e a comunidade em geral em prol da reconstru\u00e7\u00e3o e do aux\u00edlio \u00e0s v\u00edtimas das enchentes. O evento contar\u00e1 com transmiss\u00e3o ao vivo para todo o pa\u00eds pelo canal do Showlivre no Youtube, e tamb\u00e9m ter\u00e1 a parceria com a R\u00e1dio Transam\u00e9rica FM, ampliando a mensagem e a capacidade de arrecada\u00e7\u00e3o.<\/p>\n\n\n\n<p>Al\u00e9m da arrecada\u00e7\u00e3o de fundos por meio dos ingressos e doa\u00e7\u00f5es, o evento tamb\u00e9m contar\u00e1 com uma campanha de financiamento coletivo no site Benfeitoria. Essa iniciativa visa envolver n\u00e3o apenas os presentes no show, mas tamb\u00e9m aqueles que desejam contribuir de qualquer lugar do mundo, tornando a ajuda ainda mais abrangente e transparente.<\/p>\n\n\n\n<p>A ONG Bem da Madrugada coordena a arrecada\u00e7\u00e3o de alimentos, roupas, itens de higiene pessoal e outros materiais essenciais. Cada doa\u00e7\u00e3o ser\u00e1 direcionada para diferentes frentes de ajuda. Esses recursos ser\u00e3o distribu\u00eddos estrategicamente, atendendo \u00e0s necessidades espec\u00edficas de cada comunidade, de cada cidade e aos objetivos individuais das institui\u00e7\u00f5es envolvidas.<\/p>\n\n\n\n<p>Ao apoiar o &#8220;Musical Soul O Sul&#8221;, n\u00e3o apenas estaremos reconstruindo lares, mas tamb\u00e9m renovando esperan\u00e7as e demonstrando o poder da uni\u00e3o e da solidariedade em momentos dif\u00edceis. Cada contribui\u00e7\u00e3o, por menor que seja, far\u00e1 a diferen\u00e7a na vida de quem mais precisa.<\/p>\n\n\n\n<p><strong>SERVI\u00c7O<br>&#8220;Musical Soul O Sul&#8221;<br>Data e Local:<\/strong> 23 de maio de 2024, na Audio, em S\u00e3o Paulo<br><strong>Hor\u00e1rio:<\/strong> 19h<br><strong>Transmiss\u00e3o ao Vivo:<\/strong> Youtube do Showlivre<br><strong>Apoio:<\/strong> R\u00e1dio Transam\u00e9rica FM e Bem da Madrugada<\/p>","protected":false},"excerpt":{"rendered":"<p>O Rio Grande do Sul, um estado marcado pela beleza de sua cultura e pela for\u00e7a de seu povo, enfrenta atualmente uma das suas maiores prova\u00e7\u00f5es. Devastadoras enchentes, resultado de intensas chuvas, ligadas \u00e0 crise clim\u00e1tica causadas pelo aquecimento global, deixaram um rastro de destrui\u00e7\u00e3o, afetando milh\u00f5es de pessoas, com milhares de desabrigados, dezenas de [&hellip;]<\/p>\n","protected":false},"author":1,"featured_media":210072,"comment_status":"closed","ping_status":"open","sticky":false,"template":"","format":"standard","meta":{"footnotes":""},"categories":[154],"tags":[3746],"class_list":["post-210071","post","type-post","status-publish","format-standard","has-post-thumbnail","hentry","category-musica","tag-planta-e-raiz"],"_links":{"self":[{"href":"https:\/\/portalpopmais.com.br\/en\/wp-json\/wp\/v2\/posts\/210071","targetHints":{"allow":["GET"]}}],"collection":[{"href":"https:\/\/portalpopmais.com.br\/en\/wp-json\/wp\/v2\/posts"}],"about":[{"href":"https:\/\/portalpopmais.com.br\/en\/wp-json\/wp\/v2\/types\/post"}],"author":[{"embeddable":true,"href":"https:\/\/portalpopmais.com.br\/en\/wp-json\/wp\/v2\/users\/1"}],"replies":[{"embeddable":true,"href":"https:\/\/portalpopmais.com.br\/en\/wp-json\/wp\/v2\/comments?post=210071"}],"version-history":[{"count":0,"href":"https:\/\/portalpopmais.com.br\/en\/wp-json\/wp\/v2\/posts\/210071\/revisions"}],"wp:featuredmedia":[{"embeddable":true,"href":"https:\/\/portalpopmais.com.br\/en\/wp-json\/wp\/v2\/media\/210072"}],"wp:attachment":[{"href":"https:\/\/portalpopmais.com.br\/en\/wp-json\/wp\/v2\/media?parent=210071"}],"wp:term":[{"taxonomy":"category","embeddable":true,"href":"https:\/\/portalpopmais.com.br\/en\/wp-json\/wp\/v2\/categories?post=210071"},{"taxonomy":"post_tag","embeddable":true,"href":"https:\/\/portalpopmais.com.br\/en\/wp-json\/wp\/v2\/tags?post=210071"}],"curies":[{"name":"wp","href":"https:\/\/api.w.org\/{rel}","templated":true}]}}