{"id":210233,"date":"2024-05-17T12:19:38","date_gmt":"2024-05-17T15:19:38","guid":{"rendered":"https:\/\/portalpopmais.com.br\/?p=210233"},"modified":"2024-05-17T12:19:41","modified_gmt":"2024-05-17T15:19:41","slug":"o-nomade-festival-promete-agitar-o-parque-villa-lobos-com-line-up-diverso-nos-dias-25-e-26-de-maio","status":"publish","type":"post","link":"https:\/\/portalpopmais.com.br\/en\/o-nomade-festival-promete-agitar-o-parque-villa-lobos-com-line-up-diverso-nos-dias-25-e-26-de-maio\/","title":{"rendered":"O\u00a0N\u00f4made Festival promete agitar o Parque Villa Lobos com line-up diverso nos dias 25 e 26 de maio"},"content":{"rendered":"<p>O <a href=\"http:\/\/portalpopmais.com.br\/en\/\" data-type=\"link\" data-id=\"portalpopmais.com.br\">N\u00f4made Festival<\/a> dispensa apresenta\u00e7\u00f5es para quem gosta de m\u00fasica brasileira. Apostando na multiplicidade de estilos, p\u00fablicos, propostas, viv\u00eancias na m\u00fasica e experi\u00eancias, o festival chega a sua quinta edi\u00e7\u00e3o nos dias 25 e 26 de maio. Realizado no <a href=\"http:\/\/portalpopmais.com.br\/en\/\" data-type=\"link\" data-id=\"portalpopmais.com.br\">Parque Villa Lobos<\/a>, o evento traz enfoque na representatividade da m\u00fasica nacional em suas mais diversas formas, agregando revela\u00e7\u00f5es e nomes consolidados. Alceu Valen\u00e7a, Pabllo Vittar, Baco Exu do Blues, Leci Brand\u00e3o, Maria Rita, Maria Gad\u00fa, Urias, Rico Dalasam, Marina Sena, FBC, Melly e Nando Reis (com participa\u00e7\u00e3o de Arnaldo Antunes) est\u00e3o entre as atra\u00e7\u00f5es deste ano.<\/p>\n\n\n\n<p>Seguindo a tradi\u00e7\u00e3o das edi\u00e7\u00f5es anteriores, ser\u00e3o 10 horas de m\u00fasica, em cada dia, incluindo dois palcos, vila gastron\u00f4mica, lounges exclusivos e ativa\u00e7\u00f5es de marcas. E, claro, encontros especiais \u2013 a expectativa de encontrar os artistas preferidos, rever e encontrar os amigos.<\/p>\n\n\n\n<p><strong>Palcos N\u00f4made Festival<\/strong><\/p>\n\n\n\n<p>No palco principal do N\u00f4made, o p\u00fablico ver\u00e1 nomes consolidados e revela\u00e7\u00f5es da m\u00fasica brasileira.&nbsp; Entre os artistas confirmados para o primeiro dia do festival est\u00e1 <strong>Alceu Valen\u00e7a<\/strong>, que se apresenta pela primeira vez no festival. Ao lado de sua banda, o cantor coloca \u00e0 disposi\u00e7\u00e3o do p\u00fablico uma avalanche de sucessos, consagrados por todos os cantos do pa\u00eds.<\/p>\n\n\n\n<p>Outro destaque vai para uma das drags mais populares do mundo, <strong>Pabllo Vittar<\/strong>. Em 2024, a artista lan\u00e7ou o \u00e1lbum \u201dBatid\u00e3o Tropical Vol. 2\u201d. O disco conta com parcerias de Will Love, Gaby Amarantos, Taty Girl e Maderito. A cantora trar\u00e1 ao palco do N\u00f4made Festival, junto com sua banda, o show da nova turn\u00ea e muita dan\u00e7a.<\/p>\n\n\n\n<p>Uma lenda do samba, <strong>Leci Brand\u00e3o<\/strong> est\u00e1 confirmada entre as atra\u00e7\u00f5es. Nome forte do samba carioca e da Esta\u00e7\u00e3o Primeira de Mangueira, sendo inclusive a primeira mulher a integrar a ala de compositores da escola, \u00e9 bamba dos partidos altos do samba, com cl\u00e1ssicos conhecidos e ovacionados pelo p\u00fablico. No repert\u00f3rio, \u201cZ\u00e9 do Caro\u00e7o\u201d, \u201cIsso \u00e9 Fundo de Quintal\u201d, \u201cPapai Vadiou\u201d e muito mais.<\/p>\n\n\n\n<p>Com o disco \u201cO amor, o perd\u00e3o e a tecnologia ir\u00e3o nos levar para outro planeta\u201d,<strong> FBC<\/strong> explora as fases da dance music enquanto promove rimas sobre o amor e suas complexidades. Seu disco anterior, \u201cBaile\u201d, causou furor nas redes sociais, levou FBC a programas de TV e apareceu no badalado tel\u00e3o da Times Square, em Nova York.<\/p>\n\n\n\n<p><strong>Melly<\/strong> chega ao N\u00f4made&nbsp;Festival&nbsp;com vocal inconfund\u00edvel e o beat envolvente do R&amp;B. Na ocasi\u00e3o a artista traz ao palco can\u00e7\u00f5es autorais de sua discografia e releituras de m\u00fasicas populares.&nbsp;<\/p>\n\n\n\n<p>Em sua segunda passagem pelo festival, <strong>Nando Reis<\/strong> recebe Arnaldo Antunes. A apresenta\u00e7\u00e3o promete ser uma boa mostra da parceria entre os artistas, com o repert\u00f3rio contemplando suas m\u00fasicas dos tempos do Tit\u00e3s.&nbsp;<\/p>\n\n\n\n<p>No dia 26, segundo dia do festival, ser\u00e1 a vez do cantor e compositor <strong>Baco Exu do Blues<\/strong> desembarcar no N\u00f4made. Na ocasi\u00e3o, o m\u00fasico apresenta o seu terceiro \u00e1lbum de est\u00fadio, QVVJFA (Quantas vezes voc\u00ea foi amado?). O disco expressa a forma de um homem preto receber e dar afeto, suas dores e amores em forma de rima.<\/p>\n\n\n\n<p><strong>Maria Rita<\/strong> apresenta aos n\u00f4mades o projeto \u201cSamba de Maria\u201d. A artista trar\u00e1 ao evento um repert\u00f3rio repleto de sucessos de sua discografia, como \u201cT\u00e1 Perdoado\u201d, \u201cMaltratar N\u00e3o \u00e9 Direito\u201d e \u201cCorpo S\u00f3\u201d, al\u00e9m de outros cl\u00e1ssicos de grandes nomes da m\u00fasica brasileira, como Elis Regina, Jorge Arag\u00e3o e Gonzaguinha.<\/p>\n\n\n\n<p>A cantora e compositora mineira, <strong>Marina Sena<\/strong>, tamb\u00e9m marca presen\u00e7a na programa\u00e7\u00e3o, trazendo o espet\u00e1culo da turn\u00ea \u201cV\u00edcio Inerente\u201d, inspirado no \u00e1lbum de mesmo nome. Mas o p\u00fablico tamb\u00e9m vai poder se jogar com as m\u00fasicas do primeiro projeto \u201cDe Primeira\u201d, que deu o pontap\u00e9 inicial \u00e0 carreira nacional da artista.<\/p>\n\n\n\n<p>O&nbsp;festival&nbsp;segue com a pot\u00eancia de <strong>Maria Gad\u00fa<\/strong>. Em turn\u00ea com seu quarto \u00e1lbum de est\u00fadio, o disco Quem Sabe Isso Quer Dizer Amor, a cantora reverencia a m\u00fasica popular brasileira em um espet\u00e1culo onde realiza interpreta\u00e7\u00f5es de can\u00e7\u00f5es que marcaram a sua vida. Acompanhada de sua banda, a artista apresenta regrava\u00e7\u00f5es de grandes nomes da MPB, como Caetano Veloso, Gonzaguinha, Marisa Monte, Rita Lee e Renato Russo, al\u00e9m de cantar seus grandes sucessos.<\/p>\n\n\n\n<p>Outro destaque \u00e9&nbsp;<strong>Urias<\/strong>, cantora, compositora e modelo que se destaca na cena musical brasileira nos \u00faltimos anos. Ela traz a turn\u00ea do seu segundo disco&nbsp;<em>HER MIND&nbsp;<\/em>(2023). O projeto conta com faixas em ingl\u00eas, espanhol e portugu\u00eas, embalados pelo deconstructed club e a percussividade do reggaeton.&nbsp;<\/p>\n\n\n\n<p>Reconhecido por sua presen\u00e7a marcante e sua m\u00fasica ousada, <strong>Rico Dalasam<\/strong>&nbsp;traz a turn\u00ea do seu novo \u00e1lbum&nbsp;<em>Escuro Brilhante, \u00daltimo Dia no Orfanato da Tia Guga&nbsp;<\/em>(2023), trabalho que \u00e9 um mergulho sonoro e visual em paisagens memorial\u00edsticas que refletem as viv\u00eancias do artista, um dos primeiros rappers a se declarar abertamente gay no Brasil.&nbsp;<\/p>\n\n\n\n<p><strong>Palco Petra no N\u00f4made Festival \u2013 <\/strong>Pelo terceiro ano consecutivo e refor\u00e7ando seu territ\u00f3rio de brasilidade, Petra ser\u00e1 a cerveja oficial do evento. Usando a m\u00fasica brasileira como fio condutor, a marca apresentar\u00e1 o \u201cPalco Petra no N\u00f4made Festival\u201d, espa\u00e7o 360\u00ba que ir\u00e1 amplificar a voz de artistas nacionais e DJs potentes, por meio de pesquisas sonoras igualmente potencializadas pelas pistas de dan\u00e7a. Trazendo os entusiasmos de diversos artistas brasileiros, Petra realizou uma curadoria e apresentar\u00e1 em seu palco, durante os intervalos dos shows, o Samba pros Orix\u00e1s, Filipe Catto canta Gal e DJ Nanni Rios, no s\u00e1bado. J\u00e1 no domingo, ter\u00e1 a presen\u00e7a do Samba de Dandara, Get\u00falio Abelha e a DJ Lu\u00edsa Viscardi.<\/p>\n\n\n\n<p><strong>Inclusivo<\/strong><\/p>\n\n\n\n<p>O N\u00f4made Festival tem a preocupa\u00e7\u00e3o em se tornar um evento cada vez mais acess\u00edvel. O festival conta com \u00e1rea reservada e banheiros para pessoas com defici\u00eancia e mobilidade reduzida, acesso priorit\u00e1rio, balc\u00f5es de bares adaptados, kit livre, caminhos com piso direcional acess\u00edvel e int\u00e9rprete de libras no palco durante os shows.<\/p>\n\n\n\n<p><strong>\u00c1rea Gastron\u00f4mica<\/strong><\/p>\n\n\n\n<p>Nem s\u00f3 de m\u00fasica vive o N\u00f4made Festival. Quem j\u00e1 foi ao evento conhece a prestigiada \u00e1rea gastron\u00f4mica do festival que promete agradar aos paladares mais exigentes. O card\u00e1pio ter\u00e1 op\u00e7\u00f5es como hamb\u00farguer, cachorro-quente, churros, past\u00e9is, al\u00e9m de um menu especial para o p\u00fablico vegano, vegetariano e cel\u00edaco. Os restaurantes que marcar\u00e3o presen\u00e7a nesta edi\u00e7\u00e3o do evento s\u00e3o: Souk Burger, La Chica Empanadas, Pita Kebab, DuLocal, F\u00f4rno, La Crepe, Los Dos Taqueria e Let&#8217;s Poke.&nbsp;&nbsp;<\/p>\n\n\n\n<p><strong>Ativa\u00e7\u00f5es das marcas no N\u00f4made Festival<\/strong><\/p>\n\n\n\n<p>O N\u00f4made Festival tamb\u00e9m conta com experi\u00eancias imersivas e outras atra\u00e7\u00f5es em forma de ativa\u00e7\u00f5es de marcas. Nesta edi\u00e7\u00e3o o festival ter\u00e1 uma participa\u00e7\u00e3o maior das marcas do que em edi\u00e7\u00f5es anteriores. A Rico assina a cota \u201capresenta\u201d do evento.<\/p>\n\n\n\n<p><strong>Ativa\u00e7\u00f5es:<\/strong><\/p>\n\n\n\n<p><strong>Roda Rico no N\u00f4made Festival \u2013<\/strong> A experi\u00eancia de visitar a maior roda gigante da Am\u00e9rica Latina com desconto para os participantes do evento e, ainda, aproveitar uma ativa\u00e7\u00e3o de tirar o f\u00f4lego s\u00e3o algumas das a\u00e7\u00f5es da Rico no N\u00f4made. Em refor\u00e7o ao compromisso com a sustentabilidade, o espa\u00e7o da marca contar\u00e1 com uma esta\u00e7\u00e3o para carregar o celular com energia solar. O local tamb\u00e9m contar\u00e1 com din\u00e2micas com a distribui\u00e7\u00e3o de brindes exclusivos e personalizados, como chap\u00e9us \u2018bucket\u2019, broches, ursinhos de pel\u00facia e al\u00e7as para celular. Entre as ativa\u00e7\u00f5es previstas, e como parte do apoio permanente no setor de arte, m\u00fasica e entretenimento, haver\u00e1 uma a\u00e7\u00e3o de <em>live painting <\/em>feita pelo artista paulista Rafael Sanches.&nbsp;<\/p>\n\n\n\n<p><strong>Petra \u2013 <\/strong>Cerveja oficial do N\u00f4made Festival, a Petra (Grupo Petr\u00f3polis) ter\u00e1 uma tirolesa, onde ser\u00e1 poss\u00edvel se aventurar em um salto sobre o p\u00fablico presente no festival e sobrevoar o evento durante os shows. Al\u00e9m da cerveja Petra Origem Puro Malte, tamb\u00e9m ser\u00e1 poss\u00edvel degustar do chopp da marca (dispon\u00edvel atr\u00e1s do palco Petra), como parte da experi\u00eancia do evento.<\/p>\n\n\n\n<p><strong>Natura \u2013 <\/strong>A Natura estar\u00e1 no festival N\u00f4made apresentando seu lan\u00e7amento para o Dia de Namorados: Conex\u00e3o e Festival de Humor. Com tecnologia inovadora, que captou mol\u00e9culas de cheiro dos festivais de m\u00fasica, as novas fragr\u00e2ncias uniram arte e ci\u00eancia ao recriar a energia dos festivais em acordes in\u00e9ditos.&nbsp;<\/p>\n\n\n\n<p><strong>Tanqueray \u2013 <\/strong>O Bar Container de Tanqueray estar\u00e1 presente no N\u00f4made. Os n\u00f4mades poder\u00e3o aproveitar os drinques e, ainda, ter um momento no rooftop da marca, que tem vista exclusiva do palco principal.&nbsp;<\/p>\n\n\n\n<p><strong>TNT &#8211; <\/strong>O energ\u00e9tico TNT Energy Drink estar\u00e1 presente no festival para trazer energia e disposi\u00e7\u00e3o a todos. Com variedade de sabores, a marca preparou um bar exclusivo e personalizado. Al\u00e9m disso, o p\u00fablico poder\u00e1 se divertir e tirar belas fotos em um ponto instagram\u00e1vel, localizado no espa\u00e7o.<\/p>\n\n\n\n<p><strong>ODONTOPREV- <\/strong>Com o objetivo de despertar cada vez mais sorrisos durante o festival, a ativa\u00e7\u00e3o da Odontoprev e seu novo produto, a Sorria+, trar\u00e1 para o p\u00fablico divertidas din\u00e2micas e ainda mais detalhes do servi\u00e7o de sa\u00fade bucal e est\u00e9tica que acabou de chegar no mercado! E como sorrisos, carinho e m\u00fasica andam juntos, quem passar pelo espa\u00e7o da Odontoprev e da Sorria+ levar\u00e1 brindes exclusivos para casa. Em paralelo, engajada com a situa\u00e7\u00e3o no Rio Grande do Sul, a companhia tamb\u00e9m arrecadar\u00e1 doa\u00e7\u00f5es para as v\u00edtimas das enchentes.<\/p>\n\n\n\n<p><strong>BIC &#8211;<\/strong> Para manter a chama do festival acesa, a marca BIC levar\u00e1 ao p\u00fablico experi\u00eancias interativas em um espa\u00e7o exclusivo, onde \u00e9 poss\u00edvel testar o novo acendedor BIC EZ Reach e garantir brindes exclusivos. BIC EZ Reach \u00e9 perfeito para velas, churrasqueiras&#8230; e para o N\u00f4made Festival!<\/p>\n\n\n\n<p><strong>Casal Garcia \u2013 <\/strong>A Casal Garcia, marca que apoia o festival pela quarta vez, estar\u00e1 presente com bar propriet\u00e1rio, que servir\u00e1 como ponto de encontro para os amantes do vinho e exposi\u00e7\u00e3o dos produtos, e diversos carrinhos com produtos de seu portf\u00f3lio, al\u00e9m de um super lan\u00e7amento que tem tudo a ver com o N\u00f4made: o Casal Garcia Sweet Ros\u00e9!<\/p>\n\n\n\n<p><strong>FYS \u2013 <\/strong>\u00c9 o refrigerante oficial do evento, pelo terceiro ano consecutivo. Neste ano teremos novamente o Domo, que conta com \u00e1rea de descanso, sombra e muito verde.<\/p>\n\n\n\n<p><strong>RECKITT- <\/strong>Apoiadoras do evento, as marcas Jontex e Vanish ir\u00e3o distribuir amostras de produtos para quem estiver curtindo o festival<\/p>\n\n\n\n<p>O evento contar\u00e1 com uma tabacaria e um estande pr\u00f3prio com espa\u00e7o personalizado, que contar\u00e1 com vendas de produtos.&nbsp;<\/p>\n\n\n\n<p><strong>O N\u00f4made Festival<\/strong><\/p>\n\n\n\n<p>Criado pelos s\u00f3cios Juliano Libman e Luiz Restiffe, o N\u00f4made Festival est\u00e1 entre os principais festivais de m\u00fasica do pa\u00eds. O evento propriet\u00e1rio da Ag\u00eancia InHaus tem tradi\u00e7\u00e3o de promover e enaltecer a m\u00fasica brasileira ao longo de sua trajet\u00f3ria.<\/p>\n\n\n\n<p>O palco do N\u00f4made j\u00e1 recebeu atra\u00e7\u00f5es como Alcione, Caetano Veloso, Lulu Santos, Nando Reis, AnaVit\u00f3ria, Duda Beat, Liniker, Seu Jorge, Geraldo Azevedo, Chico C\u00e9sar, BaianaSystem, Criolo, dentre outros, que entraram para a hist\u00f3ria do festival.<\/p>\n\n\n\n<p>&#8220;Quando criamos o&nbsp;Festival&nbsp;N\u00f4made em 2017, nossa inten\u00e7\u00e3o era valorizar a m\u00fasica brasileira. Agora, ap\u00f3s quatro edi\u00e7\u00f5es, pela primeira vez com dois dias de evento, conseguimos abra\u00e7ar diversas vertentes da m\u00fasica popular brasileira e outras express\u00f5es art\u00edsticas.\u201d, afirma Luiz Restiffe, s\u00f3cio diretor na Ag\u00eancia InHaus.<\/p>\n\n\n\n<p>\u201cSomos um&nbsp;festival&nbsp;consolidado na agenda da cidade, movimentando o turismo e gerando emprego para quase 2.000 colaboradores, tanto direta como indiretamente.&#8221;, diz Juliano Libman, s\u00f3cio diretor na Ag\u00eancia InHaus.<\/p>\n\n\n\n<p><strong>Servi\u00e7os:<\/strong><\/p>\n\n\n\n<p>Local: Parque Villa Lobos<\/p>\n\n\n\n<p>Endere\u00e7o: Av. Professor Fonseca Rodrigues, 2001 \u2013 Alto de Pinheiros \u2013 SP<\/p>\n\n\n\n<p>Dias: 25 e 26 de maio<\/p>\n\n\n\n<p>Hor\u00e1rio de abertura: 12h<\/p>\n\n\n\n<p>Ingressos: Ticket 360<\/p>\n\n\n\n<p><strong>Programa\u00e7\u00e3o: <\/strong><a href=\"https:\/\/agenciainhaus.com.br\/proximo-evento\/nomade-festival\/\" target=\"_blank\" rel=\"noopener\"><strong>https:\/\/agenciainhaus.com.br\/proximo-evento\/nomade-festival\/<\/strong><\/a><strong>&nbsp;<\/strong><\/p>","protected":false},"excerpt":{"rendered":"<p>O N\u00f4made Festival dispensa apresenta\u00e7\u00f5es para quem gosta de m\u00fasica brasileira. Apostando na multiplicidade de estilos, p\u00fablicos, propostas, viv\u00eancias na m\u00fasica e experi\u00eancias, o festival chega a sua quinta edi\u00e7\u00e3o nos dias 25 e 26 de maio. Realizado no Parque Villa Lobos, o evento traz enfoque na representatividade da m\u00fasica nacional em suas mais diversas [&hellip;]<\/p>\n","protected":false},"author":2,"featured_media":186686,"comment_status":"closed","ping_status":"open","sticky":false,"template":"","format":"standard","meta":{"footnotes":""},"categories":[2215,154],"tags":[16496,961,10363,9570,15708,12265,10126,16497,8788,16495,164,11447,6391],"class_list":["post-210233","post","type-post","status-publish","format-standard","has-post-thumbnail","hentry","category-eventos","category-musica","tag-alceu-valenca","tag-baco-exu-do-blues","tag-fbc","tag-festival","tag-leci-brandao","tag-maria-rita","tag-marina-sena","tag-melly","tag-nando-reis","tag-nomade-festival","tag-pabllo-vittar","tag-rico-dalasam","tag-urias"],"_links":{"self":[{"href":"https:\/\/portalpopmais.com.br\/en\/wp-json\/wp\/v2\/posts\/210233","targetHints":{"allow":["GET"]}}],"collection":[{"href":"https:\/\/portalpopmais.com.br\/en\/wp-json\/wp\/v2\/posts"}],"about":[{"href":"https:\/\/portalpopmais.com.br\/en\/wp-json\/wp\/v2\/types\/post"}],"author":[{"embeddable":true,"href":"https:\/\/portalpopmais.com.br\/en\/wp-json\/wp\/v2\/users\/2"}],"replies":[{"embeddable":true,"href":"https:\/\/portalpopmais.com.br\/en\/wp-json\/wp\/v2\/comments?post=210233"}],"version-history":[{"count":0,"href":"https:\/\/portalpopmais.com.br\/en\/wp-json\/wp\/v2\/posts\/210233\/revisions"}],"wp:featuredmedia":[{"embeddable":true,"href":"https:\/\/portalpopmais.com.br\/en\/wp-json\/wp\/v2\/media\/186686"}],"wp:attachment":[{"href":"https:\/\/portalpopmais.com.br\/en\/wp-json\/wp\/v2\/media?parent=210233"}],"wp:term":[{"taxonomy":"category","embeddable":true,"href":"https:\/\/portalpopmais.com.br\/en\/wp-json\/wp\/v2\/categories?post=210233"},{"taxonomy":"post_tag","embeddable":true,"href":"https:\/\/portalpopmais.com.br\/en\/wp-json\/wp\/v2\/tags?post=210233"}],"curies":[{"name":"wp","href":"https:\/\/api.w.org\/{rel}","templated":true}]}}