{"id":210332,"date":"2024-05-20T13:39:36","date_gmt":"2024-05-20T16:39:36","guid":{"rendered":"https:\/\/portalpopmais.com.br\/?p=210332"},"modified":"2024-05-20T13:42:18","modified_gmt":"2024-05-20T16:42:18","slug":"jesse-aguiar-anuncia-volta-para-a-igreja-1-ano-apos-se-assumir-gay-veja","status":"publish","type":"post","link":"https:\/\/portalpopmais.com.br\/en\/jesse-aguiar-anuncia-volta-para-a-igreja-1-ano-apos-se-assumir-gay-veja\/","title":{"rendered":"Jess\u00e9 Aguiar anuncia volta para a igreja, 1 ano ap\u00f3s se assumir gay; veja"},"content":{"rendered":"<p>O cantor <strong><a href=\"https:\/\/portalpopmais.com.br\/en\/jesse-aguiar-lanca-serie-audiovisual-raul\/\">Jess\u00e9 Aguiar<\/a><\/strong> anunciou que est\u00e1 de volta \u00e0s atividades na igreja evang\u00e9lica. A not\u00edcia vem quase um ano ap\u00f3s o artista gospel assumir a sua homossexualidade e sair do mercado musical gospel.<\/p>\n\n\n\n<p>Em v\u00eddeo publicado no Instagram nesta segunda-feira (13), o cantor \u00e9 recebido no altar pelo pastor da Assembleia de Deus Minist\u00e9rio Balne\u00e1rio, Valdimar Ribeiro de Souza, conhecido como Mazinho. A igreja fica em Aparecida de Goi\u00e2nia, <a href=\"http:\/\/twitter.com\/sitepopmais\" target=\"_blank\" rel=\"noopener\">Goi\u00e1s<\/a>.<\/p>\n\n\n\n<div class=\"wp-block-group\"><div class=\"wp-block-group__inner-container is-layout-constrained wp-block-group-is-layout-constrained\">\n<h2 class=\"wp-block-heading\">Veja mais<\/h2>\n\n\n<ul class=\"wp-block-latest-posts__list is-grid columns-3 aligncenter wp-block-latest-posts\"><li><div class=\"wp-block-latest-posts__featured-image\"><img loading=\"lazy\" decoding=\"async\" width=\"768\" height=\"456\" src=\"https:\/\/portalpopmais.com.br\/wp-content\/uploads\/2026\/04\/Filho-de-Cid-Moreira-deixa-prisao-apos-decisao-da-Justica-de-SP-768x456.webp\" class=\"attachment-medium size-medium wp-post-image\" alt=\"Filho de Cid Moreira deixa pris\u00e3o ap\u00f3s decis\u00e3o da Justi\u00e7a de SP\" style=\"\" srcset=\"https:\/\/portalpopmais.com.br\/wp-content\/uploads\/2026\/04\/Filho-de-Cid-Moreira-deixa-prisao-apos-decisao-da-Justica-de-SP-768x456.webp 768w, https:\/\/portalpopmais.com.br\/wp-content\/uploads\/2026\/04\/Filho-de-Cid-Moreira-deixa-prisao-apos-decisao-da-Justica-de-SP-1170x694.webp 1170w\" sizes=\"auto, (max-width: 768px) 100vw, 768px\" title=\"\"><\/div><a class=\"wp-block-latest-posts__post-title\" href=\"https:\/\/portalpopmais.com.br\/en\/filho-de-cid-moreira-deixa-prisao-apos-decisao-da-justica-de-sao-paulo\/\">Filho de Cid Moreira deixa pris\u00e3o ap\u00f3s decis\u00e3o da Justi\u00e7a de S\u00e3o Paulo<\/a><\/li>\n<li><div class=\"wp-block-latest-posts__featured-image\"><img loading=\"lazy\" decoding=\"async\" width=\"768\" height=\"450\" src=\"https:\/\/portalpopmais.com.br\/wp-content\/uploads\/2026\/02\/whindersson-nunes-reproducao-instagram-768x450.jpg\" class=\"attachment-medium size-medium wp-post-image\" alt=\"\" style=\"\" srcset=\"https:\/\/portalpopmais.com.br\/wp-content\/uploads\/2026\/02\/whindersson-nunes-reproducao-instagram-768x450.jpg 768w, https:\/\/portalpopmais.com.br\/wp-content\/uploads\/2026\/02\/whindersson-nunes-reproducao-instagram-18x10.jpg 18w\" sizes=\"auto, (max-width: 768px) 100vw, 768px\" title=\"\"><\/div><a class=\"wp-block-latest-posts__post-title\" href=\"https:\/\/portalpopmais.com.br\/en\/whindersson-nunes-relata-confusao-mental-e-levanta-alerta-sobre-saude-psicologica\/\">Whindersson Nunes relata confus\u00e3o mental e levanta alerta sobre sa\u00fade psicol\u00f3gica<\/a><\/li>\n<li><div class=\"wp-block-latest-posts__featured-image\"><img loading=\"lazy\" decoding=\"async\" width=\"768\" height=\"456\" src=\"https:\/\/portalpopmais.com.br\/wp-content\/uploads\/2026\/04\/thais-carla-768x456.png\" class=\"attachment-medium size-medium wp-post-image\" alt=\"thais carla\" style=\"\" srcset=\"https:\/\/portalpopmais.com.br\/wp-content\/uploads\/2026\/04\/thais-carla-768x456.png 768w, https:\/\/portalpopmais.com.br\/wp-content\/uploads\/2026\/04\/thais-carla-18x12.png 18w\" sizes=\"auto, (max-width: 768px) 100vw, 768px\" title=\"\"><\/div><a class=\"wp-block-latest-posts__post-title\" href=\"https:\/\/portalpopmais.com.br\/en\/leo-lins-ironiza-desabafo-de-thais-carla-e-reacende-polemica\/\">Leo Lins ironiza desabafo de Thais Carla e reacende pol\u00eamica<\/a><\/li>\n<li><div class=\"wp-block-latest-posts__featured-image\"><img loading=\"lazy\" decoding=\"async\" width=\"768\" height=\"456\" src=\"https:\/\/portalpopmais.com.br\/wp-content\/uploads\/2026\/01\/pc-siqueira-212026-768x456.jpg\" class=\"attachment-medium size-medium wp-post-image\" alt=\"\" style=\"\" srcset=\"https:\/\/portalpopmais.com.br\/wp-content\/uploads\/2026\/01\/pc-siqueira-212026-768x456.jpg 768w, https:\/\/portalpopmais.com.br\/wp-content\/uploads\/2026\/01\/pc-siqueira-212026-1170x694.jpg 1170w, https:\/\/portalpopmais.com.br\/wp-content\/uploads\/2026\/01\/pc-siqueira-212026-18x10.jpg 18w\" sizes=\"auto, (max-width: 768px) 100vw, 768px\" title=\"\"><\/div><a class=\"wp-block-latest-posts__post-title\" href=\"https:\/\/portalpopmais.com.br\/en\/pericia-independente-diz-que-pc-siqueira-foi-assassinado-entenda\/\">Per\u00edcia independente diz que PC Siqueira foi assassinado; entenda<\/a><\/li>\n<li><div class=\"wp-block-latest-posts__featured-image\"><img loading=\"lazy\" decoding=\"async\" width=\"768\" height=\"456\" src=\"https:\/\/portalpopmais.com.br\/wp-content\/uploads\/2026\/04\/Screenshot_20260430-062505-768x456.png\" class=\"attachment-medium size-medium wp-post-image\" alt=\"Screenshot 20260430 062505\" style=\"\" srcset=\"https:\/\/portalpopmais.com.br\/wp-content\/uploads\/2026\/04\/Screenshot_20260430-062505-768x456.png 768w, https:\/\/portalpopmais.com.br\/wp-content\/uploads\/2026\/04\/Screenshot_20260430-062505-18x10.png 18w\" sizes=\"auto, (max-width: 768px) 100vw, 768px\" title=\"\"><\/div><a class=\"wp-block-latest-posts__post-title\" href=\"https:\/\/portalpopmais.com.br\/en\/video-malevola-alves-e-mc-paiva-saem-no-tapa-em-shopping-de-sp\/\">V\u00eddeo: Mal\u00e9vola Alves e MC Paiva saem no tapa em shopping de SP<\/a><\/li>\n<li><div class=\"wp-block-latest-posts__featured-image\"><img loading=\"lazy\" decoding=\"async\" width=\"768\" height=\"456\" src=\"https:\/\/portalpopmais.com.br\/wp-content\/uploads\/2026\/04\/whatsapp-image-2026-04-29-at-16.32.05-768x456.jpeg\" class=\"attachment-medium size-medium wp-post-image\" alt=\"whatsapp image 2026 04 29 at 16.32.05\" style=\"\" srcset=\"https:\/\/portalpopmais.com.br\/wp-content\/uploads\/2026\/04\/whatsapp-image-2026-04-29-at-16.32.05-768x456.jpeg 768w, https:\/\/portalpopmais.com.br\/wp-content\/uploads\/2026\/04\/whatsapp-image-2026-04-29-at-16.32.05-18x12.jpeg 18w\" sizes=\"auto, (max-width: 768px) 100vw, 768px\" title=\"\"><\/div><a class=\"wp-block-latest-posts__post-title\" href=\"https:\/\/portalpopmais.com.br\/en\/cantor-envolvido-em-treta-com-daniela-mercury-edson-gomes-foi-acusado-por-deputada-conheci-uma-das-agredidas\/\">Cantor envolvido em treta com Daniela Mercury, Edson Gomes foi acusado por deputada: &#8216;Conheci uma das agredidas&#8217;<\/a><\/li>\n<\/ul><\/div><\/div>\n\n\n\n<p>\u2013 Jess\u00e9 conversou comigo e ficou um tempo sentado, um tempo fora da comunh\u00e3o, mas reconheceu que est\u00e1 pronto \u2013 disse o l\u00edder religioso.<\/p>\n\n\n\n<p>\u2013 Jess\u00e9, meu filho, saiba que aqui na AD Balne\u00e1rio voc\u00ea tem uma casa, voc\u00ea tem um pastor e uma fam\u00edlia de bra\u00e7os abertos a te receber, meu filho \u2013 escreveu o pastor na publica\u00e7\u00e3o, compartilhada tanto na rede social da igreja, quanto no perfil de Jess\u00e9.<\/p>\n\n\n\n<p>No \u00faltimo domingo (12), Jess\u00e9 j\u00e1 havia compartilhado um longo texto em seu perfil no Instagram, contanto sobre como se deu conta de que tem uma \u201cmiss\u00e3o\u201d dada por Deus.<\/p>\n\n\n\n<p>\u2013 Se \u00e9 pra isso que nasci, agora entendi \u2013 disse o cantor.<\/p>\n\n\n\n<p>\u2013 Nasci para trazer uma mensagem ao ferido que ainda sangra, ao aut\u00f4nomo que anda ansioso, quem sabe, vim pra me comunicar tamb\u00e9m, com o pai, a m\u00e3e, pastor ou empres\u00e1rio, que tanto \u00e9 cobrado, mas s\u00f3 precisa se sentir compreendido (\u2026). Nasci para cumprir uma miss\u00e3o, e \u00e9 por ela que hoje decido viver \u2013 declarou.<\/p>\n\n\n\n<p>Na manh\u00e3 desta ter\u00e7a (13), Jess\u00e9 agradeceu \u00e0s in\u00fameras mensagens de apoio que recebeu e disse que est\u00e1 como Neemias, \u201cnuma grande obra e n\u00e3o posso parar\u201d.<\/p>\n\n\n\n<figure class=\"wp-block-embed is-type-rich is-provider-instagram wp-block-embed-instagram\"><div class=\"wp-block-embed__wrapper\">\nhttps:\/\/www.instagram.com\/reel\/C64S-FNAPLo\/?utm_source=ig_embed&#038;ig_rid=031efe10-e72b-4ed9-8e29-083667fa2e47\n<\/div><\/figure>","protected":false},"excerpt":{"rendered":"<p>O cantor Jess\u00e9 Aguiar anunciou que est\u00e1 de volta \u00e0s atividades na igreja evang\u00e9lica. A not\u00edcia vem quase um ano ap\u00f3s o artista gospel assumir a sua homossexualidade e sair do mercado musical gospel. Em v\u00eddeo publicado no Instagram nesta segunda-feira (13), o cantor \u00e9 recebido no altar pelo pastor da Assembleia de Deus Minist\u00e9rio [&hellip;]<\/p>\n","protected":false},"author":2,"featured_media":177989,"comment_status":"closed","ping_status":"open","sticky":false,"template":"","format":"standard","meta":{"footnotes":""},"categories":[154],"tags":[13410],"class_list":["post-210332","post","type-post","status-publish","format-standard","has-post-thumbnail","hentry","category-musica","tag-jesse-aguiar"],"_links":{"self":[{"href":"https:\/\/portalpopmais.com.br\/en\/wp-json\/wp\/v2\/posts\/210332","targetHints":{"allow":["GET"]}}],"collection":[{"href":"https:\/\/portalpopmais.com.br\/en\/wp-json\/wp\/v2\/posts"}],"about":[{"href":"https:\/\/portalpopmais.com.br\/en\/wp-json\/wp\/v2\/types\/post"}],"author":[{"embeddable":true,"href":"https:\/\/portalpopmais.com.br\/en\/wp-json\/wp\/v2\/users\/2"}],"replies":[{"embeddable":true,"href":"https:\/\/portalpopmais.com.br\/en\/wp-json\/wp\/v2\/comments?post=210332"}],"version-history":[{"count":0,"href":"https:\/\/portalpopmais.com.br\/en\/wp-json\/wp\/v2\/posts\/210332\/revisions"}],"wp:featuredmedia":[{"embeddable":true,"href":"https:\/\/portalpopmais.com.br\/en\/wp-json\/wp\/v2\/media\/177989"}],"wp:attachment":[{"href":"https:\/\/portalpopmais.com.br\/en\/wp-json\/wp\/v2\/media?parent=210332"}],"wp:term":[{"taxonomy":"category","embeddable":true,"href":"https:\/\/portalpopmais.com.br\/en\/wp-json\/wp\/v2\/categories?post=210332"},{"taxonomy":"post_tag","embeddable":true,"href":"https:\/\/portalpopmais.com.br\/en\/wp-json\/wp\/v2\/tags?post=210332"}],"curies":[{"name":"wp","href":"https:\/\/api.w.org\/{rel}","templated":true}]}}