{"id":211096,"date":"2024-05-29T06:25:57","date_gmt":"2024-05-29T09:25:57","guid":{"rendered":"https:\/\/portalpopmais.com.br\/?p=211096"},"modified":"2024-05-29T06:27:19","modified_gmt":"2024-05-29T09:27:19","slug":"saiba-qual-e-o-real-estado-de-saude-de-kayky-brito-meses-apos-o-acidente","status":"publish","type":"post","link":"https:\/\/portalpopmais.com.br\/en\/saiba-qual-e-o-real-estado-de-saude-de-kayky-brito-meses-apos-o-acidente\/","title":{"rendered":"Saiba qual \u00e9 o real estado de sa\u00fade de Kayky Brito meses ap\u00f3s o acidente"},"content":{"rendered":"<p>O ator <strong><a href=\"https:\/\/portalpopmais.com.br\/en\/motorista-kayky-brito-vereador\/\" data-type=\"post\" data-id=\"198170\">Kayky Brito<\/a><\/strong> usou suas redes sociais  para deixar um recado para seus f\u00e3s e amigos a respeito de sua recupera\u00e7\u00e3o. Ele se recupera nos \u00faltimos meses, ap\u00f3s ser atropelado em uma avenida na orla da Barra da Tijuca, no Rio de Janeiro.<\/p>\n\n\n\n<p>&#8220;Oi. Diretamente do Rio de Janeiro, que faz calor o ano inteiro, hoje faz frio no Rio. E por a\u00ed? Espero que esteja tudo bem. Passando aqui s\u00f3 pra dar um al\u00f4. Por aqui, melhor a cada dia&#8221;, disse nos stories do <a href=\"http:\/\/instagram.com\/portalpopmais\" target=\"_blank\" rel=\"noopener\">Instagram<\/a>.<\/p>\n\n\n\n<div class=\"wp-block-group\"><div class=\"wp-block-group__inner-container is-layout-constrained wp-block-group-is-layout-constrained\">\n<h2 class=\"wp-block-heading\">Veja mais<\/h2>\n\n\n<ul class=\"wp-block-latest-posts__list is-grid columns-3 aligncenter wp-block-latest-posts\"><li><div class=\"wp-block-latest-posts__featured-image aligncenter\"><a href=\"https:\/\/portalpopmais.com.br\/en\/luana-piovani-volta-a-alfinetar-virginia-nao-vou-sucumbir\/\" aria-label=\"Luana Piovani volta a alfinetar Virg\u00ednia: \u201cN\u00e3o vou sucumbir\u201d\"><img loading=\"lazy\" decoding=\"async\" width=\"768\" height=\"456\" src=\"https:\/\/portalpopmais.com.br\/wp-content\/uploads\/2026\/04\/virginia-20--768x456.jpg\" class=\"attachment-medium size-medium wp-post-image\" alt=\"virginia 20\" style=\"\" srcset=\"https:\/\/portalpopmais.com.br\/wp-content\/uploads\/2026\/04\/virginia-20--768x456.jpg 768w, https:\/\/portalpopmais.com.br\/wp-content\/uploads\/2026\/04\/virginia-20--18x12.jpg 18w\" sizes=\"auto, (max-width: 768px) 100vw, 768px\" title=\"\"><\/a><\/div><a class=\"wp-block-latest-posts__post-title\" href=\"https:\/\/portalpopmais.com.br\/en\/luana-piovani-volta-a-alfinetar-virginia-nao-vou-sucumbir\/\">Luana Piovani volta a alfinetar Virg\u00ednia: \u201cN\u00e3o vou sucumbir\u201d<\/a><\/li>\n<li><div class=\"wp-block-latest-posts__featured-image aligncenter\"><a href=\"https:\/\/portalpopmais.com.br\/en\/familia-de-bruce-willis-planeja-doar-cerebro-do-ator-para-impulsionar-pesquisas-sobre-demencia\/\" aria-label=\"Fam\u00edlia de Bruce Willis planeja doar c\u00e9rebro do ator para impulsionar pesquisas sobre dem\u00eancia\"><img loading=\"lazy\" decoding=\"async\" width=\"768\" height=\"456\" src=\"https:\/\/portalpopmais.com.br\/wp-content\/uploads\/2025\/07\/Bruce-Willis-Ator-Morre-768x456.jpeg\" class=\"attachment-medium size-medium wp-post-image\" alt=\"\" style=\"\" title=\"\"><\/a><\/div><a class=\"wp-block-latest-posts__post-title\" href=\"https:\/\/portalpopmais.com.br\/en\/familia-de-bruce-willis-planeja-doar-cerebro-do-ator-para-impulsionar-pesquisas-sobre-demencia\/\">Fam\u00edlia de Bruce Willis planeja doar c\u00e9rebro do ator para impulsionar pesquisas sobre dem\u00eancia<\/a><\/li>\n<li><div class=\"wp-block-latest-posts__featured-image aligncenter\"><a href=\"https:\/\/portalpopmais.com.br\/en\/luiza-ambiel-desabafa-apos-internacao-de-urgencia-fui-intubada\/\" aria-label=\"Luiza Ambiel desabafa ap\u00f3s interna\u00e7\u00e3o de urg\u00eancia: \u201cFui intubada\u201d\"><img loading=\"lazy\" decoding=\"async\" width=\"768\" height=\"456\" src=\"https:\/\/portalpopmais.com.br\/wp-content\/uploads\/2026\/04\/luiza-ambiel-usou-as-redes-sociais-para-atualizar-o-estado-de-saude-apos-internacao-as-pressas-768x456.webp\" class=\"attachment-medium size-medium wp-post-image\" alt=\"luiza ambiel usou as redes sociais para atualizar o estado de saude apos internacao as pressas\" style=\"\" srcset=\"https:\/\/portalpopmais.com.br\/wp-content\/uploads\/2026\/04\/luiza-ambiel-usou-as-redes-sociais-para-atualizar-o-estado-de-saude-apos-internacao-as-pressas-768x456.webp 768w, https:\/\/portalpopmais.com.br\/wp-content\/uploads\/2026\/04\/luiza-ambiel-usou-as-redes-sociais-para-atualizar-o-estado-de-saude-apos-internacao-as-pressas-18x12.webp 18w\" sizes=\"auto, (max-width: 768px) 100vw, 768px\" title=\"\"><\/a><\/div><a class=\"wp-block-latest-posts__post-title\" href=\"https:\/\/portalpopmais.com.br\/en\/luiza-ambiel-desabafa-apos-internacao-de-urgencia-fui-intubada\/\">Luiza Ambiel desabafa ap\u00f3s interna\u00e7\u00e3o de urg\u00eancia: \u201cFui intubada\u201d<\/a><\/li>\n<li><div class=\"wp-block-latest-posts__featured-image aligncenter\"><a href=\"https:\/\/portalpopmais.com.br\/en\/apos-ser-marmita-de-casal-lil-nas-x-defenda-a-monogamia\/\" aria-label=\"Ap\u00f3s ser &#8216;marmita&#8217; de casal, Lil Nas X defende a monogamia\"><img loading=\"lazy\" decoding=\"async\" width=\"768\" height=\"456\" src=\"https:\/\/portalpopmais.com.br\/wp-content\/uploads\/2025\/08\/lil-nas-x-768x456.jpg\" class=\"attachment-medium size-medium wp-post-image\" alt=\"\" style=\"\" srcset=\"https:\/\/portalpopmais.com.br\/wp-content\/uploads\/2025\/08\/lil-nas-x-768x456.jpg 768w, https:\/\/portalpopmais.com.br\/wp-content\/uploads\/2025\/08\/lil-nas-x-18x10.jpg 18w\" sizes=\"auto, (max-width: 768px) 100vw, 768px\" title=\"\"><\/a><\/div><a class=\"wp-block-latest-posts__post-title\" href=\"https:\/\/portalpopmais.com.br\/en\/apos-ser-marmita-de-casal-lil-nas-x-defenda-a-monogamia\/\">Ap\u00f3s ser &#8216;marmita&#8217; de casal, Lil Nas X defende a monogamia<\/a><\/li>\n<li><div class=\"wp-block-latest-posts__featured-image aligncenter\"><a href=\"https:\/\/portalpopmais.com.br\/en\/ana-paula-renault-esculacha-nikolas-ferreira-gnomo-veja-a-treta\/\" aria-label=\"Ana Paula Renault esculacha Nikolas Ferreira: &#8220;Gnomo&#8221;; veja a treta\"><img loading=\"lazy\" decoding=\"async\" width=\"768\" height=\"456\" src=\"https:\/\/portalpopmais.com.br\/wp-content\/uploads\/2026\/04\/Design-sem-nome-98-4-768x456.webp\" class=\"attachment-medium size-medium wp-post-image\" alt=\"Design sem nome 98 4\" style=\"\" srcset=\"https:\/\/portalpopmais.com.br\/wp-content\/uploads\/2026\/04\/Design-sem-nome-98-4-768x456.webp 768w, https:\/\/portalpopmais.com.br\/wp-content\/uploads\/2026\/04\/Design-sem-nome-98-4-18x12.webp 18w\" sizes=\"auto, (max-width: 768px) 100vw, 768px\" title=\"\"><\/a><\/div><a class=\"wp-block-latest-posts__post-title\" href=\"https:\/\/portalpopmais.com.br\/en\/ana-paula-renault-esculacha-nikolas-ferreira-gnomo-veja-a-treta\/\">Ana Paula Renault esculacha Nikolas Ferreira: &#8220;Gnomo&#8221;; veja a treta<\/a><\/li>\n<li><div class=\"wp-block-latest-posts__featured-image aligncenter\"><a href=\"https:\/\/portalpopmais.com.br\/en\/imagens-fortes-anderson-neiff-exibe-ferimento-apos-ataque-e-rebate-acusacoes-de-armacao\/\" aria-label=\"Imagens fortes: Anderson Neiff exibe ferimento ap\u00f3s ataque e rebate acusa\u00e7\u00f5es de arma\u00e7\u00e3o\"><img loading=\"lazy\" decoding=\"async\" width=\"768\" height=\"456\" src=\"https:\/\/portalpopmais.com.br\/wp-content\/uploads\/2026\/04\/ti-2842-768x456.webp\" class=\"attachment-medium size-medium wp-post-image\" alt=\"ti 2842\" style=\"\" srcset=\"https:\/\/portalpopmais.com.br\/wp-content\/uploads\/2026\/04\/ti-2842-768x456.webp 768w, https:\/\/portalpopmais.com.br\/wp-content\/uploads\/2026\/04\/ti-2842-18x12.webp 18w\" sizes=\"auto, (max-width: 768px) 100vw, 768px\" title=\"\"><\/a><\/div><a class=\"wp-block-latest-posts__post-title\" href=\"https:\/\/portalpopmais.com.br\/en\/imagens-fortes-anderson-neiff-exibe-ferimento-apos-ataque-e-rebate-acusacoes-de-armacao\/\">Imagens fortes: Anderson Neiff exibe ferimento ap\u00f3s ataque e rebate acusa\u00e7\u00f5es de arma\u00e7\u00e3o<\/a><\/li>\n<\/ul><\/div><\/div>\n\n\n\n<h2 class=\"wp-block-heading\">O acidente<\/h2>\n\n\n\n<p>Em setembro do ano passado (2023), ele foi fortemente atropelado por um carro de aplicativo, ap\u00f3s atravessar a rua sem olhar para os lados. Ele estava bebendo em um bar, acompanhado de Bruno de Luca.<\/p>\n\n\n\n<p>Ap\u00f3s o acidente, ele ficou um m\u00eas hospitalizado, e, quando recebeu alta, fez quest\u00e3o de agradecer ao motorista que o atropelou, Diones Coelho, por ter prestado socorro e salvado sua vida.<\/p>","protected":false},"excerpt":{"rendered":"<p>O ator Kayky Brito usou suas redes sociais para deixar um recado para seus f\u00e3s e amigos a respeito de sua recupera\u00e7\u00e3o. Ele se recupera nos \u00faltimos meses, ap\u00f3s ser atropelado em uma avenida na orla da Barra da Tijuca, no Rio de Janeiro. &#8220;Oi. Diretamente do Rio de Janeiro, que faz calor o ano [&hellip;]<\/p>\n","protected":false},"author":2,"featured_media":190117,"comment_status":"closed","ping_status":"open","sticky":false,"template":"","format":"standard","meta":{"footnotes":""},"categories":[173],"tags":[10293],"class_list":["post-211096","post","type-post","status-publish","format-standard","has-post-thumbnail","hentry","category-celebridades","tag-kayky-brito"],"_links":{"self":[{"href":"https:\/\/portalpopmais.com.br\/en\/wp-json\/wp\/v2\/posts\/211096","targetHints":{"allow":["GET"]}}],"collection":[{"href":"https:\/\/portalpopmais.com.br\/en\/wp-json\/wp\/v2\/posts"}],"about":[{"href":"https:\/\/portalpopmais.com.br\/en\/wp-json\/wp\/v2\/types\/post"}],"author":[{"embeddable":true,"href":"https:\/\/portalpopmais.com.br\/en\/wp-json\/wp\/v2\/users\/2"}],"replies":[{"embeddable":true,"href":"https:\/\/portalpopmais.com.br\/en\/wp-json\/wp\/v2\/comments?post=211096"}],"version-history":[{"count":0,"href":"https:\/\/portalpopmais.com.br\/en\/wp-json\/wp\/v2\/posts\/211096\/revisions"}],"wp:featuredmedia":[{"embeddable":true,"href":"https:\/\/portalpopmais.com.br\/en\/wp-json\/wp\/v2\/media\/190117"}],"wp:attachment":[{"href":"https:\/\/portalpopmais.com.br\/en\/wp-json\/wp\/v2\/media?parent=211096"}],"wp:term":[{"taxonomy":"category","embeddable":true,"href":"https:\/\/portalpopmais.com.br\/en\/wp-json\/wp\/v2\/categories?post=211096"},{"taxonomy":"post_tag","embeddable":true,"href":"https:\/\/portalpopmais.com.br\/en\/wp-json\/wp\/v2\/tags?post=211096"}],"curies":[{"name":"wp","href":"https:\/\/api.w.org\/{rel}","templated":true}]}}