{"id":211555,"date":"2024-06-03T08:30:13","date_gmt":"2024-06-03T11:30:13","guid":{"rendered":"https:\/\/portalpopmais.com.br\/?p=211555"},"modified":"2024-06-10T09:25:09","modified_gmt":"2024-06-10T12:25:09","slug":"conor-mcgregor-termina-luta-com-jose-aldo-em-13-segundos","status":"publish","type":"post","link":"https:\/\/portalpopmais.com.br\/en\/conor-mcgregor-termina-luta-com-jose-aldo-em-13-segundos\/","title":{"rendered":"Conor Mcgregor Termina Luta Com Jos\u00e9 Aldo Em 13 Segundos"},"content":{"rendered":"<p class=\"wp-block-paragraph\">O evento mais significativo e impressionante do campeonato do UFC 194, que aconteceu em Las Vegas, Nevada, no dia 12 de dezembro, foi a luta entre Jos\u00e9 Aldo e Conor McGregor pelo t\u00edtulo dos penas. Desde o in\u00edcio as casas de apostas previram a vit\u00f3ria de Conor, mas ap\u00f3s a pesagem come\u00e7aram a se inclinar a favor do brasileiro, um dos melhores lutadores do mundo, independente do peso.<\/p>\n\n\n\n<p class=\"wp-block-paragraph\">\u00c9 claro que depois da vit\u00f3ria de 13 segundos de McGregor, os impressionantes campeonatos do UFC n\u00e3o terminaram a\u00ed. Os f\u00e3s fi\u00e9is das lutas ainda podem acompanhar as probabilidades da casa de apostas Brabet <a href=\"https:\/\/brabetx.com\/app\/\" target=\"_blank\" rel=\"noopener\">https:\/\/brabetx.com\/app\/<\/a> e prever a vit\u00f3ria de um dos advers\u00e1rios, mas voltemos aos detalhes do confronto entre brasileiros e irlandeses.<\/p>\n\n\n\n<h2 class=\"wp-block-heading\">Estrat\u00e9gias E Treinamento De Ambos Os Lutadores<\/h2>\n\n\n\n<p class=\"wp-block-paragraph\">Ambos os advers\u00e1rios se prepararam bem antes da luta. Em geral, a tens\u00e3o entre eles foi sentida ao longo do ano que antecedeu a competi\u00e7\u00e3o. Durante o duelo de olhares antes da luta pelo t\u00edtulo do UFC 194, Jos\u00e9 imitou Conor ao adotar a postura baixa caracter\u00edstica do lutador irland\u00eas. Vale destacar que antes da pesagem, Conor era o claro favorito entre as casas de apostas, mas depois disso esse status foi para o Aldo. Antes da luta, Aldo se sentia muito confiante e determinado a vencer rapidamente, mas durante a batalha foi provado o contr\u00e1rio.<\/p>\n\n\n\n<p class=\"wp-block-paragraph\">Antes da luta, o irland\u00eas de l\u00edngua afiada n\u00e3o hesitou em fazer coment\u00e1rios feios sobre Aldo. Al\u00e9m disso, em um show conjunto para a imprensa, Conor tirou o cintur\u00e3o de Jos\u00e9, que o segundo tentou pegar imediatamente para si, mas n\u00e3o conseguiu. Com isso, o cintur\u00e3o foi devolvido pelos seguran\u00e7as do UFC que estiveram presentes na coletiva de imprensa, mas, o lutador brasileiro tentou retribuir McGregor na mesma moeda &#8211; xingou Conor, mas n\u00e3o se parecia com ele mesmo. Foi percept\u00edvel que as travessuras de Conor machucaram Jos\u00e9.<\/p>\n\n\n\n<h2 class=\"wp-block-heading\">An\u00e1lise Detalhada De Um Nocaute Curto<\/h2>\n\n\n\n<p class=\"wp-block-paragraph\">A luta decisiva pelo t\u00edtulo entre Jos\u00e9 e Conor deveria acontecer no ver\u00e3o de 2015, mas naquela \u00e9poca Aldo desistiu da luta devido a uma les\u00e3o. A t\u00e3o esperada competi\u00e7\u00e3o aconteceu no inverno de 2015, no campeonato do UFC 194. Segundo especialistas, Aldo entrou no ringue deprimido, animado e nervoso, e n\u00e3o conseguia se sintonizar devido \u00e0 constante press\u00e3o psicol\u00f3gica de Conor. Essa atitude acabou sendo uma derrota para o brasileiro. Conor conseguiu nocautear o oponente com seu contra-ataque no primeiro round aos 13 segundos, assim, infligiu uma segunda e muito dolorosa derrota na carreira esportiva de Jos\u00e9.<\/p>\n\n\n\n<p class=\"wp-block-paragraph\">Esta derrota \u00e9 considerada o nocaute mais r\u00e1pido, brilhante e brutal da hist\u00f3ria do campeonato do UFC. Aconteceu assim:<\/p>\n\n\n\n<ol class=\"wp-block-list\">\n<li>Primeiro Aldo avan\u00e7ou para Conor.<\/li>\n\n\n\n<li>Mas McGregor acertou seu oponente com um contra-soco do lado esquerdo.<\/li>\n\n\n\n<li>Aldo caiu nocauteado.<\/li>\n\n\n\n<li>McGregor ent\u00e3o acertou Jos\u00e9 com v\u00e1rios socos antes do \u00e1rbitro encerrar a luta.<\/li>\n<\/ol>\n\n\n\n<p class=\"wp-block-paragraph\">No total, a luta durou apenas 13 segundos e, como resultado, Conor McGregor conquistou o t\u00edtulo de novo campe\u00e3o peso pena do UFC.<\/p>\n\n\n\n<h2 class=\"wp-block-heading\">Rea\u00e7\u00f5es A Um Resultado R\u00e1pido De Uma Batalha<\/h2>\n\n\n\n<p class=\"wp-block-paragraph\">A conclus\u00e3o t\u00e3o r\u00e1pida de uma luta importante chocou n\u00e3o apenas os f\u00e3s do MMA, mas tamb\u00e9m muitos atletas profissionais. Principalmente, antes do in\u00edcio da luta, muitos estavam determinados a vencer Aldo. Dan Hardy, Anthony Johnson e Justin Gaethje foram os que mais torceram por ele. McGregor tamb\u00e9m tinha f\u00e3s entre os boxeadores profissionais: Alistair Overeem, Kenny Florian e Tito Ortiz.<\/p>\n\n\n\n<p class=\"wp-block-paragraph\">O resultado da partida foi um verdadeiro choque. A maioria dos f\u00e3s ficou decepcionada com o fato de Aldo ter sido nocauteado t\u00e3o rapidamente, visto que ele n\u00e3o perdeu uma luta nos \u00faltimos 10 anos. Inclusive, de 2010 a 2015, Aldo se manteve invicto campe\u00e3o peso pena do UFC, mas depois da partida com McGregor ele teve que se despedir desse status.<\/p>\n\n\n\n<h3 class=\"wp-block-heading\">Consequ\u00eancias Da Derrota Para Aldo E Seu Legado<\/h3>\n\n\n\n<p class=\"wp-block-paragraph\">Ap\u00f3s a luta com McGregor, Aldo disputou o cintur\u00e3o vago tempor\u00e1rio contra Frankie Edgar. Ele venceu a luta e sagrou-se campe\u00e3o do campeonato de 200 anos do UFC. Ap\u00f3s um per\u00edodo em que McGregor deixou a categoria peso pena, Aldo se tornou campe\u00e3o regular do UFC nesta categoria. Em seguida, Jose lutou com Max Holloway pelo t\u00edtulo, mas essa luta n\u00e3o terminou em vit\u00f3ria para ele, pois Aldo foi nocauteado no 3\u00ba round.<\/p>\n\n\n\n<p class=\"wp-block-paragraph\">Em geral, ap\u00f3s a luta com McGregor, a carreira de Aldo come\u00e7ou a declinar. Ele anunciou oficialmente sua aposentadoria do UFC em setembro de 2022. Em entrevista v\u00e1rios anos ap\u00f3s a luta, Jos\u00e9 comentou sua impressionante derrota dizendo que McGregor era maior que ele e conseguiu acertar um grande soco. O inimigo entendeu suas a\u00e7\u00f5es e atacou Jos\u00e9 primeiro. Quanto ao seu estado emocional, Aldo afirmou que estava completamente calmo e n\u00e3o sentiu o golpe em si.<\/p>","protected":false},"excerpt":{"rendered":"<p>O evento mais significativo e impressionante do campeonato do UFC 194, que aconteceu em Las Vegas, Nevada, no dia 12 de dezembro, foi a luta entre Jos\u00e9 Aldo e Conor McGregor pelo t\u00edtulo dos penas. Desde o in\u00edcio as casas de apostas previram a vit\u00f3ria de Conor, mas ap\u00f3s a pesagem come\u00e7aram a se inclinar [&hellip;]<\/p>\n","protected":false},"author":2,"featured_media":211556,"comment_status":"closed","ping_status":"open","sticky":false,"template":"","format":"standard","meta":{"footnotes":""},"categories":[2165],"tags":[9204],"class_list":["post-211555","post","type-post","status-publish","format-standard","has-post-thumbnail","hentry","category-noticias","tag-conor-mcgregor"],"_links":{"self":[{"href":"https:\/\/portalpopmais.com.br\/en\/wp-json\/wp\/v2\/posts\/211555","targetHints":{"allow":["GET"]}}],"collection":[{"href":"https:\/\/portalpopmais.com.br\/en\/wp-json\/wp\/v2\/posts"}],"about":[{"href":"https:\/\/portalpopmais.com.br\/en\/wp-json\/wp\/v2\/types\/post"}],"author":[{"embeddable":true,"href":"https:\/\/portalpopmais.com.br\/en\/wp-json\/wp\/v2\/users\/2"}],"replies":[{"embeddable":true,"href":"https:\/\/portalpopmais.com.br\/en\/wp-json\/wp\/v2\/comments?post=211555"}],"version-history":[{"count":0,"href":"https:\/\/portalpopmais.com.br\/en\/wp-json\/wp\/v2\/posts\/211555\/revisions"}],"wp:featuredmedia":[{"embeddable":true,"href":"https:\/\/portalpopmais.com.br\/en\/wp-json\/wp\/v2\/media\/211556"}],"wp:attachment":[{"href":"https:\/\/portalpopmais.com.br\/en\/wp-json\/wp\/v2\/media?parent=211555"}],"wp:term":[{"taxonomy":"category","embeddable":true,"href":"https:\/\/portalpopmais.com.br\/en\/wp-json\/wp\/v2\/categories?post=211555"},{"taxonomy":"post_tag","embeddable":true,"href":"https:\/\/portalpopmais.com.br\/en\/wp-json\/wp\/v2\/tags?post=211555"}],"curies":[{"name":"wp","href":"https:\/\/api.w.org\/{rel}","templated":true}]}}