{"id":211656,"date":"2024-06-05T15:56:27","date_gmt":"2024-06-05T18:56:27","guid":{"rendered":"https:\/\/portalpopmais.com.br\/?p=211656"},"modified":"2024-06-05T15:57:28","modified_gmt":"2024-06-05T18:57:28","slug":"janones-nikolas-tapa","status":"publish","type":"post","link":"https:\/\/portalpopmais.com.br\/en\/janones-nikolas-tapa\/","title":{"rendered":"V\u00eddeo: Andr\u00e9 Janones e Nikolas Ferreira saem no tapa na C\u00e2mara dos Deputados; assista"},"content":{"rendered":"<p class=\"wp-block-paragraph\">O fim da sess\u00e3o do Conselho de \u00c9tica da C\u00e2mara que arquivou a representa\u00e7\u00e3o contra o deputado Andr\u00e9 Janones (Avante-MG) por pr\u00e1tica de \u201crachadinha\u201d teve mais confus\u00e3o do que o entrevero entre Janones e o deputado bolsonarista Z\u00e9 Trov\u00e3o (PL-SC).<\/p>\n\n\n\n<p class=\"wp-block-paragraph\">O deputado do Avante quase se atracou aos tapas com outro desafeto seu no bolsonarismo, Nikolas Ferreira, do PL de Minas Gerais.<\/p>\n\n\n\n<p class=\"wp-block-paragraph\">Separados por assessores, os dois por pouco n\u00e3o foram \u00e0s vias de fato em um dos corredores da C\u00e2mara, enquanto trocavam ofensas. Janones chamou Nikolas de \u201cMoleque golpista\u201d e ouviu de volta \u201cbate, rachadinha\u201d e \u201cvoc\u00ea n\u00e3o \u00e9 mach\u00e3o?\u201d.<\/p>\n\n\n\n<figure class=\"wp-block-embed is-type-rich is-provider-twitter wp-block-embed-twitter\"><div class=\"wp-block-embed__wrapper\">\n<blockquote class=\"twitter-tweet\" data-width=\"550\" data-dnt=\"true\"><p lang=\"pt\" dir=\"ltr\">\ud83d\udea8BAIXARIA! Nikolas Ferreira persegue o deputado Andr\u00e9 Janones ap\u00f3s discuss\u00e3o no Congresso Nacional. \ud83c\udd98 <a href=\"https:\/\/t.co\/N2Hb4tFHmU\">pic.twitter.com\/N2Hb4tFHmU<\/a><\/p>&mdash; poponze (@poponze) <a href=\"https:\/\/twitter.com\/poponze\/status\/1798419026076643667?ref_src=twsrc%5Etfw\" target=\"_blank\" rel=\"noopener\">June 5, 2024<\/a><\/blockquote><script async src=\"https:\/\/platform.twitter.com\/widgets.js\" charset=\"utf-8\"><\/script>\n<\/div><\/figure>","protected":false},"excerpt":{"rendered":"<p>O fim da sess\u00e3o do Conselho de \u00c9tica da C\u00e2mara que arquivou a representa\u00e7\u00e3o contra o deputado Andr\u00e9 Janones (Avante-MG) por pr\u00e1tica de \u201crachadinha\u201d teve mais confus\u00e3o do que o entrevero entre Janones e o deputado bolsonarista Z\u00e9 Trov\u00e3o (PL-SC). O deputado do Avante quase se atracou aos tapas com outro desafeto seu no bolsonarismo, [&hellip;]<\/p>\n","protected":false},"author":2,"featured_media":211658,"comment_status":"closed","ping_status":"open","sticky":false,"template":"","format":"standard","meta":{"footnotes":""},"categories":[2165],"tags":[12517],"class_list":["post-211656","post","type-post","status-publish","format-standard","has-post-thumbnail","hentry","category-noticias","tag-nikolas-ferreira"],"_links":{"self":[{"href":"https:\/\/portalpopmais.com.br\/en\/wp-json\/wp\/v2\/posts\/211656","targetHints":{"allow":["GET"]}}],"collection":[{"href":"https:\/\/portalpopmais.com.br\/en\/wp-json\/wp\/v2\/posts"}],"about":[{"href":"https:\/\/portalpopmais.com.br\/en\/wp-json\/wp\/v2\/types\/post"}],"author":[{"embeddable":true,"href":"https:\/\/portalpopmais.com.br\/en\/wp-json\/wp\/v2\/users\/2"}],"replies":[{"embeddable":true,"href":"https:\/\/portalpopmais.com.br\/en\/wp-json\/wp\/v2\/comments?post=211656"}],"version-history":[{"count":0,"href":"https:\/\/portalpopmais.com.br\/en\/wp-json\/wp\/v2\/posts\/211656\/revisions"}],"wp:featuredmedia":[{"embeddable":true,"href":"https:\/\/portalpopmais.com.br\/en\/wp-json\/wp\/v2\/media\/211658"}],"wp:attachment":[{"href":"https:\/\/portalpopmais.com.br\/en\/wp-json\/wp\/v2\/media?parent=211656"}],"wp:term":[{"taxonomy":"category","embeddable":true,"href":"https:\/\/portalpopmais.com.br\/en\/wp-json\/wp\/v2\/categories?post=211656"},{"taxonomy":"post_tag","embeddable":true,"href":"https:\/\/portalpopmais.com.br\/en\/wp-json\/wp\/v2\/tags?post=211656"}],"curies":[{"name":"wp","href":"https:\/\/api.w.org\/{rel}","templated":true}]}}