{"id":211717,"date":"2024-06-06T06:15:06","date_gmt":"2024-06-06T09:15:06","guid":{"rendered":"https:\/\/portalpopmais.com.br\/?p=211717"},"modified":"2024-06-06T06:15:16","modified_gmt":"2024-06-06T09:15:16","slug":"festival-tura-sao-paulo-anuncia-horarios-e-palcos-dos-shows","status":"publish","type":"post","link":"https:\/\/portalpopmais.com.br\/en\/festival-tura-sao-paulo-anuncia-horarios-e-palcos-dos-shows\/","title":{"rendered":"Festival TUR\u00c1 S\u00e3o Paulo anuncia hor\u00e1rios e palcos dos shows"},"content":{"rendered":"<p>O <strong>festival TUR\u00c1 S\u00e3o Paulo<\/strong>, que acontecer\u00e1 nos dias 29 e 30 de junho, no Parque Ibirapuera, anuncia os hor\u00e1rios e palcos de todos os shows da edi\u00e7\u00e3o 2024 do evento. Com programa\u00e7\u00e3o 100% nacional, o TUR\u00c1 abrange a pluralidade e riqueza de sonoridades da nossa m\u00fasica. Neste ano, o festival ter\u00e1 mais de 20 shows que navegam pela diversidade de g\u00eaneros, estilos e gera\u00e7\u00f5es do cen\u00e1rio musical brasileiro.<\/p>\n\n\n\n<p>A venda de ingressos est\u00e1 dispon\u00edvel no&nbsp;<a href=\"https:\/\/www.festivaltura.com.br\/\" target=\"_blank\" rel=\"noreferrer noopener\"><strong>site oficial<\/strong><\/a>&nbsp;do evento, tanto para dias individuais, quanto na modalidade passaporte para os dois dias. Os valores s\u00e3o a partir de R$ 195 (meia-entrada).&nbsp;Portadores de cart\u00f5es Ourocard Elo t\u00eam 20% de desconto e possibilidade de parcelamento em 4 vezes sem juros.&nbsp; O festival \u00e9 uma realiza\u00e7\u00e3o da T4F e \u00e9 apresentado por Hering.<\/p>\n\n\n\n<p>Um dos diferenciais na edi\u00e7\u00e3o 2024 do TUR\u00c1 S\u00e3o Paulo em rela\u00e7\u00e3o aos dois primeiros anos ser\u00e1 o segundo palco, apresentado pelo Banco do Brasil, que receber\u00e1 artistas que t\u00eam ganhado cada vez mais destaque na cena da m\u00fasica brasileira, como Filipe Catto, Assucena, Os Garotin e M\u00e3eana interpretando JG, refor\u00e7ando a diversidade da programa\u00e7\u00e3o.<\/p>\n\n\n\n<p>Entre os shows mais aguardados do festival est\u00e1 o da dupla Chit\u00e3ozinho &amp; Xoror\u00f3, uma das pioneiras do sertanejo no pa\u00eds, que pela primeira vez ser\u00e1 uma das principais atra\u00e7\u00f5es em um festival de brasilidades. O cantor e compositor Djavan tamb\u00e9m promete uma apresenta\u00e7\u00e3o emocionante, com hits de toda a carreira para o p\u00fablico cantar junto. Enquanto a diva do samba Alcione, apresenta o rec\u00e9m-lan\u00e7ado show comemorativo de 50 anos de carreira.<\/p>\n\n\n\n<p>O TUR\u00c1 SP tamb\u00e9m ser\u00e1 palco do show de Chico C\u00e9sar e Zeca Baleiro, baseado nas can\u00e7\u00f5es do novo \u00e1lbum em parceria. A colabora\u00e7\u00e3o entre Fresno e Pabllo Vittar tamb\u00e9m se anuncia como um dos pontos altos, levando para o evento a interpreta\u00e7\u00e3o da nova faixa &#8220;Eu Te Amo \/ Eu Te Odeio (I\u00f4-i\u00f4), uma parceria entre os artistas que estar\u00e1 no novo disco da Fresno. Outro momento muito esperado \u00e9 o retorno da Banda U\u00f3, uma explos\u00e3o de energia e criatividade, que volta aos palcos ap\u00f3s um hiato, trazendo seu estilo \u00fanico que mescla pop e tecnobrega.&nbsp;<\/p>\n\n\n\n<p>A Na\u00e7\u00e3o Zumbi celebrar\u00e1 os 30 anos do ic\u00f4nico \u00e1lbum &#8220;Da Lama ao Caos&#8221;, um marco na hist\u00f3ria musical do pa\u00eds. J\u00e1 a cantora Filipe Catto revisita o repert\u00f3rio de Gal Costa, em um tributo que, no \u00faltimo ano, provou sua capacidade de emocionar os f\u00e3s de uma das vozes mais ic\u00f4nicas do Brasil.<\/p>\n\n\n\n<p><strong>Confira os hor\u00e1rios dos shows do TUR\u00c1 S\u00e3o Paulo 2024<\/strong><\/p>\n\n\n\n<p><strong>29 de junho (s\u00e1bado):<\/strong><\/p>\n\n\n\n<p><em>Palco BB<\/em><\/p>\n\n\n\n<ul class=\"wp-block-list\">\n<li>11h30 &#8211; Os Garotin<\/li>\n\n\n\n<li>12h15 &#8211; Kim Cotrim<\/li>\n\n\n\n<li>12h50 &#8211; Filipe Catto<\/li>\n<\/ul>\n\n\n\n<p><em>Cortejo<\/em>:<\/p>\n\n\n\n<ul class=\"wp-block-list\">\n<li>\u00a013:35 &#8211; Cornuc\u00f3pia Desvairada<\/li>\n<\/ul>\n\n\n\n<p><em>Palco Hering<\/em><\/p>\n\n\n\n<ul class=\"wp-block-list\">\n<li>14h10 &#8211; Chico C\u00e9sar &amp; Zeca Baleiro<\/li>\n\n\n\n<li>15h05 &#8211; Carol Tucuju<\/li>\n\n\n\n<li>15h40 &#8211; Banda U\u00d3<\/li>\n\n\n\n<li>16h40 &#8211; DJ Paul\u00e3o<\/li>\n\n\n\n<li>17h15 &#8211; Na\u00e7\u00e3o Zumbi (30 anos &#8220;Da Lama Ao Caos&#8221;)<\/li>\n\n\n\n<li>18h15 &#8211; Paulete Lindacelva<\/li>\n\n\n\n<li>18h50 &#8211; Fresno convida Pabllo Vittar<\/li>\n\n\n\n<li>19h50 &#8211; DJ Sophia<\/li>\n\n\n\n<li>20h25 &#8211; Chit\u00e3ozinho &amp; Xoror\u00f3<\/li>\n<\/ul>\n\n\n\n<p><strong>30 de junho (domingo):<\/strong><\/p>\n\n\n\n<p><em>Palco BB<\/em><\/p>\n\n\n\n<ul class=\"wp-block-list\">\n<li>11h30 &#8211; M\u00e3eana canta JG<\/li>\n\n\n\n<li>12h15 &#8211; Gabi Matos<\/li>\n\n\n\n<li>12h50 &#8211; Assucena<\/li>\n<\/ul>\n\n\n\n<p><em>Cortejo<\/em><\/p>\n\n\n\n<ul class=\"wp-block-list\">\n<li>13:35 &#8211;\u00a0 Grupo Maracatu Bloco de Pedra<\/li>\n<\/ul>\n\n\n\n<p><em>Palco Hering<\/em><\/p>\n\n\n\n<ul class=\"wp-block-list\">\n<li>14h10 &#8211; MC Cabelinho<\/li>\n\n\n\n<li>15h05 &#8211; Odara Kadiegi<\/li>\n\n\n\n<li>15h40 &#8211; Adriana Calcanhotto convida Rubel<\/li>\n\n\n\n<li>16h40 &#8211; Lys Ventura<\/li>\n\n\n\n<li>17h15 &#8211; Armandinho<\/li>\n\n\n\n<li>18h15 &#8211; DJ Kokay<\/li>\n\n\n\n<li>18h50 &#8211; Alcione<\/li>\n\n\n\n<li>19h50 &#8211; Ubunto<\/li>\n\n\n\n<li>20h25 &#8211; Djavan<br><\/li>\n<\/ul>\n\n\n\n<p>O TUR\u00c1 S\u00e3o Paulo 2024 \u00e9 apresentado pela Hering, com o Banco do Brasil Ourocard Elo sendo o meio de pagamento oficial. O festival tem Corona como cerveja oficial; patroc\u00ednios de Chevrolet e Beefeater; apoios de Schweppes, Uol, Jameson e Mike&#8217;s; e Red Bull como parceiro oficial. A Eletrom\u00eddia, R\u00e1dio Nova Brasil FM, R\u00e1dio Alpha FM e Tenho Mais Discos que Amigos s\u00e3o parceiros de m\u00eddia.<\/p>\n\n\n\n<p><strong>Servi\u00e7o:<\/strong><br><strong>TUR\u00c1 S\u00e3o Paulo 2024<\/strong><br><strong>Apresentado por:\u00a0<\/strong>Hering<br><strong>Datas:\u00a0<\/strong>29 e 30 de junho<br><strong>Local:\u00a0<\/strong>Parque do Ibirapuera<br><strong>Vendas:<\/strong>\u00a0<a href=\"http:\/\/ticketsforfun.com.br\/\" target=\"_blank\" rel=\"noreferrer noopener\">Tickets For Fun<\/a><br><strong>Ingressos por dia:\u00a0<\/strong>a partir de R$ 195 (meia-entrada)\u00a0<br><\/p>\n\n\n\n<p><strong>Passaporte TUR\u00c1 com acesso aos 2 dias de festival<\/strong>: R$ 300 (meia-entrada)<br><strong>Apresenta\u00e7\u00e3o:\u00a0<\/strong>Hering<strong><br>Meio de Pagamento Oficial:\u00a0<\/strong>Banco do Brasil Ourocard Elo<br><strong>Cerveja oficial<\/strong>: Corona<br><strong>Patroc\u00ednio<\/strong>: Chevrolet e Beefeater<br><strong>Apoio:<\/strong>\u00a0Schweppes, Mike&#8217;s, UOL e Jameson<br><strong>Parceiro Oficial<\/strong>: Red Bull<br><strong>Media Partners:<\/strong>, Eletromidia, R\u00e1dio Nova Brasil FM, R\u00e1dio Alpha FM e Tenho Mais Discos que Amigos<\/p>\n\n\n\n<p><strong>Clientes Banco do Brasil Ourocard Elo\u00a0<\/strong><br>Clientes Banco do Brasil portadores dos Cart\u00f5es de Ourocard Elo, t\u00eam desconto exclusivo de 20%,\u00a0 limitado a 4 ingressos por CPF, v\u00e1lido para ingressos tipo inteiro, meia-entrada e meia-entrada social.<\/p>\n\n\n\n<p><strong>Classifica\u00e7\u00e3o et\u00e1ria:&nbsp;<\/strong>15 anos desacompanhados. De 10 a 14 anos acompanhados dos pais ou respons\u00e1veis legais. N\u00e3o ser\u00e1 permitida a entrada de menores de 10 anos.&nbsp;<\/p>\n\n\n\n<p><strong>SITE DE VENDAS \u2013 COM TAXA DE CONVENI\u00caNCIA:<\/strong><br><a href=\"http:\/\/ticketsforfun.com.br\/\" target=\"_blank\" rel=\"noreferrer noopener\">Tickets for Fun<\/a><\/p>","protected":false},"excerpt":{"rendered":"<p>O festival TUR\u00c1 S\u00e3o Paulo, que acontecer\u00e1 nos dias 29 e 30 de junho, no Parque Ibirapuera, anuncia os hor\u00e1rios e palcos de todos os shows da edi\u00e7\u00e3o 2024 do evento. Com programa\u00e7\u00e3o 100% nacional, o TUR\u00c1 abrange a pluralidade e riqueza de sonoridades da nossa m\u00fasica. Neste ano, o festival ter\u00e1 mais de 20 [&hellip;]<\/p>\n","protected":false},"author":2,"featured_media":211718,"comment_status":"closed","ping_status":"open","sticky":false,"template":"","format":"standard","meta":{"footnotes":""},"categories":[154],"tags":[16561],"class_list":["post-211717","post","type-post","status-publish","format-standard","has-post-thumbnail","hentry","category-musica","tag-festival-tura"],"_links":{"self":[{"href":"https:\/\/portalpopmais.com.br\/en\/wp-json\/wp\/v2\/posts\/211717","targetHints":{"allow":["GET"]}}],"collection":[{"href":"https:\/\/portalpopmais.com.br\/en\/wp-json\/wp\/v2\/posts"}],"about":[{"href":"https:\/\/portalpopmais.com.br\/en\/wp-json\/wp\/v2\/types\/post"}],"author":[{"embeddable":true,"href":"https:\/\/portalpopmais.com.br\/en\/wp-json\/wp\/v2\/users\/2"}],"replies":[{"embeddable":true,"href":"https:\/\/portalpopmais.com.br\/en\/wp-json\/wp\/v2\/comments?post=211717"}],"version-history":[{"count":0,"href":"https:\/\/portalpopmais.com.br\/en\/wp-json\/wp\/v2\/posts\/211717\/revisions"}],"wp:featuredmedia":[{"embeddable":true,"href":"https:\/\/portalpopmais.com.br\/en\/wp-json\/wp\/v2\/media\/211718"}],"wp:attachment":[{"href":"https:\/\/portalpopmais.com.br\/en\/wp-json\/wp\/v2\/media?parent=211717"}],"wp:term":[{"taxonomy":"category","embeddable":true,"href":"https:\/\/portalpopmais.com.br\/en\/wp-json\/wp\/v2\/categories?post=211717"},{"taxonomy":"post_tag","embeddable":true,"href":"https:\/\/portalpopmais.com.br\/en\/wp-json\/wp\/v2\/tags?post=211717"}],"curies":[{"name":"wp","href":"https:\/\/api.w.org\/{rel}","templated":true}]}}