{"id":212365,"date":"2024-06-15T10:40:24","date_gmt":"2024-06-15T13:40:24","guid":{"rendered":"https:\/\/portalpopmais.com.br\/?p=212365"},"modified":"2024-06-15T10:41:18","modified_gmt":"2024-06-15T13:41:18","slug":"paula-fernandes-revela-que-parou-de-falar-com-luan-santana-apos-bolo-e-pondera-nao-guardo-rancor","status":"publish","type":"post","link":"https:\/\/portalpopmais.com.br\/en\/paula-fernandes-revela-que-parou-de-falar-com-luan-santana-apos-bolo-e-pondera-nao-guardo-rancor\/","title":{"rendered":"Paula Fernandes revela que parou de falar com Luan Santana ap\u00f3s &#8220;bolo&#8221;, e pondera: &#8220;N\u00e3o guardo rancor &#8220;"},"content":{"rendered":"\n<p>A cantora <strong><a href=\"https:\/\/portalpopmais.com.br\/paula-fernandes-fim-do-namoro-rony-cecconello\/\" data-type=\"post\" data-id=\"192635\">Paula Fernandes<\/a><\/strong> foi a convidada do podcast Pod Delas, apresentado por Boo Unzueta e Tata Estaniecki, no in\u00edcio deste m\u00eas. Durante a entrevista, a cantora falou sobre sua carreira, lembrou algumas parcerias e respondeu uma pergunta enviada por uma f\u00e3 sobre o processo de cria\u00e7\u00e3o da sua vers\u00e3o em portugu\u00eas de Shallow, de Lady Gaga, gravada por ela em 2019 e batizada de &#8220;Juntos&#8221;.<\/p>\n\n\n\n<p>A sertaneja revelou que comp\u00f4s a can\u00e7\u00e3o em uma noite e que o hit foi aprovado pela norte-ameriaca sem nenhuma altera\u00e7\u00e3o. &#8220;Eu pulo a parte do Luan e falo a parte da composi\u00e7\u00e3o que eu acho legal. Sou a \u00fanica artista brasileira que teve autoriza\u00e7\u00e3o para fazer uma vers\u00e3o da Lady Gaga de Shallow. Tive apenas uma noite para fazer aquela vers\u00e3o quando a ideia chegou. Foi de madrugada. Tenho muita responsabilidade para compor e ela [Lady Gaga] tinha que aprovar. Ela \u00e9 <a href=\"http:\/\/twitter.com\/sitepopmais\" target=\"_blank\" rel=\"noopener\">autora<\/a>, ela e mais uma meia d\u00fazia. Coloquei no papel e travei. Juntos e\u2026 [\u2026] Shalow now. Beleza? N\u00e3o foi uma jogada de marketing para provocar. Ela [Lady Gaga] aprovou de cara e n\u00e3o mexeu em nada. N\u00f3s festejamos.&#8221;<\/p>\n\n\n\n<div class=\"wp-block-group\"><div class=\"wp-block-group__inner-container is-layout-constrained wp-block-group-is-layout-constrained\">\n<h2 class=\"wp-block-heading\">Veja mais<\/h2>\n\n\n<ul class=\"wp-block-latest-posts__list is-grid columns-3 aligncenter wp-block-latest-posts\"><li><div class=\"wp-block-latest-posts__featured-image aligncenter\"><a href=\"https:\/\/portalpopmais.com.br\/en\/letra-e-traducao-bring-your-love-madonna-e-sabrina-carpenter\/\" aria-label=\"Letra e tradu\u00e7\u00e3o &#8220;Bring Your Love&#8221; &#8211; Madonna e Sabrina Carpenter\"><img loading=\"lazy\" decoding=\"async\" width=\"768\" height=\"456\" src=\"https:\/\/portalpopmais.com.br\/wp-content\/uploads\/2025\/10\/madonna-hung-up-768x456.webp\" class=\"attachment-medium size-medium wp-post-image\" alt=\"madonna hung up\" style=\"\" srcset=\"https:\/\/portalpopmais.com.br\/wp-content\/uploads\/2025\/10\/madonna-hung-up-768x456.webp 768w, https:\/\/portalpopmais.com.br\/wp-content\/uploads\/2025\/10\/madonna-hung-up-1170x694.webp 1170w, https:\/\/portalpopmais.com.br\/wp-content\/uploads\/2025\/10\/madonna-hung-up-18x10.webp 18w\" sizes=\"auto, (max-width: 768px) 100vw, 768px\" title=\"\"><\/a><\/div><a class=\"wp-block-latest-posts__post-title\" href=\"https:\/\/portalpopmais.com.br\/en\/letra-e-traducao-bring-your-love-madonna-e-sabrina-carpenter\/\">Letra e tradu\u00e7\u00e3o &#8220;Bring Your Love&#8221; &#8211; Madonna e Sabrina Carpenter<\/a><\/li>\n<li><div class=\"wp-block-latest-posts__featured-image aligncenter\"><a href=\"https:\/\/portalpopmais.com.br\/en\/filho-de-cid-moreira-deixa-prisao-apos-decisao-da-justica-de-sao-paulo\/\" aria-label=\"Filho de Cid Moreira deixa pris\u00e3o ap\u00f3s decis\u00e3o da Justi\u00e7a de S\u00e3o Paulo\"><img loading=\"lazy\" decoding=\"async\" width=\"768\" height=\"456\" src=\"https:\/\/portalpopmais.com.br\/wp-content\/uploads\/2026\/04\/Filho-de-Cid-Moreira-deixa-prisao-apos-decisao-da-Justica-de-SP-768x456.webp\" class=\"attachment-medium size-medium wp-post-image\" alt=\"Filho de Cid Moreira deixa pris\u00e3o ap\u00f3s decis\u00e3o da Justi\u00e7a de SP\" style=\"\" srcset=\"https:\/\/portalpopmais.com.br\/wp-content\/uploads\/2026\/04\/Filho-de-Cid-Moreira-deixa-prisao-apos-decisao-da-Justica-de-SP-768x456.webp 768w, https:\/\/portalpopmais.com.br\/wp-content\/uploads\/2026\/04\/Filho-de-Cid-Moreira-deixa-prisao-apos-decisao-da-Justica-de-SP-1170x694.webp 1170w\" sizes=\"auto, (max-width: 768px) 100vw, 768px\" title=\"\"><\/a><\/div><a class=\"wp-block-latest-posts__post-title\" href=\"https:\/\/portalpopmais.com.br\/en\/filho-de-cid-moreira-deixa-prisao-apos-decisao-da-justica-de-sao-paulo\/\">Filho de Cid Moreira deixa pris\u00e3o ap\u00f3s decis\u00e3o da Justi\u00e7a de S\u00e3o Paulo<\/a><\/li>\n<li><div class=\"wp-block-latest-posts__featured-image aligncenter\"><a href=\"https:\/\/portalpopmais.com.br\/en\/letra-e-traducao-glamorous-life-lady-gaga\/\" aria-label=\"Letra e tradu\u00e7\u00e3o: \u201cGlamorous Life\u201d \u2013 Lady Gaga\"><img loading=\"lazy\" decoding=\"async\" width=\"768\" height=\"456\" src=\"https:\/\/portalpopmais.com.br\/wp-content\/uploads\/2026\/02\/Lady-Gaga-POP-Mais-768x456.png\" class=\"attachment-medium size-medium wp-post-image\" alt=\"Lady Gaga - POP Mais\" style=\"\" srcset=\"https:\/\/portalpopmais.com.br\/wp-content\/uploads\/2026\/02\/Lady-Gaga-POP-Mais-768x456.png 768w, https:\/\/portalpopmais.com.br\/wp-content\/uploads\/2026\/02\/Lady-Gaga-POP-Mais-1170x694.png 1170w, https:\/\/portalpopmais.com.br\/wp-content\/uploads\/2026\/02\/Lady-Gaga-POP-Mais-18x10.png 18w\" sizes=\"auto, (max-width: 768px) 100vw, 768px\" title=\"\"><\/a><\/div><a class=\"wp-block-latest-posts__post-title\" href=\"https:\/\/portalpopmais.com.br\/en\/letra-e-traducao-glamorous-life-lady-gaga\/\">Letra e tradu\u00e7\u00e3o: \u201cGlamorous Life\u201d \u2013 Lady Gaga<\/a><\/li>\n<li><div class=\"wp-block-latest-posts__featured-image aligncenter\"><a href=\"https:\/\/portalpopmais.com.br\/en\/letra-e-traducao-shape-of-a-woman-lady-gaga\/\" aria-label=\"Letra e tradu\u00e7\u00e3o: \u201cShape Of A Woman\u201d \u2013 Lady Gaga\"><img loading=\"lazy\" decoding=\"async\" width=\"768\" height=\"456\" src=\"https:\/\/portalpopmais.com.br\/wp-content\/uploads\/2026\/02\/Lady-Gaga-POP-Mais-768x456.png\" class=\"attachment-medium size-medium wp-post-image\" alt=\"Lady Gaga - POP Mais\" style=\"\" srcset=\"https:\/\/portalpopmais.com.br\/wp-content\/uploads\/2026\/02\/Lady-Gaga-POP-Mais-768x456.png 768w, https:\/\/portalpopmais.com.br\/wp-content\/uploads\/2026\/02\/Lady-Gaga-POP-Mais-1170x694.png 1170w, https:\/\/portalpopmais.com.br\/wp-content\/uploads\/2026\/02\/Lady-Gaga-POP-Mais-18x10.png 18w\" sizes=\"auto, (max-width: 768px) 100vw, 768px\" title=\"\"><\/a><\/div><a class=\"wp-block-latest-posts__post-title\" href=\"https:\/\/portalpopmais.com.br\/en\/letra-e-traducao-shape-of-a-woman-lady-gaga\/\">Letra e tradu\u00e7\u00e3o: \u201cShape Of A Woman\u201d \u2013 Lady Gaga<\/a><\/li>\n<li><div class=\"wp-block-latest-posts__featured-image aligncenter\"><a href=\"https:\/\/portalpopmais.com.br\/en\/whindersson-nunes-relata-confusao-mental-e-levanta-alerta-sobre-saude-psicologica\/\" aria-label=\"Whindersson Nunes relata confus\u00e3o mental e levanta alerta sobre sa\u00fade psicol\u00f3gica\"><img loading=\"lazy\" decoding=\"async\" width=\"768\" height=\"450\" src=\"https:\/\/portalpopmais.com.br\/wp-content\/uploads\/2026\/02\/whindersson-nunes-reproducao-instagram-768x450.jpg\" class=\"attachment-medium size-medium wp-post-image\" alt=\"\" style=\"\" srcset=\"https:\/\/portalpopmais.com.br\/wp-content\/uploads\/2026\/02\/whindersson-nunes-reproducao-instagram-768x450.jpg 768w, https:\/\/portalpopmais.com.br\/wp-content\/uploads\/2026\/02\/whindersson-nunes-reproducao-instagram-18x10.jpg 18w\" sizes=\"auto, (max-width: 768px) 100vw, 768px\" title=\"\"><\/a><\/div><a class=\"wp-block-latest-posts__post-title\" href=\"https:\/\/portalpopmais.com.br\/en\/whindersson-nunes-relata-confusao-mental-e-levanta-alerta-sobre-saude-psicologica\/\">Whindersson Nunes relata confus\u00e3o mental e levanta alerta sobre sa\u00fade psicol\u00f3gica<\/a><\/li>\n<li><div class=\"wp-block-latest-posts__featured-image aligncenter\"><a href=\"https:\/\/portalpopmais.com.br\/en\/leo-lins-ironiza-desabafo-de-thais-carla-e-reacende-polemica\/\" aria-label=\"Leo Lins ironiza desabafo de Thais Carla e reacende pol\u00eamica\"><img loading=\"lazy\" decoding=\"async\" width=\"768\" height=\"456\" src=\"https:\/\/portalpopmais.com.br\/wp-content\/uploads\/2026\/04\/thais-carla-768x456.png\" class=\"attachment-medium size-medium wp-post-image\" alt=\"thais carla\" style=\"\" srcset=\"https:\/\/portalpopmais.com.br\/wp-content\/uploads\/2026\/04\/thais-carla-768x456.png 768w, https:\/\/portalpopmais.com.br\/wp-content\/uploads\/2026\/04\/thais-carla-18x12.png 18w\" sizes=\"auto, (max-width: 768px) 100vw, 768px\" title=\"\"><\/a><\/div><a class=\"wp-block-latest-posts__post-title\" href=\"https:\/\/portalpopmais.com.br\/en\/leo-lins-ironiza-desabafo-de-thais-carla-e-reacende-polemica\/\">Leo Lins ironiza desabafo de Thais Carla e reacende pol\u00eamica<\/a><\/li>\n<\/ul><\/div><\/div>\n\n\n\n<p>Paula ainda falou sobre a repercuss\u00e3o da m\u00fasica no Brasil. &#8220;Da\u00ed tiveram memes e eu me divertia demais. [\u2026] Eu fazia meme e acabou virando uma divulga\u00e7\u00e3o gratuita da m\u00fasica. Era a mais ouvida do Spotify. A letra \u00e9 bonita, mod\u00e9stia parte. A Lady Gaga autorizou.&#8221;<\/p>\n\n\n\n<p>Apesar da celebra\u00e7\u00e3o, ao ser questionada sobre a participa\u00e7\u00e3o de Luan Santana, ela foi categ\u00f3rica. &#8220;A parte do Luan a gente pula, pr\u00f3ximo assunto. Eu fui abandonada no altar, mas \u00e1guas passadas. N\u00e3o guardo rancor de ningu\u00e9m.&#8221; Em seguida, ela \u00e9 interrompida pela apresentadora, que pergunta: &#8220;Voc\u00eas se falam?&#8221; Paula responde: &#8220;N\u00e3o. Ele me deu bolo na grava\u00e7\u00e3o do DVD. Fiquei sozinha e shalow now&#8221;, brincou.<\/p>\n\n\n\n<p>Em seguida, ela revela uma estrat\u00e9gia: &#8220;Eu tinha uma escolha para fazer: ou eu chamava outro artista para cantar. A\u00ed resolvi chamar meu p\u00fablico. A primeira parte \u00e9 meu p\u00fablico que canta, n\u00e3o podia ter dueto melhor.&#8221;<\/p>\n\n\n\n<figure class=\"wp-block-embed is-type-video is-provider-youtube wp-block-embed-youtube wp-embed-aspect-16-9 wp-has-aspect-ratio\"><div class=\"wp-block-embed__wrapper\">\n<iframe loading=\"lazy\" title=\"PAULA FERNANDES  - PODDELAS #377\" width=\"880\" height=\"495\" src=\"https:\/\/www.youtube.com\/embed\/U-Y2Pga0xN0?start=5762&#038;feature=oembed\" frameborder=\"0\" allow=\"accelerometer; autoplay; clipboard-write; encrypted-media; gyroscope; picture-in-picture; web-share\" referrerpolicy=\"strict-origin-when-cross-origin\" allowfullscreen><\/iframe>\n<\/div><\/figure>\n","protected":false},"excerpt":{"rendered":"<p>A cantora Paula Fernandes foi a convidada do podcast Pod Delas, apresentado por Boo Unzueta e Tata Estaniecki, no in\u00edcio deste m\u00eas. Durante a entrevista, a cantora falou sobre sua carreira, lembrou algumas parcerias e respondeu uma pergunta enviada por uma f\u00e3 sobre o processo de cria\u00e7\u00e3o da sua vers\u00e3o em portugu\u00eas de Shallow, de [&hellip;]<\/p>\n","protected":false},"author":2,"featured_media":212366,"comment_status":"closed","ping_status":"open","sticky":false,"template":"","format":"standard","meta":{"footnotes":""},"categories":[173,154],"tags":[454,3881],"class_list":["post-212365","post","type-post","status-publish","format-standard","has-post-thumbnail","hentry","category-celebridades","category-musica","tag-luan-santana","tag-paula-fernandes"],"_links":{"self":[{"href":"https:\/\/portalpopmais.com.br\/en\/wp-json\/wp\/v2\/posts\/212365","targetHints":{"allow":["GET"]}}],"collection":[{"href":"https:\/\/portalpopmais.com.br\/en\/wp-json\/wp\/v2\/posts"}],"about":[{"href":"https:\/\/portalpopmais.com.br\/en\/wp-json\/wp\/v2\/types\/post"}],"author":[{"embeddable":true,"href":"https:\/\/portalpopmais.com.br\/en\/wp-json\/wp\/v2\/users\/2"}],"replies":[{"embeddable":true,"href":"https:\/\/portalpopmais.com.br\/en\/wp-json\/wp\/v2\/comments?post=212365"}],"version-history":[{"count":0,"href":"https:\/\/portalpopmais.com.br\/en\/wp-json\/wp\/v2\/posts\/212365\/revisions"}],"wp:featuredmedia":[{"embeddable":true,"href":"https:\/\/portalpopmais.com.br\/en\/wp-json\/wp\/v2\/media\/212366"}],"wp:attachment":[{"href":"https:\/\/portalpopmais.com.br\/en\/wp-json\/wp\/v2\/media?parent=212365"}],"wp:term":[{"taxonomy":"category","embeddable":true,"href":"https:\/\/portalpopmais.com.br\/en\/wp-json\/wp\/v2\/categories?post=212365"},{"taxonomy":"post_tag","embeddable":true,"href":"https:\/\/portalpopmais.com.br\/en\/wp-json\/wp\/v2\/tags?post=212365"}],"curies":[{"name":"wp","href":"https:\/\/api.w.org\/{rel}","templated":true}]}}