{"id":212600,"date":"2024-06-21T15:27:41","date_gmt":"2024-06-21T18:27:41","guid":{"rendered":"https:\/\/portalpopmais.com.br\/?p=212600"},"modified":"2024-06-21T15:41:56","modified_gmt":"2024-06-21T18:41:56","slug":"chella-apresenta-album-gravado-na-california-em-show-no-bourbon-street","status":"publish","type":"post","link":"https:\/\/portalpopmais.com.br\/en\/chella-apresenta-album-gravado-na-california-em-show-no-bourbon-street\/","title":{"rendered":"Chella apresenta \u00e1lbum gravado na Calif\u00f3rnia em show no Bourbon Street"},"content":{"rendered":"<p>A cantora, compositora e pianista <strong>Chella<\/strong>, formada pela Berklee College of Music, far\u00e1 em 3 de julho (quarta-feira) o aguardado show de estreia de seu primeiro \u00e1lbum, Pro Tempo Parar&#8221;. A cantora subir\u00e1 com sua banda ao palco da Bourbon Street, renomado clube de jazz de S\u00e3o Paulo, para apresentar ao p\u00fablico as sete faixas compostas por ela para o disco. \u201cNem acredito que meu \u00e1lbum ser\u00e1 tocado ao vivo pela primeira vez, com uma banda completa e arranjos in\u00e9ditos\u201d, empolga-se a artista. \u201cQuando constru\u00edmos o disco\u201d, explica, \u201cpensamos muito em como ir\u00edamos traduzi-lo para o palco. Isso sempre foi uma prioridade para mim, afinal, a m\u00fasica s\u00f3 se concretiza ao vivo, quando \u00e9 vivenciada pelo artista junto com seu p\u00fablico!\u201d<\/p>\n\n\n\n<p>Para a grava\u00e7\u00e3o, um talentoso time de m\u00fasicos internacionais se uniram a Chella e ao produtor Moogie Canazio em um est\u00fadio em Los Angeles. Para o show, no Brasil, um talentoso grupo de m\u00fasicos nacionais foi convocado para acompanhar a cantora e pianista: Victor Kroner (guitarra\/viol\u00e3o), Jo\u00e3o Sirangelo (guitarra e teclado), Rafael Minerbo (baixo), e Matheus Souza (bateria), al\u00e9m da pr\u00f3pria Chella nos teclados. Al\u00e9m das faixas do disco, a artista apresentar\u00e1 tamb\u00e9m releituras pessoais de uma sele\u00e7\u00e3o de cl\u00e1ssicos da MPB e hits pop.<\/p>\n\n\n\n<p>O show de abertura ficar\u00e1 a cargo do cantor, compositor e produtor AGUIDA, que conta com um vasto repert\u00f3rio pop, soul e R&amp;B \u2013 sobretudo internacional. Sua voz suave, agudos limpos e muito carisma ajudam a compor suas apresenta\u00e7\u00f5es, que transitam entre autorais e covers de cl\u00e1ssicos como Maroon 5 e Michael Jackson. Para essa ocasi\u00e3o especial, o artista trar\u00e1 releituras com influ\u00eancias tamb\u00e9m da m\u00fasica brasileira, tradicional e moderna. \u201cMe sinto muito honrada em dizer que teremos algu\u00e9m t\u00e3o talentoso quanto o AGUIDA abrindo o show. Vai ser surreal! E tudo isso em uma das casas de show mais tradicionais de SP, onde j\u00e1 presenciei alguns dos meus shows favoritos desde a inf\u00e2ncia\u201d, diz Chella.<\/p>\n\n\n\n<h2 class=\"wp-block-heading\">Sobre o \u00e1lbum<\/h2>\n\n\n\n<p>Relacionamentos s\u00e3o como as esta\u00e7\u00f5es do ano em nossas vidas, entre suas fases de calor e frio. Eles florescem e murcham em uma din\u00e2mica que n\u00e3o tem regras. Mas uma coisa \u00e9 certa: eles nos fazem crescer! Esse \u00e9 o tema principal de Pro Tempo Parar, o aguardado disco de estreia da cantora, compositora e pianista Chella.<\/p>\n\n\n\n<p>Com produ\u00e7\u00e3o musical de Moogie Canazio, renomado nome da ind\u00fastria que j\u00e1 trabalhou com nomes como AnaVit\u00f3ria, Sandy &amp; Junior, Jo\u00e3o Gilberto, e Rita Lee, o \u00e1lbum conta com sete faixas que exploram a complexidade dos relacionamentos e como eles nos afetam e nos ajudam na defini\u00e7\u00e3o de quem somos. Tudo isso atrav\u00e9s da \u00f3tica de Chella, que conta viv\u00eancias pessoais de forma que qualquer ouvinte consiga se enxergar na hist\u00f3ria.<\/p>\n\n\n\n<p>A narrativa desse trabalho vem sendo cuidadosamente constru\u00edda h\u00e1 alguns meses, atrav\u00e9s de singles que v\u00e3o nos apresentando a cada vez mais camadas desse mundo. Primeiro veio \u201cDeixo\u201d, uma can\u00e7\u00e3o que reflete a primeira fase de uma paix\u00e3o, aquele momento em que uma pessoa n\u00e3o consegue enxergar os defeitos da outra, aproveitando o momento e se permitindo sentir a parte positiva. Logo depois, Chella lan\u00e7ou \u201cPalavras Cruzadas\u201d, que mostra a protagonista \u201ccaindo na realidade\u201d ao se sentir manipulada pela pessoa amada. Na sequ\u00eancia, veio \u201cEu Tentei\u201d, que representa o fim desse relacionamento que j\u00e1 n\u00e3o estava dando certo.<\/p>\n\n\n\n<p>O \u00faltimo single pr\u00e9vio foi \u201cPra Qu\u00ea?\u201d, lan\u00e7ado recentemente e que aborda um momento de reca\u00edda. Junto ao \u00e1lbum, tamb\u00e9m est\u00e3o sendo lan\u00e7adas as novidades \u201cTe Desconheci\u201d, \u201cEi, Cora\u00e7\u00e3o\u201d e \u201cMande Not\u00edcias\u201d, que representam momentos que conectam as fases j\u00e1 citadas e tornam a narrativa ainda mais fluida e assimil\u00e1vel.<\/p>\n\n\n\n<p>A sonoridade do disco passa por elementos de MPB, pop e rock, criando uma identidade sonora que \u00e9 distinta, mas reconfortante, representando apenas um pouco da versatilidade musical de Chella. Em sua ainda curta carreira, a cantora j\u00e1 integrou projetos que flertam com outros g\u00eaneros, como o reggaeton e o samba, que fizeram parte de sua forma\u00e7\u00e3o musical quando estudou na renomada Berklee College of Music, em Boston, nos Estados Unidos.<\/p>\n\n\n\n<p>Diante dessa ampla viv\u00eancia e constante aprendizado musical, Chella v\u00ea como um dos principais desafios para futuros lan\u00e7amentos seguir o caminho de autoconhecimento que vem tra\u00e7ando. \u201cSempre seguirei compondo, pois \u00e9 a minha forma de entender a mim mesma e ao mundo. Espero que a experi\u00eancia do p\u00fablico ao ouvir as minhas can\u00e7\u00f5es seja de clareza e catarse\u201d, conclui.<\/p>\n\n\n\n<p>Ainda em seu portf\u00f3lio musical, Chella acumula tamb\u00e9m importantes pr\u00eamios de composi\u00e7\u00e3o. Ela \u00e9 a \u00fanica compositora a ganhar duas vezes o peermusic Latin Award, pr\u00eamio anual da BMI Foundation que celebra compositores e letristas estudantes de origem latina, levando o reconhecimento em 2020 (com sua can\u00e7\u00e3o \u201cS\u00e3o Paulo\u201d) e neste ano (com \u201cTe Levo Comigo\u201d, parceria da cantora com Alice Macedo).<\/p>\n\n\n\n<p>O \u00e1lbum Pro Tempo Parar tem sido intensamente trabalhado por Chella, que quer que esse disco possa impactar o m\u00e1ximo poss\u00edvel de pessoas. \u201cToda a parte visual, as fotos e os v\u00eddeos, integram o produto final e n\u00e3o s\u00f3 complementam a m\u00fasica, mas potencializam o seu significado\u201d, conta a artista, que deseja levar a mensagem das m\u00fasicas para muito al\u00e9m de sua sonoridade em si.<\/p>\n\n\n\n<p>Todas as faixas foram gravadas em Los Angeles, nos Estados Unidos, com o apoio de um time pesado de m\u00fasicos internacionais que inseriram ainda mais camadas ao riqu\u00edssimo trabalho de Chella. Participaram Tim Pierce (guitarra), Sean Hurley (baixo), Jake Reed (bateria) e Jamie Muhoberac (sintetizadores), al\u00e9m de Felipe Melanio (guitarra) e Santiago Galeano (teclados). \u201cTivemos todos uma conex\u00e3o muito boa. Como as letras eram em portugu\u00eas, eu fazia para eles um resumo do tema da m\u00fasica. A partir da\u00ed, cada um colocou seu pr\u00f3prio tempero e tivemos esse resultado t\u00e3o rico\u201d, explica a cantora.<\/p>\n\n\n\n<h2 class=\"wp-block-heading\">SOBRE CHELLA<\/h2>\n\n\n\n<p>Chella \u00e9 uma jovem cantora, compositora e pianista que canta desde os 9 anos de idade. Aos 12, j\u00e1 fazia suas pr\u00f3prias composi\u00e7\u00f5es e hoje, aos 24 anos, \u00e9 graduada na Berklee College of Music. Seu trabalho musical envolve uma sonoridade genu\u00edna e org\u00e2nica, com refer\u00eancias ecl\u00e9ticas de diversos g\u00eaneros musicais em composi\u00e7\u00f5es que trazem letras provocativas e expressivas.<\/p>\n\n\n\n<p>Sua j\u00e1 expressiva jornada musical inclui o lan\u00e7amento de seu primeiro trabalho autoral, intitulado Bittersweet, em 2017. Logo depois, a cantora se mudou para os Estados Unidos para aprofundar seus estudos de composi\u00e7\u00e3o na Berklee. Chella conquistou diversos pr\u00eamios e bolsas de estudo not\u00e1veis, incluindo o Latin Grammy Cultural Foundation Assistance Scholarship e o BMI\/peermusic Latin Scholarship Award, sendo este \u00faltimo conquistado por ela duas vezes, fazendo com que ela tenha um recorde nunca antes alcan\u00e7ado na premia\u00e7\u00e3o. Al\u00e9m disso, teve a oportunidade de colaborar com a renomada artista mexicana Natalia Lafourcade.<\/p>\n\n\n\n<p>Enquanto compositora, Chella tamb\u00e9m se dedica ao trabalho para outros artistas. Ao longo dos \u00faltimos anos, ela assina can\u00e7\u00f5es para artistas dos mais diversos g\u00eaneros, como Desir\u00e9e (tamb\u00e9m conhecida por sua contribui\u00e7\u00e3o ao grupo Now United, com \u201cHandle With Care\u201d), Alice Macedo (com \u201cTe Levo Comigo\u201d, can\u00e7\u00e3o que conquistou em 2023 o peermusic Latin Award) e Nicole Padilla (com \u201cPor Ti\u201d).<\/p>\n\n\n\n<h2 class=\"wp-block-heading\">Servi\u00e7o<\/h2>\n\n\n\n<p>Primeiro show do \u00e1lbum \u201cPro tempo parar\u201d, estreia fonogr\u00e1fica da cantora Chella, com abertura de Aguida, no Bourbon Street, em S\u00e3o Paulo (Rua dos Chan\u00e9s, 127 &#8211; Moema, pr\u00f3ximo ao Metr\u00f4 Eucaliptos), em 3 de julho (quarta-feira), a partir das 21h. Ingressos a R$ 65,00, \u00e0 venda pelo Sympla.<\/p>","protected":false},"excerpt":{"rendered":"<p>A cantora, compositora e pianista Chella, formada pela Berklee College of Music, far\u00e1 em 3 de julho (quarta-feira) o aguardado show de estreia de seu primeiro \u00e1lbum, Pro Tempo Parar&#8221;. A cantora subir\u00e1 com sua banda ao palco da Bourbon Street, renomado clube de jazz de S\u00e3o Paulo, para apresentar ao p\u00fablico as sete faixas [&hellip;]<\/p>\n","protected":false},"author":2,"featured_media":212601,"comment_status":"closed","ping_status":"open","sticky":false,"template":"","format":"standard","meta":{"footnotes":""},"categories":[154],"tags":[15834],"class_list":["post-212600","post","type-post","status-publish","format-standard","has-post-thumbnail","hentry","category-musica","tag-chella"],"_links":{"self":[{"href":"https:\/\/portalpopmais.com.br\/en\/wp-json\/wp\/v2\/posts\/212600","targetHints":{"allow":["GET"]}}],"collection":[{"href":"https:\/\/portalpopmais.com.br\/en\/wp-json\/wp\/v2\/posts"}],"about":[{"href":"https:\/\/portalpopmais.com.br\/en\/wp-json\/wp\/v2\/types\/post"}],"author":[{"embeddable":true,"href":"https:\/\/portalpopmais.com.br\/en\/wp-json\/wp\/v2\/users\/2"}],"replies":[{"embeddable":true,"href":"https:\/\/portalpopmais.com.br\/en\/wp-json\/wp\/v2\/comments?post=212600"}],"version-history":[{"count":0,"href":"https:\/\/portalpopmais.com.br\/en\/wp-json\/wp\/v2\/posts\/212600\/revisions"}],"wp:featuredmedia":[{"embeddable":true,"href":"https:\/\/portalpopmais.com.br\/en\/wp-json\/wp\/v2\/media\/212601"}],"wp:attachment":[{"href":"https:\/\/portalpopmais.com.br\/en\/wp-json\/wp\/v2\/media?parent=212600"}],"wp:term":[{"taxonomy":"category","embeddable":true,"href":"https:\/\/portalpopmais.com.br\/en\/wp-json\/wp\/v2\/categories?post=212600"},{"taxonomy":"post_tag","embeddable":true,"href":"https:\/\/portalpopmais.com.br\/en\/wp-json\/wp\/v2\/tags?post=212600"}],"curies":[{"name":"wp","href":"https:\/\/api.w.org\/{rel}","templated":true}]}}