{"id":213021,"date":"2024-06-29T06:33:12","date_gmt":"2024-06-29T09:33:12","guid":{"rendered":"https:\/\/portalpopmais.com.br\/?p=213021"},"modified":"2024-06-29T06:33:15","modified_gmt":"2024-06-29T09:33:15","slug":"jornalista-revela-que-virginia-fonseca-teria-motivado-saida-de-eliana-do-sbt-veja-video","status":"publish","type":"post","link":"https:\/\/portalpopmais.com.br\/en\/jornalista-revela-que-virginia-fonseca-teria-motivado-saida-de-eliana-do-sbt-veja-video\/","title":{"rendered":"Jornalista revela que Virginia Fonseca teria motivado sa\u00edda de Eliana do SBT; veja v\u00eddeo"},"content":{"rendered":"<p class=\"wp-block-paragraph\">Na semana passada, <strong><a href=\"https:\/\/portalpopmais.com.br\/en\/eliana-contratada-globo\/\" data-type=\"post\" data-id=\"212880\">Eliana<\/a><\/strong> deixou o SBT ap\u00f3s 15 anos na emissora e anunciou sua ida para a Globo. Agora, o real motivo da sa\u00edda da apresentadora da empresa de Silvio Santos pode ter sido <a href=\"http:\/\/twitter.com\/sitepopmais\" target=\"_blank\" rel=\"noopener\">revelado<\/a>.<\/p>\n\n\n\n<p class=\"wp-block-paragraph\">Recentemente, o jornalista Le\u00e3o Lobo exp\u00f4s a veterana teria ficado incomodada com a \u201cpompa\u201d com a qual Virginia Fonseca foi recebida na emissora.<\/p>\n\n\n\n<div class=\"wp-block-group\"><div class=\"wp-block-group__inner-container is-layout-constrained wp-block-group-is-layout-constrained\">\n<h2 class=\"wp-block-heading\">Veja mais<\/h2>\n\n\n<ul class=\"wp-block-latest-posts__list is-grid aligncenter wp-block-latest-posts is-layout-flow wp-block-latest-posts-is-layout-flow\"><li><div class=\"wp-block-latest-posts__featured-image aligncenter\"><a href=\"https:\/\/portalpopmais.com.br\/en\/exame-de-dna-revela-se-chico-buarque-e-pai-de-homem-de-64-anos\/\" aria-label=\"Exame de DNA revela se Chico Buarque \u00e9 pai de homem de 64 anos\"><img loading=\"lazy\" decoding=\"async\" width=\"768\" height=\"456\" src=\"https:\/\/portalpopmais.com.br\/wp-content\/uploads\/2025\/09\/Chico-Buarque-768x456.png\" class=\"attachment-medium size-medium wp-post-image\" alt=\"\" style=\"\" srcset=\"https:\/\/portalpopmais.com.br\/wp-content\/uploads\/2025\/09\/Chico-Buarque-768x456.png 768w, https:\/\/portalpopmais.com.br\/wp-content\/uploads\/2025\/09\/Chico-Buarque-1170x694.png 1170w, https:\/\/portalpopmais.com.br\/wp-content\/uploads\/2025\/09\/Chico-Buarque-18x10.png 18w\" sizes=\"auto, (max-width: 768px) 100vw, 768px\" title=\"\"><\/a><\/div><a class=\"wp-block-latest-posts__post-title\" href=\"https:\/\/portalpopmais.com.br\/en\/exame-de-dna-revela-se-chico-buarque-e-pai-de-homem-de-64-anos\/\">Exame de DNA revela se Chico Buarque \u00e9 pai de homem de 64 anos<\/a><\/li>\n<li><div class=\"wp-block-latest-posts__featured-image aligncenter\"><a href=\"https:\/\/portalpopmais.com.br\/en\/quem-era-o-musico-mexicano-morto-ao-lado-da-familia-em-cobertura-de-luxo\/\" aria-label=\"Quem era o m\u00fasico mexicano morto ao lado da fam\u00edlia em cobertura de luxo\"><img loading=\"lazy\" decoding=\"async\" width=\"768\" height=\"456\" src=\"https:\/\/portalpopmais.com.br\/wp-content\/uploads\/2026\/09\/saveclip-app_555063932_18533902951002774_7851612078905016613_n-qxttx15tncyq-768x456.jpg\" class=\"attachment-medium size-medium wp-post-image\" alt=\"\" style=\"\" srcset=\"https:\/\/portalpopmais.com.br\/wp-content\/uploads\/2026\/09\/saveclip-app_555063932_18533902951002774_7851612078905016613_n-qxttx15tncyq-768x456.jpg 768w, https:\/\/portalpopmais.com.br\/wp-content\/uploads\/2026\/09\/saveclip-app_555063932_18533902951002774_7851612078905016613_n-qxttx15tncyq-18x12.jpg 18w\" sizes=\"auto, (max-width: 768px) 100vw, 768px\" title=\"\"><\/a><\/div><a class=\"wp-block-latest-posts__post-title\" href=\"https:\/\/portalpopmais.com.br\/en\/quem-era-o-musico-mexicano-morto-ao-lado-da-familia-em-cobertura-de-luxo\/\">Quem era o m\u00fasico mexicano morto ao lado da fam\u00edlia em cobertura de luxo<\/a><\/li>\n<li><div class=\"wp-block-latest-posts__featured-image aligncenter\"><a href=\"https:\/\/portalpopmais.com.br\/en\/cantora-de-24-anos-morre-em-acidente-no-ceara\/\" aria-label=\"Cantora de 24 anos morre em acidente no Cear\u00e1\"><img loading=\"lazy\" decoding=\"async\" width=\"768\" height=\"456\" src=\"https:\/\/portalpopmais.com.br\/wp-content\/uploads\/2026\/09\/rafaela-cavalcante-768x456.webp\" class=\"attachment-medium size-medium wp-post-image\" alt=\"\" style=\"\" srcset=\"https:\/\/portalpopmais.com.br\/wp-content\/uploads\/2026\/09\/rafaela-cavalcante-768x456.webp 768w, https:\/\/portalpopmais.com.br\/wp-content\/uploads\/2026\/09\/rafaela-cavalcante-1170x694.webp 1170w, https:\/\/portalpopmais.com.br\/wp-content\/uploads\/2026\/09\/rafaela-cavalcante-18x12.webp 18w\" sizes=\"auto, (max-width: 768px) 100vw, 768px\" title=\"\"><\/a><\/div><a class=\"wp-block-latest-posts__post-title\" href=\"https:\/\/portalpopmais.com.br\/en\/cantora-de-24-anos-morre-em-acidente-no-ceara\/\">Cantora de 24 anos morre em acidente no Cear\u00e1<\/a><\/li>\n<li><div class=\"wp-block-latest-posts__featured-image aligncenter\"><a href=\"https:\/\/portalpopmais.com.br\/en\/amigo-de-titina-medeiros-ator-e-produtor-marcilio-amorim-morre-aos-48-anos-dias-apos-homenagem-a-atriz\/\" aria-label=\"Amigo de Titina Medeiros, ator e produtor Marc\u00edlio Amorim morre aos 48 anos dias ap\u00f3s homenagem \u00e0 atriz\"><img loading=\"lazy\" decoding=\"async\" width=\"768\" height=\"456\" src=\"https:\/\/portalpopmais.com.br\/wp-content\/uploads\/2026\/09\/marcilio-amorim-e-titina-medeiros-768x456.webp\" class=\"attachment-medium size-medium wp-post-image\" alt=\"\" style=\"\" srcset=\"https:\/\/portalpopmais.com.br\/wp-content\/uploads\/2026\/09\/marcilio-amorim-e-titina-medeiros-768x456.webp 768w, https:\/\/portalpopmais.com.br\/wp-content\/uploads\/2026\/09\/marcilio-amorim-e-titina-medeiros-1170x694.webp 1170w, https:\/\/portalpopmais.com.br\/wp-content\/uploads\/2026\/09\/marcilio-amorim-e-titina-medeiros-18x12.webp 18w\" sizes=\"auto, (max-width: 768px) 100vw, 768px\" title=\"\"><\/a><\/div><a class=\"wp-block-latest-posts__post-title\" href=\"https:\/\/portalpopmais.com.br\/en\/amigo-de-titina-medeiros-ator-e-produtor-marcilio-amorim-morre-aos-48-anos-dias-apos-homenagem-a-atriz\/\">Amigo de Titina Medeiros, ator e produtor Marc\u00edlio Amorim morre aos 48 anos dias ap\u00f3s homenagem \u00e0 atriz<\/a><\/li>\n<li><div class=\"wp-block-latest-posts__featured-image aligncenter\"><a href=\"https:\/\/portalpopmais.com.br\/en\/fabiana-justus-cai-em-golpe-ao-reservar-hotel-em-fernando-de-noronha-nao-tinha-como-desconfiar\/\" aria-label=\"Fabiana Justus cai em golpe ao reservar hotel em Fernando de Noronha: &#8220;N\u00e3o tinha como desconfiar&#8221;\"><img loading=\"lazy\" decoding=\"async\" width=\"768\" height=\"456\" src=\"https:\/\/portalpopmais.com.br\/wp-content\/uploads\/2026\/09\/befunky-collage-768x456.jpeg\" class=\"attachment-medium size-medium wp-post-image\" alt=\"\" style=\"\" srcset=\"https:\/\/portalpopmais.com.br\/wp-content\/uploads\/2026\/09\/befunky-collage-768x456.jpeg 768w, https:\/\/portalpopmais.com.br\/wp-content\/uploads\/2026\/09\/befunky-collage-18x12.jpeg 18w\" sizes=\"auto, (max-width: 768px) 100vw, 768px\" title=\"\"><\/a><\/div><a class=\"wp-block-latest-posts__post-title\" href=\"https:\/\/portalpopmais.com.br\/en\/fabiana-justus-cai-em-golpe-ao-reservar-hotel-em-fernando-de-noronha-nao-tinha-como-desconfiar\/\">Fabiana Justus cai em golpe ao reservar hotel em Fernando de Noronha: &#8220;N\u00e3o tinha como desconfiar&#8221;<\/a><\/li>\n<li><div class=\"wp-block-latest-posts__featured-image aligncenter\"><a href=\"https:\/\/portalpopmais.com.br\/en\/streamer-pede-desculpas-apos-debochar-de-ator-de-quem-ama-cuida-caso-gera-repercussao-nas-redes\/\" aria-label=\"Streamer pede desculpas ap\u00f3s debochar de ator de Quem Ama Cuida; caso gera repercuss\u00e3o nas redes\"><img loading=\"lazy\" decoding=\"async\" width=\"768\" height=\"456\" src=\"https:\/\/portalpopmais.com.br\/wp-content\/uploads\/2026\/09\/BC055DF9-3ECA-47B4-B2A6-6FB82B58D646.jpeg-768x456.webp\" class=\"attachment-medium size-medium wp-post-image\" alt=\"\" style=\"\" srcset=\"https:\/\/portalpopmais.com.br\/wp-content\/uploads\/2026\/09\/BC055DF9-3ECA-47B4-B2A6-6FB82B58D646.jpeg-768x456.webp 768w, https:\/\/portalpopmais.com.br\/wp-content\/uploads\/2026\/09\/BC055DF9-3ECA-47B4-B2A6-6FB82B58D646.jpeg-18x10.webp 18w\" sizes=\"auto, (max-width: 768px) 100vw, 768px\" title=\"\"><\/a><\/div><a class=\"wp-block-latest-posts__post-title\" href=\"https:\/\/portalpopmais.com.br\/en\/streamer-pede-desculpas-apos-debochar-de-ator-de-quem-ama-cuida-caso-gera-repercussao-nas-redes\/\">Streamer pede desculpas ap\u00f3s debochar de ator de Quem Ama Cuida; caso gera repercuss\u00e3o nas redes<\/a><\/li>\n<\/ul><\/div><\/div>\n\n\n\n<p class=\"wp-block-paragraph\">\u201cO que incomodou muito a Eliana, e acho que faz todo sentido, \u00e9 a chegada dessa menina, da Virginia. Porque a Virginia pode ser uma celebridade na internet, mas ela n\u00e3o era nada, ela n\u00e3o significava nada. E ela chegou como se fosse uma rainha, com cen\u00e1rio maravilhoso, com toda pompa, com toda divulga\u00e7\u00e3o. E a Eliana com 15 anos de casa estava reivindicando cen\u00e1rio novo. \u00c9 isso, isso \u00e9 bem claro\u201d, relatou Le\u00e3o Lobo ao podcast \u201cElementar Show\u201d.<\/p>\n\n\n\n<p class=\"wp-block-paragraph\">Vale lembrar que Virginia estreou na emissora em abril, nas noites de s\u00e1bado, com o \u201cSabadou com Virginia\u201d.<\/p>\n\n\n\n<p class=\"wp-block-paragraph\">Apesar de sua sa\u00edda, Eliana retornar\u00e1 \u00e0 casa em novembro para o Teleton, projeto do qual \u00e9 madrinha.<\/p>\n\n\n\n<figure class=\"wp-block-embed is-type-rich is-provider-instagram wp-block-embed-instagram\"><div class=\"wp-block-embed__wrapper\">\nhttps:\/\/www.instagram.com\/reel\/C8wdfFnu14O\/?igsh=MWpraGYwZTAwZzQ3Yg==\n<\/div><\/figure>","protected":false},"excerpt":{"rendered":"<p>Na semana passada, Eliana deixou o SBT ap\u00f3s 15 anos na emissora e anunciou sua ida para a Globo. Agora, o real motivo da sa\u00edda da apresentadora da empresa de Silvio Santos pode ter sido revelado. Recentemente, o jornalista Le\u00e3o Lobo exp\u00f4s a veterana teria ficado incomodada com a \u201cpompa\u201d com a qual Virginia Fonseca [&hellip;]<\/p>\n","protected":false},"author":2,"featured_media":213022,"comment_status":"closed","ping_status":"open","sticky":false,"template":"","format":"standard","meta":{"footnotes":""},"categories":[181],"tags":[745,8632],"class_list":["post-213021","post","type-post","status-publish","format-standard","has-post-thumbnail","hentry","category-televisao","tag-eliana","tag-virginia-fonseca-2"],"_links":{"self":[{"href":"https:\/\/portalpopmais.com.br\/en\/wp-json\/wp\/v2\/posts\/213021","targetHints":{"allow":["GET"]}}],"collection":[{"href":"https:\/\/portalpopmais.com.br\/en\/wp-json\/wp\/v2\/posts"}],"about":[{"href":"https:\/\/portalpopmais.com.br\/en\/wp-json\/wp\/v2\/types\/post"}],"author":[{"embeddable":true,"href":"https:\/\/portalpopmais.com.br\/en\/wp-json\/wp\/v2\/users\/2"}],"replies":[{"embeddable":true,"href":"https:\/\/portalpopmais.com.br\/en\/wp-json\/wp\/v2\/comments?post=213021"}],"version-history":[{"count":0,"href":"https:\/\/portalpopmais.com.br\/en\/wp-json\/wp\/v2\/posts\/213021\/revisions"}],"wp:featuredmedia":[{"embeddable":true,"href":"https:\/\/portalpopmais.com.br\/en\/wp-json\/wp\/v2\/media\/213022"}],"wp:attachment":[{"href":"https:\/\/portalpopmais.com.br\/en\/wp-json\/wp\/v2\/media?parent=213021"}],"wp:term":[{"taxonomy":"category","embeddable":true,"href":"https:\/\/portalpopmais.com.br\/en\/wp-json\/wp\/v2\/categories?post=213021"},{"taxonomy":"post_tag","embeddable":true,"href":"https:\/\/portalpopmais.com.br\/en\/wp-json\/wp\/v2\/tags?post=213021"}],"curies":[{"name":"wp","href":"https:\/\/api.w.org\/{rel}","templated":true}]}}