{"id":213083,"date":"2024-07-01T12:43:25","date_gmt":"2024-07-01T15:43:25","guid":{"rendered":"https:\/\/portalpopmais.com.br\/?p=213083"},"modified":"2024-07-01T12:43:28","modified_gmt":"2024-07-01T15:43:28","slug":"arthur-aguiar-rebate-maira-cardi-apos-filha-zombar-de-celular-de-cozinheiro","status":"publish","type":"post","link":"https:\/\/portalpopmais.com.br\/en\/arthur-aguiar-rebate-maira-cardi-apos-filha-zombar-de-celular-de-cozinheiro\/","title":{"rendered":"Arthur Aguiar rebate Ma\u00edra Cardi ap\u00f3s filha zombar de celular de cozinheiro"},"content":{"rendered":"\n<p class=\"wp-block-paragraph\">O ator <strong><a href=\"http:\/\/instagram.com\/portalpopmais\" target=\"_blank\" rel=\"noopener\">Arthur Aguiar<\/a><\/strong> foi \u00e0s redes sociais para rebater <strong><a href=\"https:\/\/portalpopmais.com.br\/maira-cardi-reativa-perfil-no-instagram-apos-seis-meses-offline\/\" data-type=\"post\" data-id=\"206480\">Ma\u00edra Cardi<\/a><\/strong>, ap\u00f3s os coment\u00e1rios feitos pela empres\u00e1ria envolvendo a pol\u00eamica da filha dos dois, Sophia, de 5 anos. A desaven\u00e7a entre eles come\u00e7ou ap\u00f3s viralizar um v\u00eddeo em que a garota aparece dizendo que o cozinheiro que trabalha na casa do pai tem um &#8220;celular de pobre&#8221;.<\/p>\n\n\n\n<p class=\"wp-block-paragraph\">Com a repercuss\u00e3o do v\u00eddeo na internet, a coach de pronunciou e culpou Arthur pelo ocorrido. &#8220;Nunca vi na minha vida minha filha falar uma barbaridade dessas aqui em casa, me espanta muito, inclusive, e se falasse ficaria de castigo com toda certeza do mundo, da mesma forma que reprovo completamente ela escutar m\u00fasicas para adultos que falam besteiras ou funk, mas, infelizmente, ela nem sempre volta de l\u00e1 como foi. Filhos de pais separados sofrem de dois princ\u00edpios e duas cria\u00e7\u00f5es. Aqui na nossa casa as regras s\u00e3o outras e, quando descumpridas \u2013 o que \u00e9 muito raro \u2013, a corre\u00e7\u00e3o \u00e9 imediata&#8221;, disse ela em entrevista ao colunista Leo Dias.<\/p>\n\n\n\n<div class=\"wp-block-group\"><div class=\"wp-block-group__inner-container is-layout-constrained wp-block-group-is-layout-constrained\">\n<h2 class=\"wp-block-heading\">Veja mais<\/h2>\n\n\n<ul class=\"wp-block-latest-posts__list is-grid aligncenter wp-block-latest-posts is-layout-flow wp-block-latest-posts-is-layout-flow\"><li><div class=\"wp-block-latest-posts__featured-image aligncenter\"><a href=\"https:\/\/portalpopmais.com.br\/en\/ariana-grande-muda-letra-musica-rumor-casamento\/\" aria-label=\"Ariana Grande muda letra de m\u00fasica durante show e alimenta rumores de casamento\"><img loading=\"lazy\" decoding=\"async\" width=\"768\" height=\"456\" src=\"https:\/\/portalpopmais.com.br\/wp-content\/uploads\/2026\/07\/press-image-5_@katiatemkin-768x456.jpg\" class=\"attachment-medium size-medium wp-post-image\" alt=\"press image 5 @katiatemkin\" style=\"\" srcset=\"https:\/\/portalpopmais.com.br\/wp-content\/uploads\/2026\/07\/press-image-5_@katiatemkin-768x456.jpg 768w, https:\/\/portalpopmais.com.br\/wp-content\/uploads\/2026\/07\/press-image-5_@katiatemkin-1170x694.jpg 1170w, https:\/\/portalpopmais.com.br\/wp-content\/uploads\/2026\/07\/press-image-5_@katiatemkin-18x12.jpg 18w\" sizes=\"auto, (max-width: 768px) 100vw, 768px\" title=\"\"><\/a><\/div><a class=\"wp-block-latest-posts__post-title\" href=\"https:\/\/portalpopmais.com.br\/en\/ariana-grande-muda-letra-musica-rumor-casamento\/\">Ariana Grande muda letra de m\u00fasica durante show e alimenta rumores de casamento<\/a><\/li>\n<li><div class=\"wp-block-latest-posts__featured-image aligncenter\"><a href=\"https:\/\/portalpopmais.com.br\/en\/atletas-brasil-mr-olympia-2026\/\" aria-label=\"Brasil garante 58 atletas no Mr. Olympia 2026 e ter\u00e1 representantes em 11 categorias\"><img loading=\"lazy\" decoding=\"async\" width=\"768\" height=\"456\" src=\"https:\/\/portalpopmais.com.br\/wp-content\/uploads\/2026\/09\/ramon-dino-fisiculturista-portalpopmais-768x456.png\" class=\"attachment-medium size-medium wp-post-image\" alt=\"ramon dino fisiculturista portalpopmais\" style=\"\" srcset=\"https:\/\/portalpopmais.com.br\/wp-content\/uploads\/2026\/09\/ramon-dino-fisiculturista-portalpopmais-768x456.png 768w, https:\/\/portalpopmais.com.br\/wp-content\/uploads\/2026\/09\/ramon-dino-fisiculturista-portalpopmais-1170x694.png 1170w, https:\/\/portalpopmais.com.br\/wp-content\/uploads\/2026\/09\/ramon-dino-fisiculturista-portalpopmais-18x12.png 18w\" sizes=\"auto, (max-width: 768px) 100vw, 768px\" title=\"\"><\/a><\/div><a class=\"wp-block-latest-posts__post-title\" href=\"https:\/\/portalpopmais.com.br\/en\/atletas-brasil-mr-olympia-2026\/\">Brasil garante 58 atletas no Mr. Olympia 2026 e ter\u00e1 representantes em 11 categorias<\/a><\/li>\n<li><div class=\"wp-block-latest-posts__featured-image aligncenter\"><a href=\"https:\/\/portalpopmais.com.br\/en\/millie-bobby-brown-fotos-viagem-familia\/\" aria-label=\"Millie Bobby Brown compartilha fotos in\u00e9ditas de viagem com marido e filha\"><img loading=\"lazy\" decoding=\"async\" width=\"768\" height=\"456\" src=\"https:\/\/portalpopmais.com.br\/wp-content\/uploads\/2026\/09\/Millie-Bobby-Brown-abre-album-de-viagem-com-filha-e-marido-768x456.png\" class=\"attachment-medium size-medium wp-post-image\" alt=\"Millie Bobby Brown abre \u00e1lbum de viagem com filha e marido\" style=\"\" srcset=\"https:\/\/portalpopmais.com.br\/wp-content\/uploads\/2026\/09\/Millie-Bobby-Brown-abre-album-de-viagem-com-filha-e-marido-768x456.png 768w, https:\/\/portalpopmais.com.br\/wp-content\/uploads\/2026\/09\/Millie-Bobby-Brown-abre-album-de-viagem-com-filha-e-marido-1170x694.png 1170w, https:\/\/portalpopmais.com.br\/wp-content\/uploads\/2026\/09\/Millie-Bobby-Brown-abre-album-de-viagem-com-filha-e-marido-18x12.png 18w\" sizes=\"auto, (max-width: 768px) 100vw, 768px\" title=\"\"><\/a><\/div><a class=\"wp-block-latest-posts__post-title\" href=\"https:\/\/portalpopmais.com.br\/en\/millie-bobby-brown-fotos-viagem-familia\/\">Millie Bobby Brown compartilha fotos in\u00e9ditas de viagem com marido e filha<\/a><\/li>\n<li><div class=\"wp-block-latest-posts__featured-image aligncenter\"><a href=\"https:\/\/portalpopmais.com.br\/en\/morre-luiz-antonio-silva\/\" aria-label=\"Morre Luiz Ant\u00f4nio Silva, m\u00e9dico e apresentador do quadro &#8220;Pergunte ao Doutor&#8221;, aos 63 anos\"><img loading=\"lazy\" decoding=\"async\" width=\"768\" height=\"456\" src=\"https:\/\/portalpopmais.com.br\/wp-content\/uploads\/2026\/09\/Morre-Luiz-Antonio-Silva-768x456.png\" class=\"attachment-medium size-medium wp-post-image\" alt=\"Morre Luiz Ant\u00f4nio Silva\" style=\"\" srcset=\"https:\/\/portalpopmais.com.br\/wp-content\/uploads\/2026\/09\/Morre-Luiz-Antonio-Silva-768x456.png 768w, https:\/\/portalpopmais.com.br\/wp-content\/uploads\/2026\/09\/Morre-Luiz-Antonio-Silva-1170x694.png 1170w, https:\/\/portalpopmais.com.br\/wp-content\/uploads\/2026\/09\/Morre-Luiz-Antonio-Silva-18x12.png 18w\" sizes=\"auto, (max-width: 768px) 100vw, 768px\" title=\"\"><\/a><\/div><a class=\"wp-block-latest-posts__post-title\" href=\"https:\/\/portalpopmais.com.br\/en\/morre-luiz-antonio-silva\/\">Morre Luiz Ant\u00f4nio Silva, m\u00e9dico e apresentador do quadro &#8220;Pergunte ao Doutor&#8221;, aos 63 anos<\/a><\/li>\n<li><div class=\"wp-block-latest-posts__featured-image aligncenter\"><a href=\"https:\/\/portalpopmais.com.br\/en\/selena-gomez-aparece-de-topless-em-video-gravado-por-benny-blanco-e-divide-opinioes-nas-redes\/\" aria-label=\"Selena Gomez aparece de topless em v\u00eddeo gravado por Benny Blanco e divide opini\u00f5es nas redes\"><img loading=\"lazy\" decoding=\"async\" width=\"768\" height=\"456\" src=\"https:\/\/portalpopmais.com.br\/wp-content\/uploads\/2026\/09\/selena-t4tgjz7r85lx-768x456.jpeg\" class=\"attachment-medium size-medium wp-post-image\" alt=\"selena t4tgjz7r85lx\" style=\"\" srcset=\"https:\/\/portalpopmais.com.br\/wp-content\/uploads\/2026\/09\/selena-t4tgjz7r85lx-768x456.jpeg 768w, https:\/\/portalpopmais.com.br\/wp-content\/uploads\/2026\/09\/selena-t4tgjz7r85lx-18x10.jpeg 18w\" sizes=\"auto, (max-width: 768px) 100vw, 768px\" title=\"\"><\/a><\/div><a class=\"wp-block-latest-posts__post-title\" href=\"https:\/\/portalpopmais.com.br\/en\/selena-gomez-aparece-de-topless-em-video-gravado-por-benny-blanco-e-divide-opinioes-nas-redes\/\">Selena Gomez aparece de topless em v\u00eddeo gravado por Benny Blanco e divide opini\u00f5es nas redes<\/a><\/li>\n<li><div class=\"wp-block-latest-posts__featured-image aligncenter\"><a href=\"https:\/\/portalpopmais.com.br\/en\/ex-genro-ana-maria-braga-fala-investigacao\/\" aria-label=\"Ex-genro de Ana Maria Braga se manifesta ap\u00f3s pris\u00e3o e investiga\u00e7\u00e3o por suposto furto\"><img loading=\"lazy\" decoding=\"async\" width=\"768\" height=\"456\" src=\"https:\/\/portalpopmais.com.br\/wp-content\/uploads\/2026\/09\/ex-genro-Ana-Maria-Braga-fala-investigacao-768x456.png\" class=\"attachment-medium size-medium wp-post-image\" alt=\"ex genro Ana Maria Braga fala investiga\u00e7\u00e3o\" style=\"\" srcset=\"https:\/\/portalpopmais.com.br\/wp-content\/uploads\/2026\/09\/ex-genro-Ana-Maria-Braga-fala-investigacao-768x456.png 768w, https:\/\/portalpopmais.com.br\/wp-content\/uploads\/2026\/09\/ex-genro-Ana-Maria-Braga-fala-investigacao-1170x694.png 1170w, https:\/\/portalpopmais.com.br\/wp-content\/uploads\/2026\/09\/ex-genro-Ana-Maria-Braga-fala-investigacao-18x10.png 18w\" sizes=\"auto, (max-width: 768px) 100vw, 768px\" title=\"\"><\/a><\/div><a class=\"wp-block-latest-posts__post-title\" href=\"https:\/\/portalpopmais.com.br\/en\/ex-genro-ana-maria-braga-fala-investigacao\/\">Ex-genro de Ana Maria Braga se manifesta ap\u00f3s pris\u00e3o e investiga\u00e7\u00e3o por suposto furto<\/a><\/li>\n<\/ul><\/div><\/div>\n\n\n\n<p class=\"wp-block-paragraph\">O ator, ent\u00e3o, usou as redes sociais para rebater a ex-mulher e ainda mandou uma indireta para Thiago Nigro, famoso coach de investimentos e atual marido de Ma\u00edra. &#8220;De fato, quando minha filha vem aqui na minha casa, ela volta bem diferente para a casa da m\u00e3e dela. Quando ela chega aqui, \u00e9 complicado. Ela, de fato, volta bem diferente, mais calma, mais educada, falando coisas que ela n\u00e3o falava. Estou h\u00e1 muito tempo calado e est\u00e1 dif\u00edcil ficar calado&#8221;, come\u00e7ou o artista.<\/p>\n\n\n\n<p class=\"wp-block-paragraph\">O campe\u00e3o do BBB 22 completou que repreendeu a filha pelo ocorrido, mas disse que n\u00e3o estava presente quando a situa\u00e7\u00e3o aconteceu. &#8220;Ela nunca falou isso na minha casa e isso \u00e9 uma coisa que ela n\u00e3o aprendeu aqui em casa. Aqui, n\u00e3o falo sobre dinheiro, ostenta\u00e7\u00e3o, para minha filha n\u00e3o tem essa diferencia\u00e7\u00e3o do quanto \u00e9 mais caro ou quanto n\u00e3o \u00e9, a gente n\u00e3o fala sobre isso. Isso, com certeza, n\u00e3o \u00e9 algo que minha filha ouviu ou aprendeu na minha casa e, obviamente, sou totalmente contra. Foi falado que minha filha fica menos tempo comigo e, de fato, ela fica menos tempo comigo. Minha filha aprendeu isso na minha casa? Ser\u00e1? Acho que n\u00e3o.&#8221;<\/p>\n\n\n\n<p class=\"wp-block-paragraph\">O cantor falou fazia horas que Sophia tinha chegado \u00e0 casa dele quando a situa\u00e7\u00e3o com o cozinheiro aconteceu. &#8220;Ela n\u00e3o aprendeu isso aqui agora, vamos combinar, \u00e9 uma coisa que ela j\u00e1 trouxe&#8221;, argumentou. Arthur ainda disse que Sophia volta para a casa de Ma\u00edra &#8220;mais calma, muito mais educada, volta outra crian\u00e7a.&#8221;<\/p>\n\n\n\n<p class=\"wp-block-paragraph\">Arthur ainda criticou a postura de Ma\u00edra Cardi de comentar a desaven\u00e7a nas redes sociais em vez de procur\u00e1-lo. &#8220;N\u00e3o recebi mensagem no meu celular procurando saber o que tinha acontecido e querendo saber o que houve. \u00c9 \u00f3bvio que n\u00e3o recebi, porque \u00e9 muito melhor jogar na internet, faz mais sentido morrer na internet. Nunca vou entender por que as coisas n\u00e3o s\u00e3o resolvidas no privado, tem que ser na internet. Vou morrer e n\u00e3o vou entender&#8221;, esbravejou.<\/p>\n\n\n\n<p class=\"wp-block-paragraph\">Jheny Santucci, namorada de Arthur Aguiar, tamb\u00e9m se pronunciou sobre a pol\u00eamica. A cabeleireira defendeu o companheiro e criticou Ma\u00edra em um coment\u00e1rio nas redes sociais. &#8220;Ela [Sophia] chama o padrasto de pai (por livre e espont\u00e2nea press\u00e3o) porque ela mora com eles e passa mais tempo na casa da m\u00e3e. Agora, a atitude feio \u00e9 culpa do pai que ela tanto fala que \u00e9 ausente. Jejum de internet urgente&#8221;, disse ela em refer\u00eancia ao jejum que a coach fez na \u00faltima semana.<\/p>\n\n\n\n<figure class=\"wp-block-embed is-type-rich is-provider-twitter wp-block-embed-twitter\"><div class=\"wp-block-embed__wrapper\">\n<blockquote class=\"twitter-tweet\" data-width=\"550\" data-dnt=\"true\"><p lang=\"pt\" dir=\"ltr\">\ud83d\udea8FAMOSOS: Ap\u00f3s ser responsabilizado por Maira Cardi pela declara\u00e7\u00e3o de sua filha sobre o celular do cozinheiro ser &quot;de pobre&quot;, Arthur Aguiar respondeu. <a href=\"https:\/\/t.co\/IYTny7d9tH\">pic.twitter.com\/IYTny7d9tH<\/a><\/p>&mdash; CHOQUEI (@choquei) <a href=\"https:\/\/twitter.com\/choquei\/status\/1807778111339041250?ref_src=twsrc%5Etfw\" target=\"_blank\" rel=\"noopener\">July 1, 2024<\/a><\/blockquote><script async src=\"https:\/\/platform.twitter.com\/widgets.js\" charset=\"utf-8\"><\/script>\n<\/div><\/figure>\n","protected":false},"excerpt":{"rendered":"<p>O ator Arthur Aguiar foi \u00e0s redes sociais para rebater Ma\u00edra Cardi, ap\u00f3s os coment\u00e1rios feitos pela empres\u00e1ria envolvendo a pol\u00eamica da filha dos dois, Sophia, de 5 anos. A desaven\u00e7a entre eles come\u00e7ou ap\u00f3s viralizar um v\u00eddeo em que a garota aparece dizendo que o cozinheiro que trabalha na casa do pai tem um [&hellip;]<\/p>\n","protected":false},"author":2,"featured_media":213084,"comment_status":"closed","ping_status":"open","sticky":false,"template":"","format":"standard","meta":{"footnotes":""},"categories":[173],"tags":[1185],"class_list":["post-213083","post","type-post","status-publish","format-standard","has-post-thumbnail","hentry","category-celebridades","tag-arthur-aguiar"],"_links":{"self":[{"href":"https:\/\/portalpopmais.com.br\/en\/wp-json\/wp\/v2\/posts\/213083","targetHints":{"allow":["GET"]}}],"collection":[{"href":"https:\/\/portalpopmais.com.br\/en\/wp-json\/wp\/v2\/posts"}],"about":[{"href":"https:\/\/portalpopmais.com.br\/en\/wp-json\/wp\/v2\/types\/post"}],"author":[{"embeddable":true,"href":"https:\/\/portalpopmais.com.br\/en\/wp-json\/wp\/v2\/users\/2"}],"replies":[{"embeddable":true,"href":"https:\/\/portalpopmais.com.br\/en\/wp-json\/wp\/v2\/comments?post=213083"}],"version-history":[{"count":0,"href":"https:\/\/portalpopmais.com.br\/en\/wp-json\/wp\/v2\/posts\/213083\/revisions"}],"wp:featuredmedia":[{"embeddable":true,"href":"https:\/\/portalpopmais.com.br\/en\/wp-json\/wp\/v2\/media\/213084"}],"wp:attachment":[{"href":"https:\/\/portalpopmais.com.br\/en\/wp-json\/wp\/v2\/media?parent=213083"}],"wp:term":[{"taxonomy":"category","embeddable":true,"href":"https:\/\/portalpopmais.com.br\/en\/wp-json\/wp\/v2\/categories?post=213083"},{"taxonomy":"post_tag","embeddable":true,"href":"https:\/\/portalpopmais.com.br\/en\/wp-json\/wp\/v2\/tags?post=213083"}],"curies":[{"name":"wp","href":"https:\/\/api.w.org\/{rel}","templated":true}]}}