{"id":213101,"date":"2024-07-02T06:10:51","date_gmt":"2024-07-02T09:10:51","guid":{"rendered":"https:\/\/portalpopmais.com.br\/?p=213101"},"modified":"2024-07-02T06:10:54","modified_gmt":"2024-07-02T09:10:54","slug":"sonia-abrao-detona-entrada-de-eliana-na-globo-nao-esta-a-altura","status":"publish","type":"post","link":"https:\/\/portalpopmais.com.br\/en\/sonia-abrao-detona-entrada-de-eliana-na-globo-nao-esta-a-altura\/","title":{"rendered":"Sonia Abr\u00e3o detona entrada de Eliana na Globo: &#8216;N\u00e3o est\u00e1 \u00e0 altura&#8217;"},"content":{"rendered":"<p class=\"wp-block-paragraph\">A apresentadora <strong><a href=\"https:\/\/portalpopmais.com.br\/en\/sonia-abrao-pede-expulsao-davi\/\" data-type=\"post\" data-id=\"206136\">Sonia Abr\u00e3o<\/a><\/strong> n\u00e3o poupou cr\u00edticas \u00e0 contrata\u00e7\u00e3o de Eliana na TV Globo em decorr\u00eancia da escolha de programas feitos pela emissora para a grande estreia da artista na emissora. A ex-contratada do SBT estar\u00e1 em dois programas do grupo, o &#8220;Saia Justa&#8221;, da GNT, e o &#8220;TheMasked Singer&#8221;. Entretanto, a jornalista se mostrou insatisfeita com a sele\u00e7\u00e3o, apontando que os programas n\u00e3o est\u00e3o &#8220;\u00e0 altura de Eliana&#8221;.<\/p>\n\n\n\n<p class=\"wp-block-paragraph\">S\u00f4nia, que sempre teve uma opini\u00e3o contr\u00e1ria a sa\u00edda de Eliana do SBT, rasgou o verbo. &#8220;Juntaram tudo isso, mas n\u00e3o est\u00e1 \u00e0 altura fo que Eliana representa na televis\u00e3o brasileira, n\u00e3o est\u00e1 \u00e0 altura da repercuss\u00e3o e da import\u00e2ncia que ela tinha na programa\u00e7\u00e3o do SBT&#8221;, disparou <a href=\"http:\/\/twitter.com\/sitepopmais\" target=\"_blank\" rel=\"noopener\">ela<\/a>, durante a exibi\u00e7\u00e3o do &#8220;A Tarde \u00c9 Sua&#8221;, nesta segunda-feira (1\u00b0\/7), na RedeTV!.<\/p>\n\n\n\n<div class=\"wp-block-group\"><div class=\"wp-block-group__inner-container is-layout-constrained wp-block-group-is-layout-constrained\">\n<h2 class=\"wp-block-heading\">Veja mais<\/h2>\n\n\n<ul class=\"wp-block-latest-posts__list is-grid wp-block-latest-posts is-layout-flow wp-block-latest-posts-is-layout-flow\"><li><div class=\"wp-block-latest-posts__featured-image aligncenter\"><a href=\"https:\/\/portalpopmais.com.br\/en\/quem-e-participante-perdeu-perna-indenizacao\/\" aria-label=\"Saiba quem \u00e9 o jovem que perdeu a perna durante reality e pede indeniza\u00e7\u00e3o de R$ 510 milh\u00f5es\"><img loading=\"lazy\" decoding=\"async\" width=\"768\" height=\"456\" src=\"https:\/\/portalpopmais.com.br\/wp-content\/uploads\/2026\/09\/quem-e-Stavros-Floros-768x456.png\" class=\"attachment-medium size-medium wp-post-image\" alt=\"Stavros Floros perdeu a perna em reality show e pede indeniza\u00e7\u00e3o de R$ 510 milh\u00f5es \u2014 Foto: Reprodu\u00e7\u00e3o\/Instagram\" style=\"\" srcset=\"https:\/\/portalpopmais.com.br\/wp-content\/uploads\/2026\/09\/quem-e-Stavros-Floros-768x456.png 768w, https:\/\/portalpopmais.com.br\/wp-content\/uploads\/2026\/09\/quem-e-Stavros-Floros-1170x694.png 1170w, https:\/\/portalpopmais.com.br\/wp-content\/uploads\/2026\/09\/quem-e-Stavros-Floros-18x12.png 18w\" sizes=\"auto, (max-width: 768px) 100vw, 768px\" title=\"\"><\/a><\/div><a class=\"wp-block-latest-posts__post-title\" href=\"https:\/\/portalpopmais.com.br\/en\/quem-e-participante-perdeu-perna-indenizacao\/\">Saiba quem \u00e9 o jovem que perdeu a perna durante reality e pede indeniza\u00e7\u00e3o de R$ 510 milh\u00f5es<\/a><\/li>\n<li><div class=\"wp-block-latest-posts__featured-image aligncenter\"><a href=\"https:\/\/portalpopmais.com.br\/en\/chady-letra-te-amar-e-facil\/\" aria-label=\"Atra\u00e7\u00e3o do Rock in Rio, Chady transforma momento rom\u00e2ntico em m\u00fasica no single \u201cTe Amar \u00e9 F\u00e1cil\u201d; veja letra\"><img loading=\"lazy\" decoding=\"async\" width=\"768\" height=\"456\" src=\"https:\/\/portalpopmais.com.br\/wp-content\/uploads\/2026\/09\/Chady-lanca-te-amar-e-facil-768x456.jpg\" class=\"attachment-medium size-medium wp-post-image\" alt=\"Chady lan\u00e7a te amar \u00e9 facil\" style=\"\" srcset=\"https:\/\/portalpopmais.com.br\/wp-content\/uploads\/2026\/09\/Chady-lanca-te-amar-e-facil-768x456.jpg 768w, https:\/\/portalpopmais.com.br\/wp-content\/uploads\/2026\/09\/Chady-lanca-te-amar-e-facil-1170x694.jpg 1170w, https:\/\/portalpopmais.com.br\/wp-content\/uploads\/2026\/09\/Chady-lanca-te-amar-e-facil-18x12.jpg 18w\" sizes=\"auto, (max-width: 768px) 100vw, 768px\" title=\"\"><\/a><\/div><a class=\"wp-block-latest-posts__post-title\" href=\"https:\/\/portalpopmais.com.br\/en\/chady-letra-te-amar-e-facil\/\">Atra\u00e7\u00e3o do Rock in Rio, Chady transforma momento rom\u00e2ntico em m\u00fasica no single \u201cTe Amar \u00e9 F\u00e1cil\u201d; veja letra<\/a><\/li>\n<li><div class=\"wp-block-latest-posts__featured-image aligncenter\"><a href=\"https:\/\/portalpopmais.com.br\/en\/rock-in-rio-2026-horarios-dia-4\/\" aria-label=\"Rock in Rio 2026 come\u00e7a nesta sexta-feira (4); confira o line-up e os hor\u00e1rios dos shows\"><img loading=\"lazy\" decoding=\"async\" width=\"768\" height=\"456\" src=\"https:\/\/portalpopmais.com.br\/wp-content\/uploads\/2026\/01\/Foo-Fighters-dave-grohl-768x456.webp\" class=\"attachment-medium size-medium wp-post-image\" alt=\"\" style=\"\" srcset=\"https:\/\/portalpopmais.com.br\/wp-content\/uploads\/2026\/01\/Foo-Fighters-dave-grohl-768x456.webp 768w, https:\/\/portalpopmais.com.br\/wp-content\/uploads\/2026\/01\/Foo-Fighters-dave-grohl-18x10.webp 18w\" sizes=\"auto, (max-width: 768px) 100vw, 768px\" title=\"\"><\/a><\/div><a class=\"wp-block-latest-posts__post-title\" href=\"https:\/\/portalpopmais.com.br\/en\/rock-in-rio-2026-horarios-dia-4\/\">Rock in Rio 2026 come\u00e7a nesta sexta-feira (4); confira o line-up e os hor\u00e1rios dos shows<\/a><\/li>\n<li><div class=\"wp-block-latest-posts__featured-image aligncenter\"><a href=\"https:\/\/portalpopmais.com.br\/en\/conheca-o-rapper-pk\/\" aria-label=\"Conhe\u00e7a o rapper PK\"><img loading=\"lazy\" decoding=\"async\" width=\"768\" height=\"456\" src=\"https:\/\/portalpopmais.com.br\/wp-content\/uploads\/2020\/11\/PK_-Credito-@caduandradee-scaled-e1606495443667-768x456.jpg\" class=\"attachment-medium size-medium wp-post-image\" alt=\"pk\" style=\"\" srcset=\"https:\/\/portalpopmais.com.br\/wp-content\/uploads\/2020\/11\/PK_-Credito-@caduandradee-scaled-e1606495443667-768x456.jpg 768w, https:\/\/portalpopmais.com.br\/wp-content\/uploads\/2020\/11\/PK_-Credito-@caduandradee-scaled-e1606495443667-1170x694.jpg 1170w\" sizes=\"auto, (max-width: 768px) 100vw, 768px\" title=\"\"><\/a><\/div><a class=\"wp-block-latest-posts__post-title\" href=\"https:\/\/portalpopmais.com.br\/en\/conheca-o-rapper-pk\/\">Conhe\u00e7a o rapper PK<\/a><\/li>\n<li><div class=\"wp-block-latest-posts__featured-image aligncenter\"><a href=\"https:\/\/portalpopmais.com.br\/en\/letra-e-traducao-de-bass-persuades-miley-cyrus\/\" aria-label=\"Letra e tradu\u00e7\u00e3o de &#8220;Bass Persuades&#8221; &#8211; Miley Cyrus\"><img loading=\"lazy\" decoding=\"async\" width=\"768\" height=\"456\" src=\"https:\/\/portalpopmais.com.br\/wp-content\/uploads\/2026\/09\/miley-cyrus-anuncia-album-Bass-Persuades-portalpopmais-768x456.jpg\" class=\"attachment-medium size-medium wp-post-image\" alt=\"miley cyrus anuncia album Bass Persuades portalpopmais\" style=\"\" srcset=\"https:\/\/portalpopmais.com.br\/wp-content\/uploads\/2026\/09\/miley-cyrus-anuncia-album-Bass-Persuades-portalpopmais-768x456.jpg 768w, https:\/\/portalpopmais.com.br\/wp-content\/uploads\/2026\/09\/miley-cyrus-anuncia-album-Bass-Persuades-portalpopmais-1170x694.jpg 1170w, https:\/\/portalpopmais.com.br\/wp-content\/uploads\/2026\/09\/miley-cyrus-anuncia-album-Bass-Persuades-portalpopmais-18x12.jpg 18w\" sizes=\"auto, (max-width: 768px) 100vw, 768px\" title=\"\"><\/a><\/div><a class=\"wp-block-latest-posts__post-title\" href=\"https:\/\/portalpopmais.com.br\/en\/letra-e-traducao-de-bass-persuades-miley-cyrus\/\">Letra e tradu\u00e7\u00e3o de &#8220;Bass Persuades&#8221; &#8211; Miley Cyrus<\/a><\/li>\n<li><div class=\"wp-block-latest-posts__featured-image aligncenter\"><a href=\"https:\/\/portalpopmais.com.br\/en\/nina-dobrev-e-retirada-do-tapete-vermelho-no-festival-de-veneza-eu-teria-evaporado-de-vergonha\/\" aria-label=\"Nina Dobrev \u00e9 retirada do tapete vermelho no Festival de Veneza: \u201cEu teria evaporado de vergonha\u201d\"><img loading=\"lazy\" decoding=\"async\" width=\"768\" height=\"456\" src=\"https:\/\/portalpopmais.com.br\/wp-content\/uploads\/2026\/09\/Screenshot_20260903-194159-768x456.png\" class=\"attachment-medium size-medium wp-post-image\" alt=\"Screenshot 20260903 194159\" style=\"\" srcset=\"https:\/\/portalpopmais.com.br\/wp-content\/uploads\/2026\/09\/Screenshot_20260903-194159-768x456.png 768w, https:\/\/portalpopmais.com.br\/wp-content\/uploads\/2026\/09\/Screenshot_20260903-194159-18x12.png 18w\" sizes=\"auto, (max-width: 768px) 100vw, 768px\" title=\"\"><\/a><\/div><a class=\"wp-block-latest-posts__post-title\" href=\"https:\/\/portalpopmais.com.br\/en\/nina-dobrev-e-retirada-do-tapete-vermelho-no-festival-de-veneza-eu-teria-evaporado-de-vergonha\/\">Nina Dobrev \u00e9 retirada do tapete vermelho no Festival de Veneza: \u201cEu teria evaporado de vergonha\u201d<\/a><\/li>\n<\/ul><\/div><\/div>\n\n\n\n<p class=\"wp-block-paragraph\">Na opini\u00e3o de S\u00f4nia, Eliana ter aceitado isso foi um equ\u00edvoco. &#8220;A maneira em que a Globo resolveu jogar a Eliana no ar e ela ter concordado com isso, o que \u00e9 direito dela, com o que ela est\u00e1 feliz, eu acho, particularmente, equivocado. N\u00e3o est\u00e1 \u00e0 altura dela ainda&#8221;, adicionou a veterana.<\/p>\n\n\n\n<p class=\"wp-block-paragraph\">Al\u00e9m disso, a apresentadora ainda apontou que espera que a decis\u00e3o da TV Globo n\u00e3o seja definitiva, mas sim uma forma de estudar melhores possibilidades de alocar Eliana na grade de programas da emissora: &#8220;O medo \u00e9 que fique bom para a Globo assim e assim ficar para Eliana tamb\u00e9m&#8221;, concluiu.<\/p>","protected":false},"excerpt":{"rendered":"<p>A apresentadora Sonia Abr\u00e3o n\u00e3o poupou cr\u00edticas \u00e0 contrata\u00e7\u00e3o de Eliana na TV Globo em decorr\u00eancia da escolha de programas feitos pela emissora para a grande estreia da artista na emissora. A ex-contratada do SBT estar\u00e1 em dois programas do grupo, o &#8220;Saia Justa&#8221;, da GNT, e o &#8220;TheMasked Singer&#8221;. Entretanto, a jornalista se mostrou [&hellip;]<\/p>\n","protected":false},"author":2,"featured_media":213102,"comment_status":"closed","ping_status":"open","sticky":false,"template":"","format":"standard","meta":{"footnotes":""},"categories":[181],"tags":[745,778],"class_list":["post-213101","post","type-post","status-publish","format-standard","has-post-thumbnail","hentry","category-televisao","tag-eliana","tag-sonia-abrao"],"_links":{"self":[{"href":"https:\/\/portalpopmais.com.br\/en\/wp-json\/wp\/v2\/posts\/213101","targetHints":{"allow":["GET"]}}],"collection":[{"href":"https:\/\/portalpopmais.com.br\/en\/wp-json\/wp\/v2\/posts"}],"about":[{"href":"https:\/\/portalpopmais.com.br\/en\/wp-json\/wp\/v2\/types\/post"}],"author":[{"embeddable":true,"href":"https:\/\/portalpopmais.com.br\/en\/wp-json\/wp\/v2\/users\/2"}],"replies":[{"embeddable":true,"href":"https:\/\/portalpopmais.com.br\/en\/wp-json\/wp\/v2\/comments?post=213101"}],"version-history":[{"count":0,"href":"https:\/\/portalpopmais.com.br\/en\/wp-json\/wp\/v2\/posts\/213101\/revisions"}],"wp:featuredmedia":[{"embeddable":true,"href":"https:\/\/portalpopmais.com.br\/en\/wp-json\/wp\/v2\/media\/213102"}],"wp:attachment":[{"href":"https:\/\/portalpopmais.com.br\/en\/wp-json\/wp\/v2\/media?parent=213101"}],"wp:term":[{"taxonomy":"category","embeddable":true,"href":"https:\/\/portalpopmais.com.br\/en\/wp-json\/wp\/v2\/categories?post=213101"},{"taxonomy":"post_tag","embeddable":true,"href":"https:\/\/portalpopmais.com.br\/en\/wp-json\/wp\/v2\/tags?post=213101"}],"curies":[{"name":"wp","href":"https:\/\/api.w.org\/{rel}","templated":true}]}}