{"id":213389,"date":"2024-07-06T06:59:44","date_gmt":"2024-07-06T09:59:44","guid":{"rendered":"https:\/\/portalpopmais.com.br\/?p=213389"},"modified":"2024-07-06T06:59:48","modified_gmt":"2024-07-06T09:59:48","slug":"deu-pane-eduardo-costa-fica-imovel-e-completo-silencio-por-10-minutos-em-show-e-preocupa-fas","status":"publish","type":"post","link":"https:\/\/portalpopmais.com.br\/en\/deu-pane-eduardo-costa-fica-imovel-e-completo-silencio-por-10-minutos-em-show-e-preocupa-fas\/","title":{"rendered":"Deu pane? Eduardo Costa fica im\u00f3vel e completo sil\u00eancio por 10 minutos em show e preocupa f\u00e3s"},"content":{"rendered":"<p class=\"wp-block-paragraph\">O cantor <strong><strong><a href=\"https:\/\/portalpopmais.com.br\/en\/eduardo-costa-me-ajuda-a-te-esquecer-veja-letra\/\">Eduardo Costa<\/a><\/strong><\/strong> voltou a causar pol\u00eamica na \u00faltima semana. Isso porque ele apareceu paralisado no palco durante um tempo, em uma de suas apresenta\u00e7\u00f5es.  O sertanejo passou cerca de 10 minutos im\u00f3vel e em completo sil\u00eancio, preocupando seus admiradores.<\/p>\n\n\n\n<p class=\"wp-block-paragraph\">Ap\u00f3s especula\u00e7\u00f5es, Eduardo Costa resolveu explicar o que acontece quando fica completamente parado em seu show olhando para o <a href=\"http:\/\/twitter.com\/sitepopmais\" target=\"_blank\" rel=\"noopener\">p\u00fablico<\/a>.<\/p>\n\n\n\n<div class=\"wp-block-group\"><div class=\"wp-block-group__inner-container is-layout-constrained wp-block-group-is-layout-constrained\">\n<h2 class=\"wp-block-heading\">Veja mais<\/h2>\n\n\n<ul class=\"wp-block-latest-posts__list is-grid aligncenter wp-block-latest-posts is-layout-flow wp-block-latest-posts-is-layout-flow\"><li><div class=\"wp-block-latest-posts__featured-image\"><img loading=\"lazy\" decoding=\"async\" width=\"768\" height=\"456\" src=\"https:\/\/portalpopmais.com.br\/wp-content\/uploads\/2026\/09\/mapa-do-rock-in-rio-2026-768x456.png\" class=\"attachment-medium size-medium wp-post-image\" alt=\"mapa do rock in rio 2026\" style=\"\" srcset=\"https:\/\/portalpopmais.com.br\/wp-content\/uploads\/2026\/09\/mapa-do-rock-in-rio-2026-768x456.png 768w, https:\/\/portalpopmais.com.br\/wp-content\/uploads\/2026\/09\/mapa-do-rock-in-rio-2026-1170x694.png 1170w, https:\/\/portalpopmais.com.br\/wp-content\/uploads\/2026\/09\/mapa-do-rock-in-rio-2026-18x10.png 18w\" sizes=\"auto, (max-width: 768px) 100vw, 768px\" title=\"\"><\/div><a class=\"wp-block-latest-posts__post-title\" href=\"https:\/\/portalpopmais.com.br\/en\/mapa-rock-in-rio-2026\/\">Mapa do Rock in Rio 2026 \u00e9 revelado; veja onde ficam os palcos da Cidade do Rock<\/a><\/li>\n<li><div class=\"wp-block-latest-posts__featured-image\"><img loading=\"lazy\" decoding=\"async\" width=\"768\" height=\"456\" src=\"https:\/\/portalpopmais.com.br\/wp-content\/uploads\/2025\/09\/lionel-richie-live-2023-getty-768x456.jpg\" class=\"attachment-medium size-medium wp-post-image\" alt=\"\" style=\"\" srcset=\"https:\/\/portalpopmais.com.br\/wp-content\/uploads\/2025\/09\/lionel-richie-live-2023-getty-768x456.jpg 768w, https:\/\/portalpopmais.com.br\/wp-content\/uploads\/2025\/09\/lionel-richie-live-2023-getty-1170x694.jpg 1170w, https:\/\/portalpopmais.com.br\/wp-content\/uploads\/2025\/09\/lionel-richie-live-2023-getty-18x12.jpg 18w\" sizes=\"auto, (max-width: 768px) 100vw, 768px\" title=\"\"><\/div><a class=\"wp-block-latest-posts__post-title\" href=\"https:\/\/portalpopmais.com.br\/en\/lionel-richie-investigacao-problema-cardiaco\/\">Lionel Richie segue internado na UTI e m\u00e9dicos investigam problemas card\u00edacos<\/a><\/li>\n<li><div class=\"wp-block-latest-posts__featured-image\"><img loading=\"lazy\" decoding=\"async\" width=\"768\" height=\"456\" src=\"https:\/\/portalpopmais.com.br\/wp-content\/uploads\/2026\/09\/morre-gracindo-jr-768x456.png\" class=\"attachment-medium size-medium wp-post-image\" alt=\"morre gracindo jr\" style=\"\" srcset=\"https:\/\/portalpopmais.com.br\/wp-content\/uploads\/2026\/09\/morre-gracindo-jr-768x456.png 768w, https:\/\/portalpopmais.com.br\/wp-content\/uploads\/2026\/09\/morre-gracindo-jr-1170x694.png 1170w, https:\/\/portalpopmais.com.br\/wp-content\/uploads\/2026\/09\/morre-gracindo-jr-18x12.png 18w\" sizes=\"auto, (max-width: 768px) 100vw, 768px\" title=\"\"><\/div><a class=\"wp-block-latest-posts__post-title\" href=\"https:\/\/portalpopmais.com.br\/en\/morre-gracindo-jr\/\">Morre o ator e diretor Gracindo Jr., aos 83 anos<\/a><\/li>\n<li><div class=\"wp-block-latest-posts__featured-image\"><img loading=\"lazy\" decoding=\"async\" width=\"768\" height=\"456\" src=\"https:\/\/portalpopmais.com.br\/wp-content\/uploads\/2026\/09\/breno-ferreira-comenta-cena-nudez-768x456.png\" class=\"attachment-medium size-medium wp-post-image\" alt=\"breno ferreira comenta cena nudez\" style=\"\" srcset=\"https:\/\/portalpopmais.com.br\/wp-content\/uploads\/2026\/09\/breno-ferreira-comenta-cena-nudez-768x456.png 768w, https:\/\/portalpopmais.com.br\/wp-content\/uploads\/2026\/09\/breno-ferreira-comenta-cena-nudez-1170x694.png 1170w, https:\/\/portalpopmais.com.br\/wp-content\/uploads\/2026\/09\/breno-ferreira-comenta-cena-nudez-18x12.png 18w\" sizes=\"auto, (max-width: 768px) 100vw, 768px\" title=\"\"><\/div><a class=\"wp-block-latest-posts__post-title\" href=\"https:\/\/portalpopmais.com.br\/en\/breno-ferreira-comenta-cena-nudez\/\">Breno Ferreira comenta repercuss\u00e3o de nudez frontal em &#8216;Jogada de Risco&#8217; e revela rea\u00e7\u00e3o da fam\u00edlia<\/a><\/li>\n<li><div class=\"wp-block-latest-posts__featured-image\"><img loading=\"lazy\" decoding=\"async\" width=\"768\" height=\"456\" src=\"https:\/\/portalpopmais.com.br\/wp-content\/uploads\/2026\/07\/press-image-5_@katiatemkin-768x456.jpg\" class=\"attachment-medium size-medium wp-post-image\" alt=\"press image 5 @katiatemkin\" style=\"\" srcset=\"https:\/\/portalpopmais.com.br\/wp-content\/uploads\/2026\/07\/press-image-5_@katiatemkin-768x456.jpg 768w, https:\/\/portalpopmais.com.br\/wp-content\/uploads\/2026\/07\/press-image-5_@katiatemkin-1170x694.jpg 1170w, https:\/\/portalpopmais.com.br\/wp-content\/uploads\/2026\/07\/press-image-5_@katiatemkin-18x12.jpg 18w\" sizes=\"auto, (max-width: 768px) 100vw, 768px\" title=\"\"><\/div><a class=\"wp-block-latest-posts__post-title\" href=\"https:\/\/portalpopmais.com.br\/en\/ariana-grande-muda-letra-musica-rumor-casamento\/\">Ariana Grande muda letra de m\u00fasica durante show e alimenta rumores de casamento<\/a><\/li>\n<li><div class=\"wp-block-latest-posts__featured-image\"><img loading=\"lazy\" decoding=\"async\" width=\"768\" height=\"456\" src=\"https:\/\/portalpopmais.com.br\/wp-content\/uploads\/2026\/09\/ramon-dino-fisiculturista-portalpopmais-768x456.png\" class=\"attachment-medium size-medium wp-post-image\" alt=\"ramon dino fisiculturista portalpopmais\" style=\"\" srcset=\"https:\/\/portalpopmais.com.br\/wp-content\/uploads\/2026\/09\/ramon-dino-fisiculturista-portalpopmais-768x456.png 768w, https:\/\/portalpopmais.com.br\/wp-content\/uploads\/2026\/09\/ramon-dino-fisiculturista-portalpopmais-1170x694.png 1170w, https:\/\/portalpopmais.com.br\/wp-content\/uploads\/2026\/09\/ramon-dino-fisiculturista-portalpopmais-18x12.png 18w\" sizes=\"auto, (max-width: 768px) 100vw, 768px\" title=\"\"><\/div><a class=\"wp-block-latest-posts__post-title\" href=\"https:\/\/portalpopmais.com.br\/en\/atletas-brasil-mr-olympia-2026\/\">Brasil garante 58 atletas no Mr. Olympia 2026 e ter\u00e1 representantes em 11 categorias<\/a><\/li>\n<\/ul><\/div><\/div>\n\n\n\n<p class=\"wp-block-paragraph\">Ap\u00f3s fortes especula\u00e7\u00f5es dos f\u00e3s por essa \u201ctradi\u00e7\u00e3o\u201d, o cantor, enfim, revelou o motivo nas redes sociais, nesta sexta-feira (06\/07).<\/p>\n\n\n\n<p class=\"wp-block-paragraph\"><em>\u201cQuando eu t\u00f4 ali no palco, que voc\u00eas me veem parado ali 5 minutos, 10 minutos, \u00e9 o momento em que as pessoas est\u00e3o gritando (\u2026). Sabe o que eu estou fazendo naquele momento em que eu estou parado olhando pra cara daquelas pessoas ou olhando pro nada? Eu estou agradecendo a Deus pela vida de cada um que est\u00e1 ali. Porque eu sa\u00ed l\u00e1 de Abre Campo, do meio do nada, sem ter o m\u00ednimo\u201d<\/em>, explicou o cantor.<\/p>\n\n\n\n<figure class=\"wp-block-embed is-type-rich is-provider-instagram wp-block-embed-instagram\"><div class=\"wp-block-embed__wrapper\">\nhttps:\/\/www.instagram.com\/p\/C9DpX7txJG2\/?utm_source=ig_embed&#038;ig_rid=8a44818f-1523-4b44-84bc-f50724c0e205\n<\/div><\/figure>","protected":false},"excerpt":{"rendered":"<p>O cantor Eduardo Costa voltou a causar pol\u00eamica na \u00faltima semana. Isso porque ele apareceu paralisado no palco durante um tempo, em uma de suas apresenta\u00e7\u00f5es. O sertanejo passou cerca de 10 minutos im\u00f3vel e em completo sil\u00eancio, preocupando seus admiradores. Ap\u00f3s especula\u00e7\u00f5es, Eduardo Costa resolveu explicar o que acontece quando fica completamente parado em [&hellip;]<\/p>\n","protected":false},"author":2,"featured_media":213391,"comment_status":"closed","ping_status":"open","sticky":false,"template":"","format":"standard","meta":{"footnotes":""},"categories":[154],"tags":[790],"class_list":["post-213389","post","type-post","status-publish","format-standard","has-post-thumbnail","hentry","category-musica","tag-eduardo-costa"],"_links":{"self":[{"href":"https:\/\/portalpopmais.com.br\/en\/wp-json\/wp\/v2\/posts\/213389","targetHints":{"allow":["GET"]}}],"collection":[{"href":"https:\/\/portalpopmais.com.br\/en\/wp-json\/wp\/v2\/posts"}],"about":[{"href":"https:\/\/portalpopmais.com.br\/en\/wp-json\/wp\/v2\/types\/post"}],"author":[{"embeddable":true,"href":"https:\/\/portalpopmais.com.br\/en\/wp-json\/wp\/v2\/users\/2"}],"replies":[{"embeddable":true,"href":"https:\/\/portalpopmais.com.br\/en\/wp-json\/wp\/v2\/comments?post=213389"}],"version-history":[{"count":0,"href":"https:\/\/portalpopmais.com.br\/en\/wp-json\/wp\/v2\/posts\/213389\/revisions"}],"wp:featuredmedia":[{"embeddable":true,"href":"https:\/\/portalpopmais.com.br\/en\/wp-json\/wp\/v2\/media\/213391"}],"wp:attachment":[{"href":"https:\/\/portalpopmais.com.br\/en\/wp-json\/wp\/v2\/media?parent=213389"}],"wp:term":[{"taxonomy":"category","embeddable":true,"href":"https:\/\/portalpopmais.com.br\/en\/wp-json\/wp\/v2\/categories?post=213389"},{"taxonomy":"post_tag","embeddable":true,"href":"https:\/\/portalpopmais.com.br\/en\/wp-json\/wp\/v2\/tags?post=213389"}],"curies":[{"name":"wp","href":"https:\/\/api.w.org\/{rel}","templated":true}]}}