{"id":213413,"date":"2024-07-07T10:12:59","date_gmt":"2024-07-07T13:12:59","guid":{"rendered":"https:\/\/portalpopmais.com.br\/?p=213413"},"modified":"2024-07-07T10:13:02","modified_gmt":"2024-07-07T13:13:02","slug":"tz-da-coronel-lanca-clipe-de-amanheceu-sonho-com-uma-favela-sem-guerra-e-sem-tensao-so-lazer","status":"publish","type":"post","link":"https:\/\/portalpopmais.com.br\/en\/tz-da-coronel-lanca-clipe-de-amanheceu-sonho-com-uma-favela-sem-guerra-e-sem-tensao-so-lazer\/","title":{"rendered":"Tz da Coronel lan\u00e7a clipe de \u201cAmanheceu\u201d: \u201cSonho com uma favela sem guerra e sem tens\u00e3o, s\u00f3 lazer\u201d"},"content":{"rendered":"<p class=\"wp-block-paragraph\">O trapper <strong><a href=\"https:\/\/portalpopmais.com.br\/en\/tz-da-coronel-lanca-album-direto-da-selva\/\" data-type=\"post\" data-id=\"212849\">Tz da Coronel<\/a><\/strong> surpreende mais uma vez com o novo clipe \u201c<a href=\"https:\/\/www.youtube.com\/watch?v=9Fb1WCq4YXw\" target=\"_blank\" rel=\"noopener\">Amanheceu<\/a>\u201d, dirigido por Ph Stelzer e animado por Filipe Emerson. A faixa que encerra o \u00e1lbum \u201cDireto da Selva\u201d ganhou a participa\u00e7\u00e3o de Neiryellen e estava bloqueada desde o dia 27 de junho, data em que o projeto foi lan\u00e7ado. \u201cCriei essa m\u00fasica como um presente para comemorar o meu anivers\u00e1rio, mas tamb\u00e9m para o p\u00fablico que me acompanha\u201d, o cantor completa 23 anos no s\u00e1bado, 6 de julho, data da divulga\u00e7\u00e3o do videoclipe. Com um tom muito familiar e afetivo, o artista mostra o dia a dia da comunidade onde cresceu com riqueza de detalhes.<\/p>\n\n\n\n<p class=\"wp-block-paragraph\">Na anima\u00e7\u00e3o, o cantor veste uma camisa do Flamengo, time de futebol carioca, e come\u00e7a a percorrer a favela em uma motocicleta. \u201cEu quis representar ali as mulheres que cuidam das casas, as crian\u00e7as que trazem alegria pra comunidade, os grupos de amigos que est\u00e3o sempre juntos e as fam\u00edlias que se re\u00fanem para uma ora\u00e7\u00e3o antes do almo\u00e7o. Tudo isso representa a realidade que vivi desde quando nasci\u201d, conta. Na letra, Tz faz um apelo atrav\u00e9s de uma ora\u00e7\u00e3o:<\/p>\n\n\n\n<p class=\"wp-block-paragraph\">\u201cQue a alegria e a paz reinem por aqui\/E ver por todos os lugares as crian\u00e7as sorrirem\/Sem guerra pelo poder\/Sem ver o amigo morrer\/Sem tens\u00e3o, s\u00f3 lazer\/O melhor pra favela viver\u201d. Em \u201cDireto da Selva\u201d, o cantor busca trazer para o p\u00fablico justamente as lutas que enfrenta a fim de viver os sonhos que comenta em \u201cAmanheceu\u201d: \u201c\u00c9 um retrato fiel das batalhas di\u00e1rias que enfrentamos\u201d, declara ao explicar que quis mostrar a realidade da selva de pedra que considera a vida.<\/p>\n\n\n\n<p class=\"wp-block-paragraph\">Com 14 faixas, cada uma narra uma hist\u00f3ria de sobreviv\u00eancia, j\u00e1 que a proposta do cantor \u00e9 fazer os ouvintes sentirem a verdade e a emo\u00e7\u00e3o por tr\u00e1s das letras. Tz \u00e9 um dos maiores nomes do trap nacional e prova a sua posi\u00e7\u00e3o com os n\u00fameros, \u201cDireto da Selva\u201d j\u00e1 alcan\u00e7ou 15,3 milh\u00f5es de streams e cerca de 67,2 milh\u00f5es de visualiza\u00e7\u00f5es. O \u00faltimo clipe lan\u00e7ado, \u201cAcordado eu sonho\u201d, alcan\u00e7ou 486 mil visualiza\u00e7\u00f5es no Youtube em apenas cinco dias e est\u00e1 entre as m\u00fasicas em alta na plataforma.<\/p>\n\n\n\n<p class=\"wp-block-paragraph\">Tz da Coronel se prepara para a sua apresenta\u00e7\u00e3o no palco Favela Rock in Rio 2024: \u201c\u00c9 o momento de mostrar \u201cDireto da Selva\u201d para o mundo em um festival internacional. Estou muito ansioso para essa apresenta\u00e7\u00e3o\u201d, declara o artista.<\/p>\n\n\n\n<figure class=\"wp-block-embed is-type-video is-provider-youtube wp-block-embed-youtube wp-embed-aspect-16-9 wp-has-aspect-ratio\"><div class=\"wp-block-embed__wrapper\">\n<iframe loading=\"lazy\" title=\"14. Tz da Coronel - Amanheceu ft. Neyriellen Ferreira (Clipe Oficial)\" width=\"880\" height=\"495\" src=\"https:\/\/www.youtube.com\/embed\/9Fb1WCq4YXw?feature=oembed\" frameborder=\"0\" allow=\"accelerometer; autoplay; clipboard-write; encrypted-media; gyroscope; picture-in-picture; web-share\" referrerpolicy=\"strict-origin-when-cross-origin\" allowfullscreen><\/iframe>\n<\/div><\/figure>","protected":false},"excerpt":{"rendered":"<p>O trapper Tz da Coronel surpreende mais uma vez com o novo clipe \u201cAmanheceu\u201d, dirigido por Ph Stelzer e animado por Filipe Emerson. A faixa que encerra o \u00e1lbum \u201cDireto da Selva\u201d ganhou a participa\u00e7\u00e3o de Neiryellen e estava bloqueada desde o dia 27 de junho, data em que o projeto foi lan\u00e7ado. \u201cCriei essa [&hellip;]<\/p>\n","protected":false},"author":2,"featured_media":213414,"comment_status":"closed","ping_status":"open","sticky":false,"template":"","format":"standard","meta":{"footnotes":""},"categories":[154],"tags":[11630],"class_list":["post-213413","post","type-post","status-publish","format-standard","has-post-thumbnail","hentry","category-musica","tag-tz-da-coronel"],"_links":{"self":[{"href":"https:\/\/portalpopmais.com.br\/en\/wp-json\/wp\/v2\/posts\/213413","targetHints":{"allow":["GET"]}}],"collection":[{"href":"https:\/\/portalpopmais.com.br\/en\/wp-json\/wp\/v2\/posts"}],"about":[{"href":"https:\/\/portalpopmais.com.br\/en\/wp-json\/wp\/v2\/types\/post"}],"author":[{"embeddable":true,"href":"https:\/\/portalpopmais.com.br\/en\/wp-json\/wp\/v2\/users\/2"}],"replies":[{"embeddable":true,"href":"https:\/\/portalpopmais.com.br\/en\/wp-json\/wp\/v2\/comments?post=213413"}],"version-history":[{"count":0,"href":"https:\/\/portalpopmais.com.br\/en\/wp-json\/wp\/v2\/posts\/213413\/revisions"}],"wp:featuredmedia":[{"embeddable":true,"href":"https:\/\/portalpopmais.com.br\/en\/wp-json\/wp\/v2\/media\/213414"}],"wp:attachment":[{"href":"https:\/\/portalpopmais.com.br\/en\/wp-json\/wp\/v2\/media?parent=213413"}],"wp:term":[{"taxonomy":"category","embeddable":true,"href":"https:\/\/portalpopmais.com.br\/en\/wp-json\/wp\/v2\/categories?post=213413"},{"taxonomy":"post_tag","embeddable":true,"href":"https:\/\/portalpopmais.com.br\/en\/wp-json\/wp\/v2\/tags?post=213413"}],"curies":[{"name":"wp","href":"https:\/\/api.w.org\/{rel}","templated":true}]}}