{"id":213467,"date":"2024-07-09T07:39:03","date_gmt":"2024-07-09T10:39:03","guid":{"rendered":"https:\/\/portalpopmais.com.br\/?p=213467"},"modified":"2024-07-09T07:39:54","modified_gmt":"2024-07-09T10:39:54","slug":"livia-andrade-se-manifesta-em-meio-a-polemica-com-a-patricia-abravanel-acorda-menina","status":"publish","type":"post","link":"https:\/\/portalpopmais.com.br\/en\/livia-andrade-se-manifesta-em-meio-a-polemica-com-a-patricia-abravanel-acorda-menina\/","title":{"rendered":"L\u00edvia Andrade se pronuncia em meio \u00e0 pol\u00eamica com a Patr\u00edcia Abravanel: \u2018Acorda, menina!\u2019"},"content":{"rendered":"<p class=\"wp-block-paragraph\">A apresentadora <strong><a href=\"https:\/\/portalpopmais.com.br\/en\/patricia-abravanel-rebate-alfinetada-livia-andrade\/\" data-type=\"post\" data-id=\"213424\">L\u00edvia Andrade<\/a><\/strong> causou tumulto nas redes sociais, no \u00faltimo domingo (7), ap\u00f3s elogiar Eliana, rec\u00e9m-chegada \u00e0 Globo e que, assim como ela, tamb\u00e9m havia deixado o SBT. O problema \u00e9 que a publica\u00e7\u00e3o em homenagem \u00e0 colega foi percebida por internautas como uma esp\u00e9cie de deboche direcionado a Patr\u00edcia Abravanel, que acabou rebatendo.<\/p>\n\n\n\n<p class=\"wp-block-paragraph\">\u201cTodo sucesso e felicidade pra ela que nasceu guerreira, e n\u00e3o herdeira!\u201d, escreveu L\u00edvia na legenda ao publicar, no Feed do <a href=\"http:\/\/instagram.com\/portalpopmais\" target=\"_blank\" rel=\"noopener\">Instagram<\/a>, cliques ao lado da nova contratada da Globo registrados durante encontro no \u00faltimo \u201cDoming\u00e3o com Huck\u201d, 7.<\/p>\n\n\n\n<div class=\"wp-block-group\"><div class=\"wp-block-group__inner-container is-layout-constrained wp-block-group-is-layout-constrained\">\n<h2 class=\"wp-block-heading\">Veja mais<\/h2>\n\n\n<ul class=\"wp-block-latest-posts__list is-grid aligncenter wp-block-latest-posts is-layout-flow wp-block-latest-posts-is-layout-flow\"><li><div class=\"wp-block-latest-posts__featured-image aligncenter\"><a href=\"https:\/\/portalpopmais.com.br\/en\/lionel-richie-investigacao-problema-cardiaco\/\" aria-label=\"Lionel Richie segue internado na UTI e m\u00e9dicos investigam problemas card\u00edacos\"><img loading=\"lazy\" decoding=\"async\" width=\"768\" height=\"456\" src=\"https:\/\/portalpopmais.com.br\/wp-content\/uploads\/2025\/09\/lionel-richie-live-2023-getty-768x456.jpg\" class=\"attachment-medium size-medium wp-post-image\" alt=\"\" style=\"\" srcset=\"https:\/\/portalpopmais.com.br\/wp-content\/uploads\/2025\/09\/lionel-richie-live-2023-getty-768x456.jpg 768w, https:\/\/portalpopmais.com.br\/wp-content\/uploads\/2025\/09\/lionel-richie-live-2023-getty-1170x694.jpg 1170w, https:\/\/portalpopmais.com.br\/wp-content\/uploads\/2025\/09\/lionel-richie-live-2023-getty-18x12.jpg 18w\" sizes=\"auto, (max-width: 768px) 100vw, 768px\" title=\"\"><\/a><\/div><a class=\"wp-block-latest-posts__post-title\" href=\"https:\/\/portalpopmais.com.br\/en\/lionel-richie-investigacao-problema-cardiaco\/\">Lionel Richie segue internado na UTI e m\u00e9dicos investigam problemas card\u00edacos<\/a><\/li>\n<li><div class=\"wp-block-latest-posts__featured-image aligncenter\"><a href=\"https:\/\/portalpopmais.com.br\/en\/morre-gracindo-jr\/\" aria-label=\"Morre o ator e diretor Gracindo Jr., aos 83 anos\"><img loading=\"lazy\" decoding=\"async\" width=\"768\" height=\"456\" src=\"https:\/\/portalpopmais.com.br\/wp-content\/uploads\/2026\/09\/morre-gracindo-jr-768x456.png\" class=\"attachment-medium size-medium wp-post-image\" alt=\"morre gracindo jr\" style=\"\" srcset=\"https:\/\/portalpopmais.com.br\/wp-content\/uploads\/2026\/09\/morre-gracindo-jr-768x456.png 768w, https:\/\/portalpopmais.com.br\/wp-content\/uploads\/2026\/09\/morre-gracindo-jr-1170x694.png 1170w, https:\/\/portalpopmais.com.br\/wp-content\/uploads\/2026\/09\/morre-gracindo-jr-18x12.png 18w\" sizes=\"auto, (max-width: 768px) 100vw, 768px\" title=\"\"><\/a><\/div><a class=\"wp-block-latest-posts__post-title\" href=\"https:\/\/portalpopmais.com.br\/en\/morre-gracindo-jr\/\">Morre o ator e diretor Gracindo Jr., aos 83 anos<\/a><\/li>\n<li><div class=\"wp-block-latest-posts__featured-image aligncenter\"><a href=\"https:\/\/portalpopmais.com.br\/en\/ariana-grande-muda-letra-musica-rumor-casamento\/\" aria-label=\"Ariana Grande muda letra de m\u00fasica durante show e alimenta rumores de casamento\"><img loading=\"lazy\" decoding=\"async\" width=\"768\" height=\"456\" src=\"https:\/\/portalpopmais.com.br\/wp-content\/uploads\/2026\/07\/press-image-5_@katiatemkin-768x456.jpg\" class=\"attachment-medium size-medium wp-post-image\" alt=\"press image 5 @katiatemkin\" style=\"\" srcset=\"https:\/\/portalpopmais.com.br\/wp-content\/uploads\/2026\/07\/press-image-5_@katiatemkin-768x456.jpg 768w, https:\/\/portalpopmais.com.br\/wp-content\/uploads\/2026\/07\/press-image-5_@katiatemkin-1170x694.jpg 1170w, https:\/\/portalpopmais.com.br\/wp-content\/uploads\/2026\/07\/press-image-5_@katiatemkin-18x12.jpg 18w\" sizes=\"auto, (max-width: 768px) 100vw, 768px\" title=\"\"><\/a><\/div><a class=\"wp-block-latest-posts__post-title\" href=\"https:\/\/portalpopmais.com.br\/en\/ariana-grande-muda-letra-musica-rumor-casamento\/\">Ariana Grande muda letra de m\u00fasica durante show e alimenta rumores de casamento<\/a><\/li>\n<li><div class=\"wp-block-latest-posts__featured-image aligncenter\"><a href=\"https:\/\/portalpopmais.com.br\/en\/millie-bobby-brown-fotos-viagem-familia\/\" aria-label=\"Millie Bobby Brown compartilha fotos in\u00e9ditas de viagem com marido e filha\"><img loading=\"lazy\" decoding=\"async\" width=\"768\" height=\"456\" src=\"https:\/\/portalpopmais.com.br\/wp-content\/uploads\/2026\/09\/Millie-Bobby-Brown-abre-album-de-viagem-com-filha-e-marido-768x456.png\" class=\"attachment-medium size-medium wp-post-image\" alt=\"Millie Bobby Brown abre \u00e1lbum de viagem com filha e marido\" style=\"\" srcset=\"https:\/\/portalpopmais.com.br\/wp-content\/uploads\/2026\/09\/Millie-Bobby-Brown-abre-album-de-viagem-com-filha-e-marido-768x456.png 768w, https:\/\/portalpopmais.com.br\/wp-content\/uploads\/2026\/09\/Millie-Bobby-Brown-abre-album-de-viagem-com-filha-e-marido-1170x694.png 1170w, https:\/\/portalpopmais.com.br\/wp-content\/uploads\/2026\/09\/Millie-Bobby-Brown-abre-album-de-viagem-com-filha-e-marido-18x12.png 18w\" sizes=\"auto, (max-width: 768px) 100vw, 768px\" title=\"\"><\/a><\/div><a class=\"wp-block-latest-posts__post-title\" href=\"https:\/\/portalpopmais.com.br\/en\/millie-bobby-brown-fotos-viagem-familia\/\">Millie Bobby Brown compartilha fotos in\u00e9ditas de viagem com marido e filha<\/a><\/li>\n<li><div class=\"wp-block-latest-posts__featured-image aligncenter\"><a href=\"https:\/\/portalpopmais.com.br\/en\/selena-gomez-aparece-de-topless-em-video-gravado-por-benny-blanco-e-divide-opinioes-nas-redes\/\" aria-label=\"Selena Gomez aparece de topless em v\u00eddeo gravado por Benny Blanco e divide opini\u00f5es nas redes\"><img loading=\"lazy\" decoding=\"async\" width=\"768\" height=\"456\" src=\"https:\/\/portalpopmais.com.br\/wp-content\/uploads\/2026\/09\/selena-t4tgjz7r85lx-768x456.jpeg\" class=\"attachment-medium size-medium wp-post-image\" alt=\"selena t4tgjz7r85lx\" style=\"\" srcset=\"https:\/\/portalpopmais.com.br\/wp-content\/uploads\/2026\/09\/selena-t4tgjz7r85lx-768x456.jpeg 768w, https:\/\/portalpopmais.com.br\/wp-content\/uploads\/2026\/09\/selena-t4tgjz7r85lx-18x10.jpeg 18w\" sizes=\"auto, (max-width: 768px) 100vw, 768px\" title=\"\"><\/a><\/div><a class=\"wp-block-latest-posts__post-title\" href=\"https:\/\/portalpopmais.com.br\/en\/selena-gomez-aparece-de-topless-em-video-gravado-por-benny-blanco-e-divide-opinioes-nas-redes\/\">Selena Gomez aparece de topless em v\u00eddeo gravado por Benny Blanco e divide opini\u00f5es nas redes<\/a><\/li>\n<li><div class=\"wp-block-latest-posts__featured-image aligncenter\"><a href=\"https:\/\/portalpopmais.com.br\/en\/ex-genro-ana-maria-braga-fala-investigacao\/\" aria-label=\"Ex-genro de Ana Maria Braga se manifesta ap\u00f3s pris\u00e3o e investiga\u00e7\u00e3o por suposto furto\"><img loading=\"lazy\" decoding=\"async\" width=\"768\" height=\"456\" src=\"https:\/\/portalpopmais.com.br\/wp-content\/uploads\/2026\/09\/ex-genro-Ana-Maria-Braga-fala-investigacao-768x456.png\" class=\"attachment-medium size-medium wp-post-image\" alt=\"ex genro Ana Maria Braga fala investiga\u00e7\u00e3o\" style=\"\" srcset=\"https:\/\/portalpopmais.com.br\/wp-content\/uploads\/2026\/09\/ex-genro-Ana-Maria-Braga-fala-investigacao-768x456.png 768w, https:\/\/portalpopmais.com.br\/wp-content\/uploads\/2026\/09\/ex-genro-Ana-Maria-Braga-fala-investigacao-1170x694.png 1170w, https:\/\/portalpopmais.com.br\/wp-content\/uploads\/2026\/09\/ex-genro-Ana-Maria-Braga-fala-investigacao-18x10.png 18w\" sizes=\"auto, (max-width: 768px) 100vw, 768px\" title=\"\"><\/a><\/div><a class=\"wp-block-latest-posts__post-title\" href=\"https:\/\/portalpopmais.com.br\/en\/ex-genro-ana-maria-braga-fala-investigacao\/\">Ex-genro de Ana Maria Braga se manifesta ap\u00f3s pris\u00e3o e investiga\u00e7\u00e3o por suposto furto<\/a><\/li>\n<\/ul><\/div><\/div>\n\n\n\n<p class=\"wp-block-paragraph\">Rapidamente, internautas levantaram a possibilidade da postagem da apresentadora ser uma indireta a Patr\u00edcia Abravanel, que \u00e9 herdeira de Silvio Santos, e que j\u00e1 teve desaven\u00e7as com Eliana no passado, tanto que at\u00e9 pediu desculpas na despedida do SBT.<\/p>\n\n\n\n<p class=\"wp-block-paragraph\">No come\u00e7o da madrugada, Patr\u00edcia usou o X, antigo Twitter, para tamb\u00e9m deixar a sua mensagem: \u201cPassando para agradecer o carinho e audi\u00eancia de voc\u00eas. No que depender de mim, estarei todos os domingos honrando com muito amor o programa do meu pai. Herdar esse legado \u00e9 uma responsabilidade gigante e receber esse carinho em forma de audi\u00eancia me faz ainda mais forte para cumprir essa miss\u00e3o. Deus aben\u00e7oe a sua semana com muita alegria\u201d, declarou ela<\/p>\n\n\n\n<h2 class=\"wp-block-heading\">L\u00edvia Andrade se pronuncia sobre pol\u00eamica<\/h2>\n\n\n\n<p class=\"wp-block-paragraph\">J\u00e1 nesta segunda-feira (8), L\u00edvia compartilhou outra sequ\u00eancia de fotos, tamb\u00e9m no Feed do Instagram, desta vez com Ana Maria Braga.<\/p>\n\n\n\n<p class=\"wp-block-paragraph\">\u201cAcorda, menina! Quando doer, exclua. Quando incomodar, evite. Quando chatear, ignore. Quando te fizer mal, saia de perto. N\u00e3o podemos mudar as pessoas, mas podemos gerenciar as nossas vidas!\u201d, disse ela ao publicar uma s\u00e9rie de fotos ao lado da comandante do \u201cMais Voc\u00ea\u201d, tamb\u00e9m durante a grava\u00e7\u00e3o do programa.<\/p>\n\n\n\n<p class=\"wp-block-paragraph\">\u201cA indireta para Patricia Abravanel\u201d, disparou uma seguidora nos coment\u00e1rios. \u201dL\u00edvia j\u00e1 come\u00e7ou a semana soltando v\u00e1rias diretas pra herdeiras. Eita\u201d, disse outra. \u201cAcoooorda menina e para de cuspir no prato que comeu\u201d, aconselhou mais uma usu\u00e1ria da plataforma.<\/p>\n\n\n\n<figure class=\"wp-block-embed is-type-rich is-provider-instagram wp-block-embed-instagram\"><div class=\"wp-block-embed__wrapper\">\nhttps:\/\/www.instagram.com\/p\/C9Kqw1cx7tY\/?utm_source=ig_embed&#038;ig_rid=eba9e5f8-5183-4a2d-aba9-83848c28b6a7\n<\/div><\/figure>","protected":false},"excerpt":{"rendered":"<p>A apresentadora L\u00edvia Andrade causou tumulto nas redes sociais, no \u00faltimo domingo (7), ap\u00f3s elogiar Eliana, rec\u00e9m-chegada \u00e0 Globo e que, assim como ela, tamb\u00e9m havia deixado o SBT. O problema \u00e9 que a publica\u00e7\u00e3o em homenagem \u00e0 colega foi percebida por internautas como uma esp\u00e9cie de deboche direcionado a Patr\u00edcia Abravanel, que acabou rebatendo. [&hellip;]<\/p>\n","protected":false},"author":2,"featured_media":213468,"comment_status":"closed","ping_status":"open","sticky":false,"template":"","format":"standard","meta":{"footnotes":""},"categories":[173],"tags":[8764],"class_list":["post-213467","post","type-post","status-publish","format-standard","has-post-thumbnail","hentry","category-celebridades","tag-livia-andrade-2"],"_links":{"self":[{"href":"https:\/\/portalpopmais.com.br\/en\/wp-json\/wp\/v2\/posts\/213467","targetHints":{"allow":["GET"]}}],"collection":[{"href":"https:\/\/portalpopmais.com.br\/en\/wp-json\/wp\/v2\/posts"}],"about":[{"href":"https:\/\/portalpopmais.com.br\/en\/wp-json\/wp\/v2\/types\/post"}],"author":[{"embeddable":true,"href":"https:\/\/portalpopmais.com.br\/en\/wp-json\/wp\/v2\/users\/2"}],"replies":[{"embeddable":true,"href":"https:\/\/portalpopmais.com.br\/en\/wp-json\/wp\/v2\/comments?post=213467"}],"version-history":[{"count":0,"href":"https:\/\/portalpopmais.com.br\/en\/wp-json\/wp\/v2\/posts\/213467\/revisions"}],"wp:featuredmedia":[{"embeddable":true,"href":"https:\/\/portalpopmais.com.br\/en\/wp-json\/wp\/v2\/media\/213468"}],"wp:attachment":[{"href":"https:\/\/portalpopmais.com.br\/en\/wp-json\/wp\/v2\/media?parent=213467"}],"wp:term":[{"taxonomy":"category","embeddable":true,"href":"https:\/\/portalpopmais.com.br\/en\/wp-json\/wp\/v2\/categories?post=213467"},{"taxonomy":"post_tag","embeddable":true,"href":"https:\/\/portalpopmais.com.br\/en\/wp-json\/wp\/v2\/tags?post=213467"}],"curies":[{"name":"wp","href":"https:\/\/api.w.org\/{rel}","templated":true}]}}