{"id":213539,"date":"2024-07-11T09:11:16","date_gmt":"2024-07-11T12:11:16","guid":{"rendered":"https:\/\/portalpopmais.com.br\/?p=213539"},"modified":"2024-07-11T09:12:51","modified_gmt":"2024-07-11T12:12:51","slug":"yuri-lima-nova-traicao-iza","status":"publish","type":"post","link":"https:\/\/portalpopmais.com.br\/en\/yuri-lima-nova-traicao-iza\/","title":{"rendered":"Outra trai\u00e7\u00e3o? Ex-Fazenda revela ter recebido mensagem de Yuri Lima, ex de IZA"},"content":{"rendered":"<p class=\"wp-block-paragraph\"><strong>IZA <\/strong>anunciou o fim do seu relacionamento com o jogador <strong><a href=\"https:\/\/portalpopmais.com.br\/en\/yuri-lima-comenta-rompimento-com-iza\/\" data-type=\"post\" data-id=\"213532\">Yuri Lima<\/a><\/strong>, ap\u00f3s vir a tona uma trai\u00e7\u00e3o do rapaz. A pulada de cerca foi revelada nesta quarta-feira (10), pela pr\u00f3pria cantora, atrav\u00e9s de um v\u00eddeo compartilhado em suas redes sociais. A dona do hit &#8220;Brisa&#8221; est\u00e1 gr\u00e1vida de seis <a href=\"http:\/\/twitter.com\/sitepopmais\" data-type=\"link\" data-id=\"twitter.com\/sitepopmais\" target=\"_blank\" rel=\"noopener\">meses<\/a>.<\/p>\n\n\n\n<p class=\"wp-block-paragraph\">Agora, uma outra investida de Yuri com uma outra mulher tamb\u00e9m foi revelada. Segundo F\u00e1bia Oliveira, o jogador do Mirassol teria enviado mensagem para MC Mirella, logo ap\u00f3s o an\u00fancio da gravidez da IZA. <\/p>\n\n\n\n<div class=\"wp-block-group\"><div class=\"wp-block-group__inner-container is-layout-constrained wp-block-group-is-layout-constrained\">\n<h2 class=\"wp-block-heading\">Veja mais<\/h2>\n\n\n<ul class=\"wp-block-latest-posts__list is-grid aligncenter wp-block-latest-posts is-layout-flow wp-block-latest-posts-is-layout-flow\"><li><div class=\"wp-block-latest-posts__featured-image aligncenter\"><a href=\"https:\/\/portalpopmais.com.br\/en\/cintia-chagas-confirma-namoro-rubens-barrichello\/\" aria-label=\"C\u00edntia Chagas confirma namoro com Rubens Barrichello: &#8220;Estamos muito felizes&#8221;\"><img loading=\"lazy\" decoding=\"async\" width=\"768\" height=\"456\" src=\"https:\/\/portalpopmais.com.br\/wp-content\/uploads\/2026\/09\/Cintia-Chagas-confirma-namoro-com-Rubens-Barrichello-768x456.png\" class=\"attachment-medium size-medium wp-post-image\" alt=\"C\u00edntia Chagas confirma namoro com Rubens Barrichello\" style=\"\" srcset=\"https:\/\/portalpopmais.com.br\/wp-content\/uploads\/2026\/09\/Cintia-Chagas-confirma-namoro-com-Rubens-Barrichello-768x456.png 768w, https:\/\/portalpopmais.com.br\/wp-content\/uploads\/2026\/09\/Cintia-Chagas-confirma-namoro-com-Rubens-Barrichello-1170x694.png 1170w, https:\/\/portalpopmais.com.br\/wp-content\/uploads\/2026\/09\/Cintia-Chagas-confirma-namoro-com-Rubens-Barrichello-18x12.png 18w\" sizes=\"auto, (max-width: 768px) 100vw, 768px\" title=\"\"><\/a><\/div><a class=\"wp-block-latest-posts__post-title\" href=\"https:\/\/portalpopmais.com.br\/en\/cintia-chagas-confirma-namoro-rubens-barrichello\/\">C\u00edntia Chagas confirma namoro com Rubens Barrichello: &#8220;Estamos muito felizes&#8221;<\/a><\/li>\n<li><div class=\"wp-block-latest-posts__featured-image aligncenter\"><a href=\"https:\/\/portalpopmais.com.br\/en\/leo-dias-anuncia-saida-do-melhor-da-tarde-saiba-o-motivo\/\" aria-label=\"Leo Dias anuncia sa\u00edda do \u201cMelhor da Tarde\u201d; saiba o motivo\"><img loading=\"lazy\" decoding=\"async\" width=\"768\" height=\"456\" src=\"https:\/\/portalpopmais.com.br\/wp-content\/uploads\/2025\/11\/leo-dias-no-melhor-da-tarde-768x456.jpg\" class=\"attachment-medium size-medium wp-post-image\" alt=\"\" style=\"\" srcset=\"https:\/\/portalpopmais.com.br\/wp-content\/uploads\/2025\/11\/leo-dias-no-melhor-da-tarde-768x456.jpg 768w, https:\/\/portalpopmais.com.br\/wp-content\/uploads\/2025\/11\/leo-dias-no-melhor-da-tarde-1170x694.jpg 1170w, https:\/\/portalpopmais.com.br\/wp-content\/uploads\/2025\/11\/leo-dias-no-melhor-da-tarde-18x10.jpg 18w\" sizes=\"auto, (max-width: 768px) 100vw, 768px\" title=\"\"><\/a><\/div><a class=\"wp-block-latest-posts__post-title\" href=\"https:\/\/portalpopmais.com.br\/en\/leo-dias-anuncia-saida-do-melhor-da-tarde-saiba-o-motivo\/\">Leo Dias anuncia sa\u00edda do \u201cMelhor da Tarde\u201d; saiba o motivo<\/a><\/li>\n<li><div class=\"wp-block-latest-posts__featured-image aligncenter\"><a href=\"https:\/\/portalpopmais.com.br\/en\/morre-rogerio-valenca-ex-calcinha-preta\/\" aria-label=\"Morre Rog\u00e9rio Valen\u00e7a, ex-vocalista da Calcinha Preta, aos 52 anos\"><img loading=\"lazy\" decoding=\"async\" width=\"768\" height=\"456\" src=\"https:\/\/portalpopmais.com.br\/wp-content\/uploads\/2026\/09\/Morre-Rogerio-Valenca-ex-vocalista-da-Calcinha-Preta-aos-52-anos-em-Aracaju-768x456.png\" class=\"attachment-medium size-medium wp-post-image\" alt=\"Morre Rog\u00e9rio Valen\u00e7a, ex vocalista da Calcinha Preta, aos 52 anos em Aracaju\" style=\"\" srcset=\"https:\/\/portalpopmais.com.br\/wp-content\/uploads\/2026\/09\/Morre-Rogerio-Valenca-ex-vocalista-da-Calcinha-Preta-aos-52-anos-em-Aracaju-768x456.png 768w, https:\/\/portalpopmais.com.br\/wp-content\/uploads\/2026\/09\/Morre-Rogerio-Valenca-ex-vocalista-da-Calcinha-Preta-aos-52-anos-em-Aracaju-1170x694.png 1170w, https:\/\/portalpopmais.com.br\/wp-content\/uploads\/2026\/09\/Morre-Rogerio-Valenca-ex-vocalista-da-Calcinha-Preta-aos-52-anos-em-Aracaju-18x10.png 18w\" sizes=\"auto, (max-width: 768px) 100vw, 768px\" title=\"\"><\/a><\/div><a class=\"wp-block-latest-posts__post-title\" href=\"https:\/\/portalpopmais.com.br\/en\/morre-rogerio-valenca-ex-calcinha-preta\/\">Morre Rog\u00e9rio Valen\u00e7a, ex-vocalista da Calcinha Preta, aos 52 anos<\/a><\/li>\n<li><div class=\"wp-block-latest-posts__featured-image aligncenter\"><a href=\"https:\/\/portalpopmais.com.br\/en\/lutador-gamba-ringue\/\" aria-label=\"Lutador celebra vit\u00f3ria ao lado de gamb\u00e1 de estima\u00e7\u00e3o em evento de MMA nos EUA\"><img loading=\"lazy\" decoding=\"async\" width=\"768\" height=\"456\" src=\"https:\/\/portalpopmais.com.br\/wp-content\/uploads\/2026\/09\/lutador-gamba-ringue-768x456.png\" class=\"attachment-medium size-medium wp-post-image\" alt=\"lutador gamba ringue\" style=\"\" srcset=\"https:\/\/portalpopmais.com.br\/wp-content\/uploads\/2026\/09\/lutador-gamba-ringue-768x456.png 768w, https:\/\/portalpopmais.com.br\/wp-content\/uploads\/2026\/09\/lutador-gamba-ringue-1170x694.png 1170w, https:\/\/portalpopmais.com.br\/wp-content\/uploads\/2026\/09\/lutador-gamba-ringue-18x12.png 18w\" sizes=\"auto, (max-width: 768px) 100vw, 768px\" title=\"\"><\/a><\/div><a class=\"wp-block-latest-posts__post-title\" href=\"https:\/\/portalpopmais.com.br\/en\/lutador-gamba-ringue\/\">Lutador celebra vit\u00f3ria ao lado de gamb\u00e1 de estima\u00e7\u00e3o em evento de MMA nos EUA<\/a><\/li>\n<li><div class=\"wp-block-latest-posts__featured-image aligncenter\"><a href=\"https:\/\/portalpopmais.com.br\/en\/governo-regulamenta-venda-de-ingressos-online-para-combater-cambismo-digital\/\" aria-label=\"Governo regulamenta venda de ingressos online para combater cambismo digital\"><img loading=\"lazy\" decoding=\"async\" width=\"768\" height=\"456\" src=\"https:\/\/portalpopmais.com.br\/wp-content\/uploads\/2025\/08\/Lula-768x456.jpg\" class=\"attachment-medium size-medium wp-post-image\" alt=\"\" style=\"\" title=\"\"><\/a><\/div><a class=\"wp-block-latest-posts__post-title\" href=\"https:\/\/portalpopmais.com.br\/en\/governo-regulamenta-venda-de-ingressos-online-para-combater-cambismo-digital\/\">Governo regulamenta venda de ingressos online para combater cambismo digital<\/a><\/li>\n<li><div class=\"wp-block-latest-posts__featured-image aligncenter\"><a href=\"https:\/\/portalpopmais.com.br\/en\/homem-condenado-morte-tupac\/\" aria-label=\"Quase 30 anos ap\u00f3s o crime, homem \u00e9 condenado pelo assassinato de Tupac Shakur\"><img loading=\"lazy\" decoding=\"async\" width=\"768\" height=\"456\" src=\"https:\/\/portalpopmais.com.br\/wp-content\/uploads\/2026\/09\/homem-condenado-morte-tuac-768x456.png\" class=\"attachment-medium size-medium wp-post-image\" alt=\"homem condenado morte tuac\" style=\"\" srcset=\"https:\/\/portalpopmais.com.br\/wp-content\/uploads\/2026\/09\/homem-condenado-morte-tuac-768x456.png 768w, https:\/\/portalpopmais.com.br\/wp-content\/uploads\/2026\/09\/homem-condenado-morte-tuac-1170x694.png 1170w, https:\/\/portalpopmais.com.br\/wp-content\/uploads\/2026\/09\/homem-condenado-morte-tuac-18x10.png 18w\" sizes=\"auto, (max-width: 768px) 100vw, 768px\" title=\"\"><\/a><\/div><a class=\"wp-block-latest-posts__post-title\" href=\"https:\/\/portalpopmais.com.br\/en\/homem-condenado-morte-tupac\/\">Quase 30 anos ap\u00f3s o crime, homem \u00e9 condenado pelo assassinato de Tupac Shakur<\/a><\/li>\n<\/ul><\/div><\/div>\n\n\n\n<p class=\"wp-block-paragraph\">\u201cEle tinha me mandado mensagem logo quando saiu que ela estava gr\u00e1vida (risos). Achei estranho, nem respondi! Fui ver agora e ele apagou! Passada!\u201d, relatou MC Mirella nos coment\u00e1rios de uma postagem sobre o caso.<\/p>\n\n\n\n<p class=\"wp-block-paragraph\">Em seguida, a funkeira ainda rebateu alguns internautas: \u201cE s\u00f3 resolveu dizer isso agora, em p\u00fablico, e n\u00e3o na \u00e9poca pra coitada da Iza? Poderia ter evitado de ela passar por isso e ter terminado l\u00e1 atr\u00e1s\u2026 \u00cae, tem pessoas e pessoas, realmente\u201d, disparou uma. \u201cAt\u00e9 parece que eu ia fazer isso. Eu n\u00e3o! Minha parte eu fiz: n\u00e3o respondi!\u201d, afirmou Mirella.<\/p>\n\n\n\n<p class=\"wp-block-paragraph\">Em outro momento, uma f\u00e3 analisou: \u201cJ\u00e1 \u00e9 ruim ser tra\u00edda de qualquer forma, ser tra\u00edda na gesta\u00e7\u00e3o \u00e9 pior ainda, onde ficamos mais vulner\u00e1veis\u201d, declarou. E a artista respondeu: \u201cMeu, nem me fale. Se fosse comigo nem sei o que eu seria capaz de fazer\u2026 Gr\u00e1vida, mano!\u201d, concordou a ex-Fazenda.<\/p>\n\n\n\n<p class=\"wp-block-paragraph\"><\/p>","protected":false},"excerpt":{"rendered":"<p>IZA anunciou o fim do seu relacionamento com o jogador Yuri Lima, ap\u00f3s vir a tona uma trai\u00e7\u00e3o do rapaz. A pulada de cerca foi revelada nesta quarta-feira (10), pela pr\u00f3pria cantora, atrav\u00e9s de um v\u00eddeo compartilhado em suas redes sociais. A dona do hit &#8220;Brisa&#8221; est\u00e1 gr\u00e1vida de seis meses. Agora, uma outra investida [&hellip;]<\/p>\n","protected":false},"author":2,"featured_media":213540,"comment_status":"closed","ping_status":"open","sticky":false,"template":"","format":"standard","meta":{"footnotes":""},"categories":[173],"tags":[464,1708,13542],"class_list":["post-213539","post","type-post","status-publish","format-standard","has-post-thumbnail","hentry","category-celebridades","tag-iza","tag-mc-mirella","tag-yuri-lima"],"_links":{"self":[{"href":"https:\/\/portalpopmais.com.br\/en\/wp-json\/wp\/v2\/posts\/213539","targetHints":{"allow":["GET"]}}],"collection":[{"href":"https:\/\/portalpopmais.com.br\/en\/wp-json\/wp\/v2\/posts"}],"about":[{"href":"https:\/\/portalpopmais.com.br\/en\/wp-json\/wp\/v2\/types\/post"}],"author":[{"embeddable":true,"href":"https:\/\/portalpopmais.com.br\/en\/wp-json\/wp\/v2\/users\/2"}],"replies":[{"embeddable":true,"href":"https:\/\/portalpopmais.com.br\/en\/wp-json\/wp\/v2\/comments?post=213539"}],"version-history":[{"count":0,"href":"https:\/\/portalpopmais.com.br\/en\/wp-json\/wp\/v2\/posts\/213539\/revisions"}],"wp:featuredmedia":[{"embeddable":true,"href":"https:\/\/portalpopmais.com.br\/en\/wp-json\/wp\/v2\/media\/213540"}],"wp:attachment":[{"href":"https:\/\/portalpopmais.com.br\/en\/wp-json\/wp\/v2\/media?parent=213539"}],"wp:term":[{"taxonomy":"category","embeddable":true,"href":"https:\/\/portalpopmais.com.br\/en\/wp-json\/wp\/v2\/categories?post=213539"},{"taxonomy":"post_tag","embeddable":true,"href":"https:\/\/portalpopmais.com.br\/en\/wp-json\/wp\/v2\/tags?post=213539"}],"curies":[{"name":"wp","href":"https:\/\/api.w.org\/{rel}","templated":true}]}}