{"id":21377,"date":"2019-04-15T22:22:28","date_gmt":"2019-04-16T01:22:28","guid":{"rendered":"http:\/\/popmais.com.br\/?p=21377"},"modified":"2019-04-15T22:22:28","modified_gmt":"2019-04-16T01:22:28","slug":"apesar-de-nao-ter-participado-justin-timberlake-parabeniza-reuniao-do-nsync-durante-show-de-ariana-grande-no-coachella","status":"publish","type":"post","link":"https:\/\/portalpopmais.com.br\/en\/apesar-de-nao-ter-participado-justin-timberlake-parabeniza-reuniao-do-nsync-durante-show-de-ariana-grande-no-coachella\/","title":{"rendered":"Apesar de n\u00e3o ter participado, Justin Timberlake parabeniza reuni\u00e3o do N\u2019Sync durante show de Ariana Grande no Coachella"},"content":{"rendered":"<p><strong>Justin Timberlake<\/strong>\u00a0publicou em suas redes sociais sobre a participa\u00e7\u00e3o do <strong>N&#8217;Sync<\/strong> durante o show da <strong>Ariana Grande<\/strong>\u00a0no <em>Coachellla<\/em>, ap\u00f3s sua aus\u00eancia ter sido sentida por f\u00e3s do grupo.\u00a0 O cantor publicou uma foto da cantora com o restante do grupo parabenizando a performance &#8220;<em>Voc\u00eas arrasaram ontem \u00e0 noite&#8221;.<\/em><\/p>\n<p>Segundo o\u00a0<em>JustJared<\/em>, Justin acabou n\u00e3o tendo tempo para ensaiar a performance junto com Ariana, j\u00e1 que atualmente est\u00e1 em turn\u00ea.<\/p>\n<p>https:\/\/twitter.com\/infoarianamidia\/status\/1117702172249088000<\/p>\n<p>https:\/\/twitter.com\/ThePopSupreme\/status\/1117747260354383872<\/p>\n<blockquote class=\"twitter-tweet\" data-width=\"550\" data-dnt=\"true\">\n<p lang=\"en\" dir=\"ltr\"><a href=\"https:\/\/twitter.com\/ArianaGrande?ref_src=twsrc%5Etfw\" target=\"_blank\" rel=\"noopener\">@ArianaGrande<\/a> and <a href=\"https:\/\/twitter.com\/NSYNC?ref_src=twsrc%5Etfw\" target=\"_blank\" rel=\"noopener\">@NSYNC<\/a> live at <a href=\"https:\/\/twitter.com\/hashtag\/COACHELLA?src=hash&amp;ref_src=twsrc%5Etfw\" target=\"_blank\" rel=\"noopener\">#COACHELLA<\/a> <a href=\"https:\/\/twitter.com\/hashtag\/ARICHELLA?src=hash&amp;ref_src=twsrc%5Etfw\" target=\"_blank\" rel=\"noopener\">#ARICHELLA<\/a> <br \/>this choreo is everything! <a href=\"https:\/\/t.co\/KFYLyOAJo2\">pic.twitter.com\/KFYLyOAJo2<\/a><\/p>\n<p>&mdash; \u028d\u03b1\u03b4\u03c2 \u2655 went to ARiPALOOZA (@arianascloudsx) <a href=\"https:\/\/twitter.com\/arianascloudsx\/status\/1117670572979380225?ref_src=twsrc%5Etfw\" target=\"_blank\" rel=\"noopener\">April 15, 2019<\/a><\/p><\/blockquote>\n<p><script async src=\"https:\/\/platform.twitter.com\/widgets.js\" charset=\"utf-8\"><\/script><\/p>","protected":false},"excerpt":{"rendered":"<p>Justin Timberlake\u00a0publicou em suas redes sociais sobre a participa\u00e7\u00e3o do N&#8217;Sync durante o show da Ariana Grande\u00a0no Coachellla, ap\u00f3s sua aus\u00eancia ter sido sentida por f\u00e3s do grupo.\u00a0 O cantor publicou uma foto da cantora com o restante do grupo parabenizando a performance &#8220;Voc\u00eas arrasaram ontem \u00e0 noite&#8221;. Segundo o\u00a0JustJared, Justin acabou n\u00e3o tendo tempo [&hellip;]<\/p>\n","protected":false},"author":2,"featured_media":21401,"comment_status":"open","ping_status":"open","sticky":false,"template":"","format":"standard","meta":{"footnotes":""},"categories":[154],"tags":[21],"class_list":["post-21377","post","type-post","status-publish","format-standard","has-post-thumbnail","hentry","category-musica","tag-ariana-grande"],"_links":{"self":[{"href":"https:\/\/portalpopmais.com.br\/en\/wp-json\/wp\/v2\/posts\/21377","targetHints":{"allow":["GET"]}}],"collection":[{"href":"https:\/\/portalpopmais.com.br\/en\/wp-json\/wp\/v2\/posts"}],"about":[{"href":"https:\/\/portalpopmais.com.br\/en\/wp-json\/wp\/v2\/types\/post"}],"author":[{"embeddable":true,"href":"https:\/\/portalpopmais.com.br\/en\/wp-json\/wp\/v2\/users\/2"}],"replies":[{"embeddable":true,"href":"https:\/\/portalpopmais.com.br\/en\/wp-json\/wp\/v2\/comments?post=21377"}],"version-history":[{"count":0,"href":"https:\/\/portalpopmais.com.br\/en\/wp-json\/wp\/v2\/posts\/21377\/revisions"}],"wp:attachment":[{"href":"https:\/\/portalpopmais.com.br\/en\/wp-json\/wp\/v2\/media?parent=21377"}],"wp:term":[{"taxonomy":"category","embeddable":true,"href":"https:\/\/portalpopmais.com.br\/en\/wp-json\/wp\/v2\/categories?post=21377"},{"taxonomy":"post_tag","embeddable":true,"href":"https:\/\/portalpopmais.com.br\/en\/wp-json\/wp\/v2\/tags?post=21377"}],"curies":[{"name":"wp","href":"https:\/\/api.w.org\/{rel}","templated":true}]}}