{"id":213813,"date":"2024-07-15T08:00:08","date_gmt":"2024-07-15T11:00:08","guid":{"rendered":"https:\/\/portalpopmais.com.br\/?p=213813"},"modified":"2024-07-15T08:00:11","modified_gmt":"2024-07-15T11:00:11","slug":"leandro-marcal-pronuncia-acusacao","status":"publish","type":"post","link":"https:\/\/portalpopmais.com.br\/en\/leandro-marcal-pronuncia-acusacao\/","title":{"rendered":"Leandro Mar\u00e7al, do \u2018Casamento \u00e0s Cegas\u2019, se pronuncia sobre acusa\u00e7\u00e3o de viol\u00eancia sexual"},"content":{"rendered":"<p class=\"wp-block-paragraph\">Leandro Mar\u00e7al, participante do \u201cCasamento \u00e0s Cegas\u201d (<a href=\"https:\/\/portalpopmais.com.br\/en\/mulher-que-teria-inspirado-bebe-rena-processa-netflix-e-pede-mais-de-r-890-milhoes-de-indenizacao\/\" data-type=\"post\" data-id=\"211830\">Netflix<\/a>) que foi acusado de estupro por Ingrid Santa Rita em um dos epis\u00f3dios e est\u00e1 sendo investigado pela Pol\u00edcia Civil. Neste domingo (14), ele se pronunciou pela primeira vez desde que o \u00faltimo epis\u00f3dio do reality show foi ao ar, e negou  as acusa\u00e7\u00f5es. O participante ainda fez cr\u00edticas \u00e0 Netflix e \u00e0 Endemol, que produzem o programa, e afirmou que tomar\u00e1 medidas legais sobre o caso. As partes citadas ainda n\u00e3o se manifestaram sobre as acusa\u00e7\u00f5es de Leandro.<\/p>\n\n\n\n<p class=\"wp-block-paragraph\">O participante manifestou seu pesar \u201cpor todas essas acusa\u00e7\u00f5es caluniosas, ressaltando que sempre respeitei a sra. Ingrid Santa Rita, jamais cometendo quaisquer atos il\u00edcitos, o que ser\u00e1 cabalmente provado\u201d, disse ele em nota oficial publicada em seu perfil no Instagram, neste domingo, 14.<\/p>\n\n\n\n<div class=\"wp-block-group\"><div class=\"wp-block-group__inner-container is-layout-constrained wp-block-group-is-layout-constrained\">\n<h2 class=\"wp-block-heading\">Veja mais<\/h2>\n\n\n<ul class=\"wp-block-latest-posts__list is-grid aligncenter wp-block-latest-posts is-layout-flow wp-block-latest-posts-is-layout-flow\"><li><div class=\"wp-block-latest-posts__featured-image aligncenter\"><a href=\"https:\/\/portalpopmais.com.br\/en\/nina-dobrev-e-retirada-do-tapete-vermelho-no-festival-de-veneza-eu-teria-evaporado-de-vergonha\/\" aria-label=\"Nina Dobrev \u00e9 retirada do tapete vermelho no Festival de Veneza: \u201cEu teria evaporado de vergonha\u201d\"><img loading=\"lazy\" decoding=\"async\" width=\"768\" height=\"456\" src=\"https:\/\/portalpopmais.com.br\/wp-content\/uploads\/2026\/09\/Screenshot_20260903-194159-768x456.png\" class=\"attachment-medium size-medium wp-post-image\" alt=\"Screenshot 20260903 194159\" style=\"\" srcset=\"https:\/\/portalpopmais.com.br\/wp-content\/uploads\/2026\/09\/Screenshot_20260903-194159-768x456.png 768w, https:\/\/portalpopmais.com.br\/wp-content\/uploads\/2026\/09\/Screenshot_20260903-194159-18x12.png 18w\" sizes=\"auto, (max-width: 768px) 100vw, 768px\" title=\"\"><\/a><\/div><a class=\"wp-block-latest-posts__post-title\" href=\"https:\/\/portalpopmais.com.br\/en\/nina-dobrev-e-retirada-do-tapete-vermelho-no-festival-de-veneza-eu-teria-evaporado-de-vergonha\/\">Nina Dobrev \u00e9 retirada do tapete vermelho no Festival de Veneza: \u201cEu teria evaporado de vergonha\u201d<\/a><\/li>\n<li><div class=\"wp-block-latest-posts__featured-image aligncenter\"><a href=\"https:\/\/portalpopmais.com.br\/en\/adolescente-trava-mandibula-ao-bocejar-e-precisa-de-atendimento-medico-no-distrito-federal\/\" aria-label=\"Adolescente trava mand\u00edbula ao bocejar e precisa de atendimento m\u00e9dico no Distrito Federal\"><img loading=\"lazy\" decoding=\"async\" width=\"768\" height=\"456\" src=\"https:\/\/portalpopmais.com.br\/wp-content\/uploads\/2026\/09\/foto-2026-09-03t173635-092-s0uhoo3mw8qc-768x456.jpg\" class=\"attachment-medium size-medium wp-post-image\" alt=\"foto 2026 09 03t173635 092 s0uhoo3mw8qc\" style=\"\" srcset=\"https:\/\/portalpopmais.com.br\/wp-content\/uploads\/2026\/09\/foto-2026-09-03t173635-092-s0uhoo3mw8qc-768x456.jpg 768w, https:\/\/portalpopmais.com.br\/wp-content\/uploads\/2026\/09\/foto-2026-09-03t173635-092-s0uhoo3mw8qc-18x12.jpg 18w\" sizes=\"auto, (max-width: 768px) 100vw, 768px\" title=\"\"><\/a><\/div><a class=\"wp-block-latest-posts__post-title\" href=\"https:\/\/portalpopmais.com.br\/en\/adolescente-trava-mandibula-ao-bocejar-e-precisa-de-atendimento-medico-no-distrito-federal\/\">Adolescente trava mand\u00edbula ao bocejar e precisa de atendimento m\u00e9dico no Distrito Federal<\/a><\/li>\n<li><div class=\"wp-block-latest-posts__featured-image aligncenter\"><a href=\"https:\/\/portalpopmais.com.br\/en\/morre-ex-jogador-da-nfl-alphonso-smith-jr-aos-40-anos\/\" aria-label=\"Morre ex-jogador da NFL Alphonso Smith Jr. aos 40 anos\"><img loading=\"lazy\" decoding=\"async\" width=\"768\" height=\"456\" src=\"https:\/\/portalpopmais.com.br\/wp-content\/uploads\/2026\/09\/design-sem-nome-2026-09-03t175709.963-768x456.jpeg\" class=\"attachment-medium size-medium wp-post-image\" alt=\"design sem nome 2026 09 03t175709.963\" style=\"\" srcset=\"https:\/\/portalpopmais.com.br\/wp-content\/uploads\/2026\/09\/design-sem-nome-2026-09-03t175709.963-768x456.jpeg 768w, https:\/\/portalpopmais.com.br\/wp-content\/uploads\/2026\/09\/design-sem-nome-2026-09-03t175709.963-18x12.jpeg 18w\" sizes=\"auto, (max-width: 768px) 100vw, 768px\" title=\"\"><\/a><\/div><a class=\"wp-block-latest-posts__post-title\" href=\"https:\/\/portalpopmais.com.br\/en\/morre-ex-jogador-da-nfl-alphonso-smith-jr-aos-40-anos\/\">Morre ex-jogador da NFL Alphonso Smith Jr. aos 40 anos<\/a><\/li>\n<li><div class=\"wp-block-latest-posts__featured-image aligncenter\"><a href=\"https:\/\/portalpopmais.com.br\/en\/justica-condena-miguel-falabella-por-plagio-em-peca-de-teatro\/\" aria-label=\"Justi\u00e7a condena Miguel Falabella por pl\u00e1gio em pe\u00e7a de teatro\"><img loading=\"lazy\" decoding=\"async\" width=\"768\" height=\"456\" src=\"https:\/\/portalpopmais.com.br\/wp-content\/uploads\/2020\/06\/falabella-768x456.jpg\" class=\"attachment-medium size-medium wp-post-image\" alt=\"Miguel Falabella \u00e9 demitido da Globo ap\u00f3s quase 40 anos\" style=\"\" srcset=\"https:\/\/portalpopmais.com.br\/wp-content\/uploads\/2020\/06\/falabella-768x456.jpg 768w, https:\/\/portalpopmais.com.br\/wp-content\/uploads\/2020\/06\/falabella-1170x694.jpg 1170w\" sizes=\"auto, (max-width: 768px) 100vw, 768px\" title=\"\"><\/a><\/div><a class=\"wp-block-latest-posts__post-title\" href=\"https:\/\/portalpopmais.com.br\/en\/justica-condena-miguel-falabella-por-plagio-em-peca-de-teatro\/\">Justi\u00e7a condena Miguel Falabella por pl\u00e1gio em pe\u00e7a de teatro<\/a><\/li>\n<li><div class=\"wp-block-latest-posts__featured-image aligncenter\"><a href=\"https:\/\/portalpopmais.com.br\/en\/nikolas-ferreira-chamou-vorcaro-de-lindao-e-pediu-negocio-saiba-o-que\/\" aria-label=\"Nikolas Ferreira chamou Vorcaro de &#8216;lind\u00e3o&#8217; e pediu neg\u00f3cio\"><img loading=\"lazy\" decoding=\"async\" width=\"768\" height=\"456\" src=\"https:\/\/portalpopmais.com.br\/wp-content\/uploads\/2023\/02\/Nikolas-Ferreira-768x456.jpg\" class=\"attachment-medium size-medium wp-post-image\" alt=\"Nikolas Ferreira\" style=\"\" srcset=\"https:\/\/portalpopmais.com.br\/wp-content\/uploads\/2023\/02\/Nikolas-Ferreira-768x456.jpg 768w, https:\/\/portalpopmais.com.br\/wp-content\/uploads\/2023\/02\/Nikolas-Ferreira-1170x694.jpg 1170w\" sizes=\"auto, (max-width: 768px) 100vw, 768px\" title=\"\"><\/a><\/div><a class=\"wp-block-latest-posts__post-title\" href=\"https:\/\/portalpopmais.com.br\/en\/nikolas-ferreira-chamou-vorcaro-de-lindao-e-pediu-negocio-saiba-o-que\/\">Nikolas Ferreira chamou Vorcaro de &#8216;lind\u00e3o&#8217; e pediu neg\u00f3cio<\/a><\/li>\n<li><div class=\"wp-block-latest-posts__featured-image aligncenter\"><a href=\"https:\/\/portalpopmais.com.br\/en\/juliano-floss-e-flagrado-em-momento-intimo-com-affair\/\" aria-label=\"Juliano Floss \u00e9 flagrado em momento \u00edntimo com affair\"><img loading=\"lazy\" decoding=\"async\" width=\"768\" height=\"456\" src=\"https:\/\/portalpopmais.com.br\/wp-content\/uploads\/2026\/02\/juliano-floss-768x456.jpg\" class=\"attachment-medium size-medium wp-post-image\" alt=\"juliano floss\" style=\"\" srcset=\"https:\/\/portalpopmais.com.br\/wp-content\/uploads\/2026\/02\/juliano-floss-768x456.jpg 768w, https:\/\/portalpopmais.com.br\/wp-content\/uploads\/2026\/02\/juliano-floss-1170x694.jpg 1170w, https:\/\/portalpopmais.com.br\/wp-content\/uploads\/2026\/02\/juliano-floss-18x10.jpg 18w\" sizes=\"auto, (max-width: 768px) 100vw, 768px\" title=\"\"><\/a><\/div><a class=\"wp-block-latest-posts__post-title\" href=\"https:\/\/portalpopmais.com.br\/en\/juliano-floss-e-flagrado-em-momento-intimo-com-affair\/\">Juliano Floss \u00e9 flagrado em momento \u00edntimo com affair<\/a><\/li>\n<\/ul><\/div><\/div>\n\n\n\n<p class=\"wp-block-paragraph\">Leandro disse que \u201cjamais pratiquei quaisquer fatos que me foram imputados\u201d, e que eles \u201cn\u00e3o condizem com as trocas sempre consensuais que tivemos durante o matrim\u00f4nio\u201d.<\/p>\n\n\n\n<p class=\"wp-block-paragraph\">Ele ainda alega que a edi\u00e7\u00e3o do \u201cCasamento \u00e0s Cegas\u201d por parte da Netflix e Endemol n\u00e3o incluiu \u201ca defesa que fez \u00e0s acusa\u00e7\u00f5es que lhe foram realizadas\u201d por Ingrid, insinuando que ele teria se silenciado, \u201co que n\u00e3o condiz com a verdade\u201d.<\/p>\n\n\n\n<p class=\"wp-block-paragraph\">\u201cDeclaro ainda que todas as provid\u00eancias legais em face desta cal\u00fania, difama\u00e7\u00e3o e inj\u00faria ser\u00e3o tomadas por minha assessoria jur\u00eddica\u201d, <a href=\"http:\/\/twitter.com\/sitepopmais\" target=\"_blank\" rel=\"noopener\">concluiu<\/a> Leandro Mar\u00e7al, que afirmou que em breve pretende fazer uma \u201cmanifesta\u00e7\u00e3o p\u00fablica\u201d.<\/p>\n\n\n\n<h2 class=\"wp-block-heading\">O que aconteceu entre Leandro e Ingrid do \u2018Casamento \u00e0s Cegas\u2019<\/h2>\n\n\n\n<p class=\"wp-block-paragraph\">A pol\u00eamica veio \u00e0 tona no \u00faltimo epis\u00f3dio da temporada, lan\u00e7ado na quarta-feira, 10, em que os participantes voltam depois de meses para comentar os desdobramentos dos relacionamentos constru\u00eddos no \u201cCasamento \u00e0s Cegas\u201d.<\/p>\n\n\n\n<p class=\"wp-block-paragraph\">Foi durante essa din\u00e2mica que Ingrid afirmou ter sido abusada enquanto estava casada com Leandro. Segundo ela, o parceiro sofria de disfun\u00e7\u00e3o er\u00e9til e n\u00e3o quis procurar ajuda: \u201cEu te protegi e te acolhi. Mas, quando fomos para a minha casa, voc\u00ea quis se resolver sozinho\u201d.<\/p>\n\n\n\n<p class=\"wp-block-paragraph\">Ingrid detalhou que ele a esperava dormir para tentar resolver seu problema er\u00e9til. \u201cEu pedi para voc\u00ea n\u00e3o me tocar. Pedi mais de uma vez, Leandro. Voc\u00ea n\u00e3o me respeitava. Voc\u00ea n\u00e3o me ouvia, voc\u00ea queria resolver o seu problema er\u00e9til com voc\u00ea. Era o teu ego, tuas mentiras, tua prote\u00e7\u00e3o. Voc\u00ea s\u00f3 queria manter o casamento da sua forma suja\u201d, desabafou.<\/p>\n\n\n\n<p class=\"wp-block-paragraph\">A participante disse ainda que as atitudes de Leandro lhe causaram problemas de sa\u00fade. \u201cMinhas filhas me encontraram no ch\u00e3o, tendo crise de p\u00e2nico, pedindo pelo amor de Deus para voc\u00ea n\u00e3o tocar no meu corpo. Eu pedi para voc\u00ea n\u00e3o me tocar\u201d.<\/p>\n\n\n\n<p class=\"wp-block-paragraph\">Ela voltou a falar sobre o assunto na quinta, 11, em um v\u00eddeo publicado nas redes sociais. \u201cDesde que nos separamos eu n\u00e3o o vi mais, at\u00e9 o dia do reencontro. Conforme a data foi chegando eu comecei a ter crises de p\u00e2nico, comecei a ser medicada e a passar na psiquiatria e psicologia, porque eu sabia que eu iria encontrar com o Leandro\u201d, disse em um trecho. Leia mais aqui.<\/p>\n\n\n\n<p class=\"wp-block-paragraph\">A Delegacia de Defesa da Mulher (DDM) de Osasco, na Grande S\u00e3o Paulo, est\u00e1 investigando o personal trainer Leandro Mar\u00e7al, ex-participante do reality Casamento \u00e0s Cegas, da Netflix, por estupro, viol\u00eancia psicol\u00f3gica e dom\u00e9stica. A informa\u00e7\u00e3o foi confirmada pela Secretaria de Seguran\u00e7a P\u00fablica de S\u00e3o Paulo (SSP-SP) em nota enviada ao Estad\u00e3o neste s\u00e1bado, 13.<\/p>\n\n\n\n<h2 class=\"wp-block-heading\">O que diz Leandro no \u2018Casamento \u00e0s Cegas\u2019<\/h2>\n\n\n\n<p class=\"wp-block-paragraph\">Ainda durante o Casamento \u00e0s Cegas, Leandro falou sobre o desabafo de Ingrid: \u201cNossa rela\u00e7\u00e3o nunca foi amistosa, nunca foi saud\u00e1vel de fato, n\u00f3s nunca conseguimos nos conectar, de fato. Na parte sexual, pegou muito. Em determinado momento, fiz exame, fui procurar ajuda, entender o que estava acontecendo. N\u00f3s entendemos que n\u00e3o era um problema f\u00edsico, era um problema psicol\u00f3gico\u201d.<\/p>\n\n\n\n<p class=\"wp-block-paragraph\">Ele deu sua vers\u00e3o sobre o problema de ere\u00e7\u00e3o e assumiu o erro. \u201cNa parte sexual, eu nunca falei que fui certo. Sim, eu fui errado em tentar resolver um problema dentro do nosso relacionamento que era o polo principal, de voc\u00ea falar: \u201850% do relacionamento \u00e9 sexo, precisamos ajustar isso\u2019.\u201d<\/p>\n\n\n\n<p class=\"wp-block-paragraph\">\u201cBusquei ajuda, sim, s\u00f3 que as coisas n\u00e3o s\u00e3o r\u00e1pidas assim. Quando eu j\u00e1 estava nessa, n\u00f3s j\u00e1 est\u00e1vamos ali para o meio no final. O nosso relacionamento j\u00e1 estava realmente horr\u00edvel. A parte sexual foi um problema nosso, sim, de eu achar que isso daqui ser\u00e1 o que resolver\u00e1 o problema do relacionamento\u201d, continuou Leandro Mar\u00e7al.<\/p>\n\n\n\n<p class=\"wp-block-paragraph\">O participante do Casamento \u00e0s Cegas ainda pediu desculpas, e destacou que o matrim\u00f4nio tinha outros problemas: \u201cNosso relacionamento realmente n\u00e3o deu certo. Pe\u00e7o desculpa como eu j\u00e1 te pedi diversas vezes. Entendo o que foi o meu erro, mas entendo tamb\u00e9m que um relacionamento \u00e9 feito a dois. Nosso relacionamento n\u00e3o terminou naquela semana. Nosso relacionamento j\u00e1 tinha terminado, voc\u00ea s\u00f3 n\u00e3o teve coragem de dizer que n\u00e3o queria mais\u201d.<\/p>\n\n\n\n<figure class=\"wp-block-embed is-type-rich is-provider-instagram wp-block-embed-instagram\"><div class=\"wp-block-embed__wrapper\">\nhttps:\/\/www.instagram.com\/p\/C9aeMCqOEn9\/?utm_source=ig_embed&#038;ig_rid=60de1f6e-2852-4af5-91e3-5efd7768a0cc\n<\/div><\/figure>","protected":false},"excerpt":{"rendered":"<p>Leandro Mar\u00e7al, participante do \u201cCasamento \u00e0s Cegas\u201d (Netflix) que foi acusado de estupro por Ingrid Santa Rita em um dos epis\u00f3dios e est\u00e1 sendo investigado pela Pol\u00edcia Civil. Neste domingo (14), ele se pronunciou pela primeira vez desde que o \u00faltimo epis\u00f3dio do reality show foi ao ar, e negou as acusa\u00e7\u00f5es. O participante ainda [&hellip;]<\/p>\n","protected":false},"author":2,"featured_media":213815,"comment_status":"closed","ping_status":"open","sticky":false,"template":"","format":"standard","meta":{"footnotes":""},"categories":[181],"tags":[16667],"class_list":["post-213813","post","type-post","status-publish","format-standard","has-post-thumbnail","hentry","category-televisao","tag-leandro-marcal"],"_links":{"self":[{"href":"https:\/\/portalpopmais.com.br\/en\/wp-json\/wp\/v2\/posts\/213813","targetHints":{"allow":["GET"]}}],"collection":[{"href":"https:\/\/portalpopmais.com.br\/en\/wp-json\/wp\/v2\/posts"}],"about":[{"href":"https:\/\/portalpopmais.com.br\/en\/wp-json\/wp\/v2\/types\/post"}],"author":[{"embeddable":true,"href":"https:\/\/portalpopmais.com.br\/en\/wp-json\/wp\/v2\/users\/2"}],"replies":[{"embeddable":true,"href":"https:\/\/portalpopmais.com.br\/en\/wp-json\/wp\/v2\/comments?post=213813"}],"version-history":[{"count":0,"href":"https:\/\/portalpopmais.com.br\/en\/wp-json\/wp\/v2\/posts\/213813\/revisions"}],"wp:featuredmedia":[{"embeddable":true,"href":"https:\/\/portalpopmais.com.br\/en\/wp-json\/wp\/v2\/media\/213815"}],"wp:attachment":[{"href":"https:\/\/portalpopmais.com.br\/en\/wp-json\/wp\/v2\/media?parent=213813"}],"wp:term":[{"taxonomy":"category","embeddable":true,"href":"https:\/\/portalpopmais.com.br\/en\/wp-json\/wp\/v2\/categories?post=213813"},{"taxonomy":"post_tag","embeddable":true,"href":"https:\/\/portalpopmais.com.br\/en\/wp-json\/wp\/v2\/tags?post=213813"}],"curies":[{"name":"wp","href":"https:\/\/api.w.org\/{rel}","templated":true}]}}