{"id":213878,"date":"2024-07-17T07:55:52","date_gmt":"2024-07-17T10:55:52","guid":{"rendered":"https:\/\/portalpopmais.com.br\/?p=213878"},"modified":"2024-07-17T07:55:55","modified_gmt":"2024-07-17T10:55:55","slug":"andressa-urach-e-mc-pipokinha-anunciam-colaboracao-com-bruno-zl-veja","status":"publish","type":"post","link":"https:\/\/portalpopmais.com.br\/en\/andressa-urach-e-mc-pipokinha-anunciam-colaboracao-com-bruno-zl-veja\/","title":{"rendered":"Andressa Urach e MC Pipokinha anunciam colabora\u00e7\u00e3o com Bruno ZL; veja"},"content":{"rendered":"<p class=\"wp-block-paragraph\"><strong><a href=\"https:\/\/portalpopmais.com.br\/en\/andressa-urach-desiste-de-engravidar-novamente-decidimos-esperar\/\" data-type=\"post\" data-id=\"211654\">Andressa Urach<\/a><\/strong> anunciou uma nova colabora\u00e7\u00e3o com MC Pipokinha em novo v\u00eddeo voltado para o segmento adulto. A modelo, que retomou grava\u00e7\u00f5es com outros homens recentemente, mostrou os bastidores da nova produ\u00e7\u00e3o em seu perfil no Instagram.<\/p>\n\n\n\n<p class=\"wp-block-paragraph\">Al\u00e9m de Pipokinha, o dan\u00e7arino Bruno ZL participou da grava\u00e7\u00e3o. Bailarino da equipe da funkeira, ele tamb\u00e9m est\u00e1 em plataformas adultas. Em seu perfil do X, onde acumula mais de 1 milh\u00e3o de seguidores, o rapaz aparece em v\u00eddeos de amor intenso entre rapazes. O namorado de Andressa, Lucas Matheus, completou o time, totalizando quatro pessoas em <a href=\"http:\/\/x.com\/sitepopmais\">cena<\/a>.<\/p>\n\n\n\n<div class=\"wp-block-group\"><div class=\"wp-block-group__inner-container is-layout-constrained wp-block-group-is-layout-constrained\">\n<h2 class=\"wp-block-heading\">Veja mais<\/h2>\n\n\n<ul class=\"wp-block-latest-posts__list is-grid aligncenter wp-block-latest-posts is-layout-flow wp-block-latest-posts-is-layout-flow\"><li><div class=\"wp-block-latest-posts__featured-image aligncenter\"><a href=\"https:\/\/portalpopmais.com.br\/en\/ricardo-blat-celebra-recuperacao-apos-transplante-de-medula-sou-um-privilegiado\/\" aria-label=\"Ricardo Blat celebra recupera\u00e7\u00e3o ap\u00f3s transplante de medula: &#8220;Sou um privilegiado&#8221;\"><img loading=\"lazy\" decoding=\"async\" width=\"768\" height=\"456\" src=\"https:\/\/portalpopmais.com.br\/wp-content\/uploads\/2026\/09\/1788136858381_242769-768x456.jpg\" class=\"attachment-medium size-medium wp-post-image\" alt=\"\" style=\"\" srcset=\"https:\/\/portalpopmais.com.br\/wp-content\/uploads\/2026\/09\/1788136858381_242769-768x456.jpg 768w, https:\/\/portalpopmais.com.br\/wp-content\/uploads\/2026\/09\/1788136858381_242769-1170x694.jpg 1170w, https:\/\/portalpopmais.com.br\/wp-content\/uploads\/2026\/09\/1788136858381_242769-18x12.jpg 18w\" sizes=\"auto, (max-width: 768px) 100vw, 768px\" title=\"\"><\/a><\/div><a class=\"wp-block-latest-posts__post-title\" href=\"https:\/\/portalpopmais.com.br\/en\/ricardo-blat-celebra-recuperacao-apos-transplante-de-medula-sou-um-privilegiado\/\">Ricardo Blat celebra recupera\u00e7\u00e3o ap\u00f3s transplante de medula: &#8220;Sou um privilegiado&#8221;<\/a><\/li>\n<li><div class=\"wp-block-latest-posts__featured-image aligncenter\"><a href=\"https:\/\/portalpopmais.com.br\/en\/rise-against-rock-in-rio-2026-setlist-show\/\" aria-label=\"Rise Against no Rock in Rio 2026: confira a poss\u00edvel setlist do show\"><img loading=\"lazy\" decoding=\"async\" width=\"768\" height=\"456\" src=\"https:\/\/portalpopmais.com.br\/wp-content\/uploads\/2026\/09\/rise-against-rock-in-rio-2026-setlist-show-768x456.jpg\" class=\"attachment-medium size-medium wp-post-image\" alt=\"rise-against-rock-in-rio-2026-setlist-show\" style=\"\" srcset=\"https:\/\/portalpopmais.com.br\/wp-content\/uploads\/2026\/09\/rise-against-rock-in-rio-2026-setlist-show-768x456.jpg 768w, https:\/\/portalpopmais.com.br\/wp-content\/uploads\/2026\/09\/rise-against-rock-in-rio-2026-setlist-show-1170x694.jpg 1170w, https:\/\/portalpopmais.com.br\/wp-content\/uploads\/2026\/09\/rise-against-rock-in-rio-2026-setlist-show-18x10.jpg 18w\" sizes=\"auto, (max-width: 768px) 100vw, 768px\" title=\"\"><\/a><\/div><a class=\"wp-block-latest-posts__post-title\" href=\"https:\/\/portalpopmais.com.br\/en\/rise-against-rock-in-rio-2026-setlist-show\/\">Rise Against no Rock in Rio 2026: confira a poss\u00edvel setlist do show<\/a><\/li>\n<li><div class=\"wp-block-latest-posts__featured-image aligncenter\"><a href=\"https:\/\/portalpopmais.com.br\/en\/influenciadora-desiste-de-candidatura-ameacas\/\" aria-label=\"V\u00eddeo: Influenciadora desiste de candidatura ap\u00f3s amea\u00e7as contra os filhos\"><img loading=\"lazy\" decoding=\"async\" width=\"768\" height=\"456\" src=\"https:\/\/portalpopmais.com.br\/wp-content\/uploads\/2026\/09\/influenciadora-desiste-candidatura-ameaca-768x456.png\" class=\"attachment-medium size-medium wp-post-image\" alt=\"\" style=\"\" srcset=\"https:\/\/portalpopmais.com.br\/wp-content\/uploads\/2026\/09\/influenciadora-desiste-candidatura-ameaca-768x456.png 768w, https:\/\/portalpopmais.com.br\/wp-content\/uploads\/2026\/09\/influenciadora-desiste-candidatura-ameaca-1170x694.png 1170w, https:\/\/portalpopmais.com.br\/wp-content\/uploads\/2026\/09\/influenciadora-desiste-candidatura-ameaca-18x12.png 18w\" sizes=\"auto, (max-width: 768px) 100vw, 768px\" title=\"\"><\/a><\/div><a class=\"wp-block-latest-posts__post-title\" href=\"https:\/\/portalpopmais.com.br\/en\/influenciadora-desiste-de-candidatura-ameacas\/\">V\u00eddeo: Influenciadora desiste de candidatura ap\u00f3s amea\u00e7as contra os filhos<\/a><\/li>\n<li><div class=\"wp-block-latest-posts__featured-image aligncenter\"><a href=\"https:\/\/portalpopmais.com.br\/en\/guitarra-george-michael-leilao\/\" aria-label=\"Guitarra usada por George Michael deve ser ser leiloada por at\u00e9 R$ 830 mil\"><img loading=\"lazy\" decoding=\"async\" width=\"768\" height=\"456\" src=\"https:\/\/portalpopmais.com.br\/wp-content\/uploads\/2026\/09\/guitarra-george-michael-deve-ir-leilao-768x456.jpg\" class=\"attachment-medium size-medium wp-post-image\" alt=\"guitarra george michael deve ir leilao\" style=\"\" srcset=\"https:\/\/portalpopmais.com.br\/wp-content\/uploads\/2026\/09\/guitarra-george-michael-deve-ir-leilao-768x456.jpg 768w, https:\/\/portalpopmais.com.br\/wp-content\/uploads\/2026\/09\/guitarra-george-michael-deve-ir-leilao-1170x694.jpg 1170w, https:\/\/portalpopmais.com.br\/wp-content\/uploads\/2026\/09\/guitarra-george-michael-deve-ir-leilao-18x10.jpg 18w\" sizes=\"auto, (max-width: 768px) 100vw, 768px\" title=\"\"><\/a><\/div><a class=\"wp-block-latest-posts__post-title\" href=\"https:\/\/portalpopmais.com.br\/en\/guitarra-george-michael-leilao\/\">Guitarra usada por George Michael deve ser ser leiloada por at\u00e9 R$ 830 mil<\/a><\/li>\n<li><div class=\"wp-block-latest-posts__featured-image aligncenter\"><a href=\"https:\/\/portalpopmais.com.br\/en\/virginia-pediu-dinheiro-live\/\" aria-label=\"Virginia Fonseca \u00e9 alvo de cr\u00edticas ap\u00f3s pedir dinheiro em live no TikTok\"><img loading=\"lazy\" decoding=\"async\" width=\"768\" height=\"456\" src=\"https:\/\/portalpopmais.com.br\/wp-content\/uploads\/2026\/08\/virginia-viraliza-resposta-ia-portalpopmais-768x456.png\" class=\"attachment-medium size-medium wp-post-image\" alt=\"virginia viraliza resposta ia portalpopmais\" style=\"\" srcset=\"https:\/\/portalpopmais.com.br\/wp-content\/uploads\/2026\/08\/virginia-viraliza-resposta-ia-portalpopmais-768x456.png 768w, https:\/\/portalpopmais.com.br\/wp-content\/uploads\/2026\/08\/virginia-viraliza-resposta-ia-portalpopmais-1170x694.png 1170w, https:\/\/portalpopmais.com.br\/wp-content\/uploads\/2026\/08\/virginia-viraliza-resposta-ia-portalpopmais-18x10.png 18w\" sizes=\"auto, (max-width: 768px) 100vw, 768px\" title=\"\"><\/a><\/div><a class=\"wp-block-latest-posts__post-title\" href=\"https:\/\/portalpopmais.com.br\/en\/virginia-pediu-dinheiro-live\/\">Virginia Fonseca \u00e9 alvo de cr\u00edticas ap\u00f3s pedir dinheiro em live no TikTok<\/a><\/li>\n<li><div class=\"wp-block-latest-posts__featured-image aligncenter\"><a href=\"https:\/\/portalpopmais.com.br\/en\/morre-dublador-ettore-zuim\/\" aria-label=\"Morre Ettore Zuim, voz brasileira de Batman, H\u00e9rcules e outros personagens marcantes\"><img loading=\"lazy\" decoding=\"async\" width=\"768\" height=\"456\" src=\"https:\/\/portalpopmais.com.br\/wp-content\/uploads\/2026\/09\/Morre-Ettore-Zuim-dublador-brasileiro-de-Batman-Hercules-e-mais-768x456.jpg\" class=\"attachment-medium size-medium wp-post-image\" alt=\"Morre Ettore Zuim, dublador brasileiro de Batman, H\u00e9rcules e mais - Foto: Reprodu\u00e7\u00e3o\" style=\"\" srcset=\"https:\/\/portalpopmais.com.br\/wp-content\/uploads\/2026\/09\/Morre-Ettore-Zuim-dublador-brasileiro-de-Batman-Hercules-e-mais-768x456.jpg 768w, https:\/\/portalpopmais.com.br\/wp-content\/uploads\/2026\/09\/Morre-Ettore-Zuim-dublador-brasileiro-de-Batman-Hercules-e-mais-1170x694.jpg 1170w\" sizes=\"auto, (max-width: 768px) 100vw, 768px\" title=\"\"><\/a><\/div><a class=\"wp-block-latest-posts__post-title\" href=\"https:\/\/portalpopmais.com.br\/en\/morre-dublador-ettore-zuim\/\">Morre Ettore Zuim, voz brasileira de Batman, H\u00e9rcules e outros personagens marcantes<\/a><\/li>\n<\/ul><\/div><\/div>\n\n\n\n<figure class=\"wp-block-embed aligncenter is-type-rich is-provider-instagram wp-block-embed-instagram\"><div class=\"wp-block-embed__wrapper\">\nhttps:\/\/www.instagram.com\/p\/C9gMDbaJE33\/?hl=pt-br\n<\/div><\/figure>\n\n\n\n<p class=\"wp-block-paragraph\">&#8220;Olha que legal, que divertida essa grava\u00e7\u00e3o hoje. Pipokinha maravilhosa como sempre. Saudade. Por isso que tem sempre conte\u00fado. A saudade mata e a gente mata ela&#8221;, brincou a vice Miss Bumbum. Andressa e Pipokinha gravaram diversas cenas e a di\u00e1ria s\u00f3 teve fim por volta das 8h da manh\u00e3.<\/p>","protected":false},"excerpt":{"rendered":"<p>Andressa Urach anunciou uma nova colabora\u00e7\u00e3o com MC Pipokinha em novo v\u00eddeo voltado para o segmento adulto. A modelo, que retomou grava\u00e7\u00f5es com outros homens recentemente, mostrou os bastidores da nova produ\u00e7\u00e3o em seu perfil no Instagram. Al\u00e9m de Pipokinha, o dan\u00e7arino Bruno ZL participou da grava\u00e7\u00e3o. Bailarino da equipe da funkeira, ele tamb\u00e9m est\u00e1 [&hellip;]<\/p>\n","protected":false},"author":2,"featured_media":213880,"comment_status":"closed","ping_status":"open","sticky":false,"template":"","format":"standard","meta":{"footnotes":""},"categories":[1],"tags":[2232,16038,13506],"class_list":["post-213878","post","type-post","status-publish","format-standard","has-post-thumbnail","hentry","category-fire2","tag-andressa-urach","tag-bruno-zl","tag-mc-pipokinha"],"_links":{"self":[{"href":"https:\/\/portalpopmais.com.br\/en\/wp-json\/wp\/v2\/posts\/213878","targetHints":{"allow":["GET"]}}],"collection":[{"href":"https:\/\/portalpopmais.com.br\/en\/wp-json\/wp\/v2\/posts"}],"about":[{"href":"https:\/\/portalpopmais.com.br\/en\/wp-json\/wp\/v2\/types\/post"}],"author":[{"embeddable":true,"href":"https:\/\/portalpopmais.com.br\/en\/wp-json\/wp\/v2\/users\/2"}],"replies":[{"embeddable":true,"href":"https:\/\/portalpopmais.com.br\/en\/wp-json\/wp\/v2\/comments?post=213878"}],"version-history":[{"count":0,"href":"https:\/\/portalpopmais.com.br\/en\/wp-json\/wp\/v2\/posts\/213878\/revisions"}],"wp:featuredmedia":[{"embeddable":true,"href":"https:\/\/portalpopmais.com.br\/en\/wp-json\/wp\/v2\/media\/213880"}],"wp:attachment":[{"href":"https:\/\/portalpopmais.com.br\/en\/wp-json\/wp\/v2\/media?parent=213878"}],"wp:term":[{"taxonomy":"category","embeddable":true,"href":"https:\/\/portalpopmais.com.br\/en\/wp-json\/wp\/v2\/categories?post=213878"},{"taxonomy":"post_tag","embeddable":true,"href":"https:\/\/portalpopmais.com.br\/en\/wp-json\/wp\/v2\/tags?post=213878"}],"curies":[{"name":"wp","href":"https:\/\/api.w.org\/{rel}","templated":true}]}}