{"id":213959,"date":"2024-07-18T07:38:17","date_gmt":"2024-07-18T10:38:17","guid":{"rendered":"https:\/\/portalpopmais.com.br\/?p=213959"},"modified":"2024-07-18T07:38:24","modified_gmt":"2024-07-18T10:38:24","slug":"real-estado-saude-silvio-santos","status":"publish","type":"post","link":"https:\/\/portalpopmais.com.br\/en\/real-estado-saude-silvio-santos\/","title":{"rendered":"Saiba o real estado de sa\u00fade de Silvio Santos"},"content":{"rendered":"<p><strong><a href=\"https:\/\/portalpopmais.com.br\/en\/silvio-santos-e-internado-em-sao-paulo\/\" data-type=\"post\" data-id=\"213901\">Silvio Santos<\/a><\/strong> foi internado na noite desta ter\u00e7a-feira (16), no Hospital Albert Einstein, na Zona Sul de S\u00e3o Paulo. O veterano da TV foi diagnosticado com H1N1, e precisou ser hospitalizado para um acompanhamento mais cuidadoso da situa\u00e7\u00e3o. <\/p>\n\n\n\n<p>De acordo com informa\u00e7\u00f5es do jornalista Fl\u00e1vio Ricco, do R7, Silvio est\u00e1 sob cuidados intensivos na institui\u00e7\u00e3o e passa por exames para a equipe m\u00e9dica ter um panorama completo da situa\u00e7\u00e3o. A informa\u00e7\u00e3o da interna\u00e7\u00e3o do dono do ba\u00fa foi divulgada pelo jornal Folha de S\u00e3o Paulo. O SBT chegou a negar a interna\u00e7\u00e3o de Silvio Santos e logo em seguida pediu desculpas pelo &#8220;mal entendido&#8221;. J\u00e1 a equipe do hospital n\u00e3o d\u00e1 informa\u00e7\u00f5es sobre o apresentador.<\/p>\n\n\n<div class=\"wp-block-image\">\n<figure class=\"aligncenter size-large\"><img loading=\"lazy\" decoding=\"async\" width=\"1170\" height=\"694\" src=\"https:\/\/portalpopmais.com.br\/wp-content\/uploads\/2022\/05\/WhatsApp-Image-2022-05-06-at-21.15.16-1170x694.jpeg\" alt=\"Silvio Santos\" class=\"wp-image-115568\" title=\"\" srcset=\"https:\/\/portalpopmais.com.br\/wp-content\/uploads\/2022\/05\/WhatsApp-Image-2022-05-06-at-21.15.16-1170x694.jpeg 1170w, https:\/\/portalpopmais.com.br\/wp-content\/uploads\/2022\/05\/WhatsApp-Image-2022-05-06-at-21.15.16-768x456.jpeg 768w\" sizes=\"auto, (max-width: 1170px) 100vw, 1170px\" \/><figcaption class=\"wp-element-caption\">Silvio Santos &#8211; Foto: Reprodu\u00e7\u00e3o<\/figcaption><\/figure>\n<\/div>\n\n\n<p>O apresentador est\u00e1 afastado de suas fun\u00e7\u00f5es desde 2022, quando gravou seu \u00faltimo programa no canal paulista. De l\u00e1 pra c\u00e1, Patr\u00edcia Abravanel assumiu a fun\u00e7\u00e3o e segue comandando o dominical no lugar do pai, garantindo sempre a vice-lideran\u00e7a no hor\u00e1rio e super elogiada pela imprensa especializada, por conta do seu excelente desempenho e por manter a ess\u00eancia do pai na atra\u00e7\u00e3o que ocupa as noites de domingo do SBT.<\/p>","protected":false},"excerpt":{"rendered":"<p>Silvio Santos foi internado na noite desta ter\u00e7a-feira (16), no Hospital Albert Einstein, na Zona Sul de S\u00e3o Paulo. O veterano da TV foi diagnosticado com H1N1, e precisou ser hospitalizado para um acompanhamento mais cuidadoso da situa\u00e7\u00e3o. De acordo com informa\u00e7\u00f5es do jornalista Fl\u00e1vio Ricco, do R7, Silvio est\u00e1 sob cuidados intensivos na institui\u00e7\u00e3o [&hellip;]<\/p>\n","protected":false},"author":2,"featured_media":109650,"comment_status":"closed","ping_status":"open","sticky":false,"template":"","format":"standard","meta":{"footnotes":""},"categories":[173,181],"tags":[403,657],"class_list":["post-213959","post","type-post","status-publish","format-standard","has-post-thumbnail","hentry","category-celebridades","category-televisao","tag-sbt","tag-silvio-santos"],"_links":{"self":[{"href":"https:\/\/portalpopmais.com.br\/en\/wp-json\/wp\/v2\/posts\/213959","targetHints":{"allow":["GET"]}}],"collection":[{"href":"https:\/\/portalpopmais.com.br\/en\/wp-json\/wp\/v2\/posts"}],"about":[{"href":"https:\/\/portalpopmais.com.br\/en\/wp-json\/wp\/v2\/types\/post"}],"author":[{"embeddable":true,"href":"https:\/\/portalpopmais.com.br\/en\/wp-json\/wp\/v2\/users\/2"}],"replies":[{"embeddable":true,"href":"https:\/\/portalpopmais.com.br\/en\/wp-json\/wp\/v2\/comments?post=213959"}],"version-history":[{"count":0,"href":"https:\/\/portalpopmais.com.br\/en\/wp-json\/wp\/v2\/posts\/213959\/revisions"}],"wp:featuredmedia":[{"embeddable":true,"href":"https:\/\/portalpopmais.com.br\/en\/wp-json\/wp\/v2\/media\/109650"}],"wp:attachment":[{"href":"https:\/\/portalpopmais.com.br\/en\/wp-json\/wp\/v2\/media?parent=213959"}],"wp:term":[{"taxonomy":"category","embeddable":true,"href":"https:\/\/portalpopmais.com.br\/en\/wp-json\/wp\/v2\/categories?post=213959"},{"taxonomy":"post_tag","embeddable":true,"href":"https:\/\/portalpopmais.com.br\/en\/wp-json\/wp\/v2\/tags?post=213959"}],"curies":[{"name":"wp","href":"https:\/\/api.w.org\/{rel}","templated":true}]}}