{"id":214246,"date":"2024-07-22T05:23:00","date_gmt":"2024-07-22T08:23:00","guid":{"rendered":"https:\/\/portalpopmais.com.br\/?p=214246"},"modified":"2024-07-22T05:23:45","modified_gmt":"2024-07-22T08:23:45","slug":"os-simpsons-previram-candidatura-de-kamala-harris-entenda","status":"publish","type":"post","link":"https:\/\/portalpopmais.com.br\/en\/os-simpsons-previram-candidatura-de-kamala-harris-entenda\/","title":{"rendered":"Os Simpsons &#8220;previram&#8221; candidatura de Kamala Harris? Entenda"},"content":{"rendered":"<p>Mais uma previs\u00e3o dos &#8220;<a href=\"https:\/\/portalpopmais.com.br\/en\/apos-35-anos-de-serie-personagem-de-os-simpsons-morre-de-forma-inesperada\/\" data-type=\"post\" data-id=\"208311\">Simpsons<\/a>&#8220;? Ap\u00f3s a desist\u00eancia de Joe Biden \u00e0 candidatura da presid\u00eancia, um epis\u00f3dio da s\u00e9rie voltou a chamar aten\u00e7\u00e3o pela similaridade com cen\u00e1rios reais.<\/p>\n\n\n\n<p>Em um epis\u00f3dio da 11\u00aa temporada da s\u00e9rie, Lisa Simpson se tornou a primeira mulher a assumir a presid\u00eancia do pa\u00eds. Na cena, ela usou traje semelhante ao usado pela primeira vice-presidente americana, Kamala Harris, durante a cerim\u00f4nia de posse de Joe Biden em <a href=\"http:\/\/twitter.com\/sitepopmais\" target=\"_blank\" rel=\"noopener\">2020<\/a>.<\/p>\n\n\n\n<div class=\"wp-block-group\"><div class=\"wp-block-group__inner-container is-layout-constrained wp-block-group-is-layout-constrained\">\n<h2 class=\"wp-block-heading\">Veja mais<\/h2>\n\n\n<ul class=\"wp-block-latest-posts__list is-grid columns-3 aligncenter wp-block-latest-posts\"><li><div class=\"wp-block-latest-posts__featured-image aligncenter\"><a href=\"https:\/\/portalpopmais.com.br\/en\/anitta-e-the-weeknd-anunciam-novo-feat-rio-apos-sucesso-global-de-sao-paulo-ouca\/\" aria-label=\"Anitta e The Weeknd anunciam novo feat \u201cRio\u201d ap\u00f3s sucesso global de \u201cS\u00e3o Paulo\u201d; ou\u00e7a\"><img loading=\"lazy\" decoding=\"async\" width=\"768\" height=\"456\" src=\"https:\/\/portalpopmais.com.br\/wp-content\/uploads\/2025\/09\/Anitta-e-The-Weeknd-768x456.png\" class=\"attachment-medium size-medium wp-post-image\" alt=\"\" style=\"\" srcset=\"https:\/\/portalpopmais.com.br\/wp-content\/uploads\/2025\/09\/Anitta-e-The-Weeknd-768x456.png 768w, https:\/\/portalpopmais.com.br\/wp-content\/uploads\/2025\/09\/Anitta-e-The-Weeknd-1170x694.png 1170w, https:\/\/portalpopmais.com.br\/wp-content\/uploads\/2025\/09\/Anitta-e-The-Weeknd-18x10.png 18w\" sizes=\"auto, (max-width: 768px) 100vw, 768px\" title=\"\"><\/a><\/div><a class=\"wp-block-latest-posts__post-title\" href=\"https:\/\/portalpopmais.com.br\/en\/anitta-e-the-weeknd-anunciam-novo-feat-rio-apos-sucesso-global-de-sao-paulo-ouca\/\">Anitta e The Weeknd anunciam novo feat \u201cRio\u201d ap\u00f3s sucesso global de \u201cS\u00e3o Paulo\u201d; ou\u00e7a<\/a><\/li>\n<li><div class=\"wp-block-latest-posts__featured-image aligncenter\"><a href=\"https:\/\/portalpopmais.com.br\/en\/ana-hickmann-contesta-divida-milionaria-na-justica-e-denuncia-fraude-em-assinaturas\/\" aria-label=\"Ana Hickmann contesta d\u00edvida milion\u00e1ria na Justi\u00e7a e denuncia fraude em assinaturas\"><img loading=\"lazy\" decoding=\"async\" width=\"768\" height=\"456\" src=\"https:\/\/portalpopmais.com.br\/wp-content\/uploads\/2022\/11\/Ana-Hickmann-768x456.jpg\" class=\"attachment-medium size-medium wp-post-image\" alt=\"Ana Hickmann\" style=\"\" title=\"\"><\/a><\/div><a class=\"wp-block-latest-posts__post-title\" href=\"https:\/\/portalpopmais.com.br\/en\/ana-hickmann-contesta-divida-milionaria-na-justica-e-denuncia-fraude-em-assinaturas\/\">Ana Hickmann contesta d\u00edvida milion\u00e1ria na Justi\u00e7a e denuncia fraude em assinaturas<\/a><\/li>\n<li><div class=\"wp-block-latest-posts__featured-image aligncenter\"><a href=\"https:\/\/portalpopmais.com.br\/en\/anderson-neiff-desabafa-apos-ataque-a-tiros-em-sao-paulo-parecia-um-murro\/\" aria-label=\"Anderson Neiff desabafa ap\u00f3s ataque a tiros em S\u00e3o Paulo: \u201cParecia um murro\u201d\"><img loading=\"lazy\" decoding=\"async\" width=\"768\" height=\"456\" src=\"https:\/\/portalpopmais.com.br\/wp-content\/uploads\/2024\/10\/novo-viral-anderson-neiff-768x456.jpg\" class=\"attachment-medium size-medium wp-post-image\" alt=\"\" style=\"\" title=\"\"><\/a><\/div><a class=\"wp-block-latest-posts__post-title\" href=\"https:\/\/portalpopmais.com.br\/en\/anderson-neiff-desabafa-apos-ataque-a-tiros-em-sao-paulo-parecia-um-murro\/\">Anderson Neiff desabafa ap\u00f3s ataque a tiros em S\u00e3o Paulo: \u201cParecia um murro\u201d<\/a><\/li>\n<li><div class=\"wp-block-latest-posts__featured-image aligncenter\"><a href=\"https:\/\/portalpopmais.com.br\/en\/filha-de-maira-cardi-e-internada-nos-eua-e-influencer-pede-oracoes\/\" aria-label=\"Filha de Ma\u00edra Cardi \u00e9 internada nos EUA e influencer pede ora\u00e7\u00f5es\"><img loading=\"lazy\" decoding=\"async\" width=\"768\" height=\"456\" src=\"https:\/\/portalpopmais.com.br\/wp-content\/uploads\/2026\/04\/whatsapp-image-2026-04-27-at-09.20.03-768x456.jpeg\" class=\"attachment-medium size-medium wp-post-image\" alt=\"whatsapp image 2026 04 27 at 09.20.03\" style=\"\" srcset=\"https:\/\/portalpopmais.com.br\/wp-content\/uploads\/2026\/04\/whatsapp-image-2026-04-27-at-09.20.03-768x456.jpeg 768w, https:\/\/portalpopmais.com.br\/wp-content\/uploads\/2026\/04\/whatsapp-image-2026-04-27-at-09.20.03-18x10.jpeg 18w\" sizes=\"auto, (max-width: 768px) 100vw, 768px\" title=\"\"><\/a><\/div><a class=\"wp-block-latest-posts__post-title\" href=\"https:\/\/portalpopmais.com.br\/en\/filha-de-maira-cardi-e-internada-nos-eua-e-influencer-pede-oracoes\/\">Filha de Ma\u00edra Cardi \u00e9 internada nos EUA e influencer pede ora\u00e7\u00f5es<\/a><\/li>\n<li><div class=\"wp-block-latest-posts__featured-image aligncenter\"><a href=\"https:\/\/portalpopmais.com.br\/en\/cantora-perde-30-kg-para-preservar-a-voz-e-espera-primeira-filha-veja\/\" aria-label=\"Cantora perde 30 kg para preservar a voz e espera primeira filha; veja\"><img loading=\"lazy\" decoding=\"async\" width=\"768\" height=\"456\" src=\"https:\/\/portalpopmais.com.br\/wp-content\/uploads\/2026\/04\/tyukety-768x456.webp\" class=\"attachment-medium size-medium wp-post-image\" alt=\"tyukety\" style=\"\" srcset=\"https:\/\/portalpopmais.com.br\/wp-content\/uploads\/2026\/04\/tyukety-768x456.webp 768w, https:\/\/portalpopmais.com.br\/wp-content\/uploads\/2026\/04\/tyukety-18x12.webp 18w\" sizes=\"auto, (max-width: 768px) 100vw, 768px\" title=\"\"><\/a><\/div><a class=\"wp-block-latest-posts__post-title\" href=\"https:\/\/portalpopmais.com.br\/en\/cantora-perde-30-kg-para-preservar-a-voz-e-espera-primeira-filha-veja\/\">Cantora perde 30 kg para preservar a voz e espera primeira filha; veja<\/a><\/li>\n<li><div class=\"wp-block-latest-posts__featured-image aligncenter\"><a href=\"https:\/\/portalpopmais.com.br\/en\/justica-bloqueia-r-1-milhao-de-influenciador-gato-preto-apos-denuncias-do-mp-sp\/\" aria-label=\"Justi\u00e7a bloqueia R$ 1 milh\u00e3o de influenciador Gato Preto ap\u00f3s den\u00fancias do MP-SP\"><img loading=\"lazy\" decoding=\"async\" width=\"768\" height=\"456\" src=\"https:\/\/portalpopmais.com.br\/wp-content\/uploads\/2026\/04\/gato-preto-se-defendeu-em-acao-pm-dias-antes-de-ser-preso-768x456.webp\" class=\"attachment-medium size-medium wp-post-image\" alt=\"gato preto se defendeu em acao pm dias antes de ser preso\" style=\"\" srcset=\"https:\/\/portalpopmais.com.br\/wp-content\/uploads\/2026\/04\/gato-preto-se-defendeu-em-acao-pm-dias-antes-de-ser-preso-768x456.webp 768w, https:\/\/portalpopmais.com.br\/wp-content\/uploads\/2026\/04\/gato-preto-se-defendeu-em-acao-pm-dias-antes-de-ser-preso-18x12.webp 18w\" sizes=\"auto, (max-width: 768px) 100vw, 768px\" title=\"\"><\/a><\/div><a class=\"wp-block-latest-posts__post-title\" href=\"https:\/\/portalpopmais.com.br\/en\/justica-bloqueia-r-1-milhao-de-influenciador-gato-preto-apos-denuncias-do-mp-sp\/\">Justi\u00e7a bloqueia R$ 1 milh\u00e3o de influenciador Gato Preto ap\u00f3s den\u00fancias do MP-SP<\/a><\/li>\n<\/ul><\/div><\/div>\n\n\n\n<p>No desenho, Lisa vestia um terno roxo e um colar de p\u00e9rolas, mesma escolha de Kamala na posse de Biden. Ambas faziam a transi\u00e7\u00e3o de governo antecedido por Donald Trump. O epis\u00f3dio foi ao ar no ano 2000.<\/p>\n\n\n\n<p>A vice-presidente de Biden \u00e9 considerada a favorita para se candidatar \u00e0 presid\u00eancia pelo Partido Democrata. Se eleita, ela seria a primeira mulher a assumir o cargo na hist\u00f3ria dos EUA, assim como Lisa.<\/p>\n\n\n\n<figure class=\"wp-block-embed is-type-video is-provider-youtube wp-block-embed-youtube wp-embed-aspect-4-3 wp-has-aspect-ratio\"><div class=\"wp-block-embed__wrapper\">\n<iframe loading=\"lazy\" title=\"Lisa Simpson calls Donald Trump Presidency, Increased Debt\" width=\"880\" height=\"660\" src=\"https:\/\/www.youtube.com\/embed\/ZtparSnQhFc?feature=oembed\" frameborder=\"0\" allow=\"accelerometer; autoplay; clipboard-write; encrypted-media; gyroscope; picture-in-picture; web-share\" referrerpolicy=\"strict-origin-when-cross-origin\" allowfullscreen><\/iframe>\n<\/div><\/figure>\n\n\n\n<p>Na semana passada, o Channel 4 cancelou a exibi\u00e7\u00e3o de um epis\u00f3dio do desenho, um dia ap\u00f3s o atentado a Donald Trump. Acontece que, em uma de suas cenas, a personagem Lisa discursa no p\u00f3dio de um com\u00edcio e \u00e9 se torna a mira de um atirador.<\/p>","protected":false},"excerpt":{"rendered":"<p>Mais uma previs\u00e3o dos &#8220;Simpsons&#8220;? Ap\u00f3s a desist\u00eancia de Joe Biden \u00e0 candidatura da presid\u00eancia, um epis\u00f3dio da s\u00e9rie voltou a chamar aten\u00e7\u00e3o pela similaridade com cen\u00e1rios reais. Em um epis\u00f3dio da 11\u00aa temporada da s\u00e9rie, Lisa Simpson se tornou a primeira mulher a assumir a presid\u00eancia do pa\u00eds. Na cena, ela usou traje semelhante [&hellip;]<\/p>\n","protected":false},"author":2,"featured_media":214247,"comment_status":"closed","ping_status":"open","sticky":false,"template":"","format":"standard","meta":{"footnotes":""},"categories":[174],"tags":[1509],"class_list":["post-214246","post","type-post","status-publish","format-standard","has-post-thumbnail","hentry","category-filmes-series","tag-os-simpsons"],"_links":{"self":[{"href":"https:\/\/portalpopmais.com.br\/en\/wp-json\/wp\/v2\/posts\/214246","targetHints":{"allow":["GET"]}}],"collection":[{"href":"https:\/\/portalpopmais.com.br\/en\/wp-json\/wp\/v2\/posts"}],"about":[{"href":"https:\/\/portalpopmais.com.br\/en\/wp-json\/wp\/v2\/types\/post"}],"author":[{"embeddable":true,"href":"https:\/\/portalpopmais.com.br\/en\/wp-json\/wp\/v2\/users\/2"}],"replies":[{"embeddable":true,"href":"https:\/\/portalpopmais.com.br\/en\/wp-json\/wp\/v2\/comments?post=214246"}],"version-history":[{"count":0,"href":"https:\/\/portalpopmais.com.br\/en\/wp-json\/wp\/v2\/posts\/214246\/revisions"}],"wp:featuredmedia":[{"embeddable":true,"href":"https:\/\/portalpopmais.com.br\/en\/wp-json\/wp\/v2\/media\/214247"}],"wp:attachment":[{"href":"https:\/\/portalpopmais.com.br\/en\/wp-json\/wp\/v2\/media?parent=214246"}],"wp:term":[{"taxonomy":"category","embeddable":true,"href":"https:\/\/portalpopmais.com.br\/en\/wp-json\/wp\/v2\/categories?post=214246"},{"taxonomy":"post_tag","embeddable":true,"href":"https:\/\/portalpopmais.com.br\/en\/wp-json\/wp\/v2\/tags?post=214246"}],"curies":[{"name":"wp","href":"https:\/\/api.w.org\/{rel}","templated":true}]}}