{"id":215391,"date":"2024-08-15T15:03:39","date_gmt":"2024-08-15T18:03:39","guid":{"rendered":"https:\/\/portalpopmais.com.br\/?p=215391"},"modified":"2025-02-10T08:44:51","modified_gmt":"2025-02-10T11:44:51","slug":"lancamentos-musicais-16-de-agosto-de-2024","status":"publish","type":"post","link":"https:\/\/portalpopmais.com.br\/en\/lancamentos-musicais-16-de-agosto-de-2024\/","title":{"rendered":"Lan\u00e7amentos da semana: Thiago Pantale\u00e3o, Lady Gaga com Bruno Mars, Hitmaker com Anitta, Halsey e mais!"},"content":{"rendered":"<p>A terceira sexta-feira de agosto chegou com tudo! Entre os <a href=\"https:\/\/portalpopmais.com.br\/en\/lancamentos-musicais-09-de-agosto-de-2024\/\" data-type=\"post\" data-id=\"215030\">lan\u00e7amentos<\/a> desta semana temos o novo compilado da revela\u00e7\u00e3o do pop Thiago Pantale\u00e3o. Al\u00e9m dele, Lady Gaga com Bruno Mars, Hitmaker com Anitta, Lary, Gabriel Froede, Xande e Halsey, tamb\u00e9m lan\u00e7aram novidades. O <strong><a href=\"http:\/\/portalpopmais.com.br\/en\/\">POP Mais <\/a><\/strong>ainda separou uma lista de indica\u00e7\u00f5es que recebemos na plataforma Groover, novos nomes que voc\u00ea PRECISA ouvir! Acompanhe na lista <a href=\"http:\/\/twitter.com\/sitepopmais\" target=\"_blank\" rel=\"noopener\">abaixo<\/a>.<\/p>\n\n\n\n<h2 class=\"wp-block-heading\">Thiago Pantale\u00e3o<\/h2>\n\n\n\n<p>Com apenas 2 anos de carreira, Thiago Pantale\u00e3o se tornou um nome bastante comentado no pop nacional por conta de sua voz marcante e estilo ousado. Agora, o cantor e compositor d\u00e1 mais um passo em sua trajet\u00f3ria com o lan\u00e7amento da segunda e \u00faltima parte do seu disco &#8220;Nova Era&#8221;, lan\u00e7ado em novembro de 2023. Com seis m\u00fasicas in\u00e9ditas, o trabalho chega em todas as plataformas digitais nesta sexta-feira (16\/08). O disco vem acompanhado ainda de visualizers para todas as faixas, que ser\u00e3o disponibilizados no canal oficial do artista no YouTube, proporcionando uma experi\u00eancia imersiva \u00fanica do final desta &#8220;nova era&#8221;.<\/p>\n\n\n\n<figure class=\"wp-block-embed is-type-rich is-provider-spotify wp-block-embed-spotify wp-embed-aspect-21-9 wp-has-aspect-ratio\"><div class=\"wp-block-embed__wrapper\">\n<iframe title=\"Spotify Embed: NOVA ERA\" style=\"border-radius: 12px\" width=\"100%\" height=\"352\" frameborder=\"0\" allowfullscreen allow=\"autoplay; clipboard-write; encrypted-media; fullscreen; picture-in-picture\" loading=\"lazy\" src=\"https:\/\/open.spotify.com\/embed\/album\/122yRf2xz5FT2ua5Vbv3tp?utm_source=oembed\"><\/iframe>\n<\/div><\/figure>\n\n\n\n<h2 class=\"wp-block-heading\">Lady Gaga, Bruno Mars<\/h2>\n\n\n\n<p>Lady Gaga e Bruno Mars, dois dos maiores nomes do pop atualmente, est\u00e3o juntos em &#8220;Die With a Smile&#8221;, que ganhou clipe na madrugada de hoje (16). A parceria, que foi anunciada poucas horas antes do lan\u00e7amento oficial, far\u00e1 parte do novo \u00e1lbum de Gaga, ainda sem data de lan\u00e7amento.<\/p>\n\n\n\n<figure class=\"wp-block-embed is-type-video is-provider-youtube wp-block-embed-youtube wp-embed-aspect-16-9 wp-has-aspect-ratio\"><div class=\"wp-block-embed__wrapper\">\n<iframe loading=\"lazy\" title=\"Lady Gaga, Bruno Mars - Die With A Smile (Official Music Video)\" width=\"880\" height=\"495\" src=\"https:\/\/www.youtube.com\/embed\/kPa7bsKwL-c?feature=oembed\" frameborder=\"0\" allow=\"accelerometer; autoplay; clipboard-write; encrypted-media; gyroscope; picture-in-picture; web-share\" referrerpolicy=\"strict-origin-when-cross-origin\" allowfullscreen><\/iframe>\n<\/div><\/figure>\n\n\n\n<h2 class=\"wp-block-heading\">Sam Smith e IZA<\/h2>\n\n\n\n<p>Artista vencedor do GRAMMY\u00ae, BRIT, Globo de Ouro e Oscar\u00ae, Sam Smith compartilha hoje uma nova vers\u00e3o de &#8220;Lay Me Down&#8221;, o single principal de seu multiplatinado \u00e1lbum de estreia, &#8220;In The Lonely Hour&#8221;, que conta com a participa\u00e7\u00e3o especial da cantora e compositora brasileira IZA.<\/p>\n\n\n\n<figure class=\"wp-block-embed is-type-rich is-provider-spotify wp-block-embed-spotify wp-embed-aspect-21-9 wp-has-aspect-ratio\"><div class=\"wp-block-embed__wrapper\">\n<iframe title=\"Spotify Embed: Lay Me Down (feat. IZA)\" style=\"border-radius: 12px\" width=\"100%\" height=\"152\" frameborder=\"0\" allowfullscreen allow=\"autoplay; clipboard-write; encrypted-media; fullscreen; picture-in-picture\" loading=\"lazy\" src=\"https:\/\/open.spotify.com\/embed\/track\/3ymm3O5OgoFy7QX4z9YgtN?go=1&#038;utm_campaign=fAfTD_96_fmly&#038;utm_source=oembed&#038;utm_medium=Original&#038;utm_content=d2d4f6a5-ac92-4c03-bba4-b9897bdd3baa_none_Sam%2BSmith%252C%2BIZA_101097748_Lay%2BMe%2BDown%2B%2528feat.%2BIZA%2529_Lay%2BMe%2BDown%2B%2528feat.%2BIZA%2529_20240814_direct_sam-smith_GB_samsmith.world%2FIZA&#038;dm_i=4YYV%2CC1N9%2C7DTGDJ%2C1T8VH%2C1&#038;nd=1&#038;dlsi=07d3b21dba65486d\"><\/iframe>\n<\/div><\/figure>\n\n\n\n<h2 class=\"wp-block-heading\">Bruno Rosa<\/h2>\n\n\n\n<p>Bruno Rosa vem se destacando no cen\u00e1rio sertanejo nos \u00faltimos meses. O lan\u00e7amento do single \u201cCerveja e Socorro\u201d, feat com Clayton &amp; Rom\u00e1rio que acumula mais 48 milh\u00f5es de plays, colocou o artista no radar do sucesso. Celebrando essa fase em sua carreira, o artista encerra um importante ciclo, disponibilizando na \u00edntegra, o audiovisual \u201cRol\u00ea do Rosa\u201d. Gravado no ano passado em S\u00e3o Paulo, o projeto tem 7 m\u00fasicas lan\u00e7adas que se unem a mais duas faixas in\u00e9ditas e sete medleys, completando o repert\u00f3rio do projeto. <\/p>\n\n\n\n<figure class=\"wp-block-embed is-type-rich is-provider-spotify wp-block-embed-spotify wp-embed-aspect-21-9 wp-has-aspect-ratio\"><div class=\"wp-block-embed__wrapper\">\n<iframe title=\"Spotify Embed: Rol\u00ea Do Rosa (Ao Vivo)\" style=\"border-radius: 12px\" width=\"100%\" height=\"352\" frameborder=\"0\" allowfullscreen allow=\"autoplay; clipboard-write; encrypted-media; fullscreen; picture-in-picture\" loading=\"lazy\" src=\"https:\/\/open.spotify.com\/embed\/album\/3SHESJUsMIDZ4gprpoNW0u?utm_source=oembed\"><\/iframe>\n<\/div><\/figure>\n\n\n\n<h2 class=\"wp-block-heading\">Aquino<\/h2>\n\n\n\n<p>Hoje (15) a partir das 20h, temos o lan\u00e7amento de &#8220;Camisa do Flamengo&#8221;, novo single da banda AQUINO que tra\u00e7a um paralelo entre cora\u00e7\u00f5es partidos e paix\u00e3o por futebol. A faixa \u00e9 um misto de disco music, indie pop e pop experimental e antecede o lan\u00e7amento do segundo \u00e1lbum de est\u00fadio deles.<\/p>\n\n\n\n<figure class=\"wp-block-embed is-type-rich is-provider-spotify wp-block-embed-spotify wp-embed-aspect-21-9 wp-has-aspect-ratio\"><div class=\"wp-block-embed__wrapper\">\n<iframe title=\"Spotify Embed: Camisa do Flamengo\" style=\"border-radius: 12px\" width=\"100%\" height=\"352\" frameborder=\"0\" allowfullscreen allow=\"autoplay; clipboard-write; encrypted-media; fullscreen; picture-in-picture\" loading=\"lazy\" src=\"https:\/\/open.spotify.com\/embed\/album\/56gdOQRbkx4d3ejv8rFYDD?utm_source=oembed\"><\/iframe>\n<\/div><\/figure>\n\n\n\n<h2 class=\"wp-block-heading\">Savanah<\/h2>\n\n\n\n<p>Inspirada por Tyla, a cantora carioca Savanah se prepara para lan\u00e7ar \u201cMe Ati\u00e7a\u201d, novo single que estar\u00e1 dispon\u00edvel em todas as plataformas no pr\u00f3ximo dia 16 de agosto. A faixa \u00e9 mais uma parceria com BR DA TIJUCA e tamb\u00e9m conta com a colabora\u00e7\u00e3o de DJ Cabel\u00e3o do Turano.<\/p>\n\n\n\n<figure class=\"wp-block-embed is-type-rich is-provider-spotify wp-block-embed-spotify wp-embed-aspect-21-9 wp-has-aspect-ratio\"><div class=\"wp-block-embed__wrapper\">\n<iframe title=\"Spotify Embed: Me Ati\u00e7a\" style=\"border-radius: 12px\" width=\"100%\" height=\"352\" frameborder=\"0\" allowfullscreen allow=\"autoplay; clipboard-write; encrypted-media; fullscreen; picture-in-picture\" loading=\"lazy\" src=\"https:\/\/open.spotify.com\/embed\/album\/2BVP8NtXPsIleW4QtxgZkX?utm_source=oembed\"><\/iframe>\n<\/div><\/figure>\n\n\n\n<h2 class=\"wp-block-heading\">Pedro Mussum<\/h2>\n\n\n\n<p>Pedro Mussum, forte representante da nova gera\u00e7\u00e3o do pagode, lan\u00e7a pela Som Livre a parte final do projeto &#8220;Identidade&#8221;, encerramento que conta com regrava\u00e7\u00f5es de cl\u00e1ssicos do pagode nesta sexta-feira, 16 de agosto &#8211; ou\u00e7a aqui. No YouTube, tr\u00eas novas faixas vir\u00e3o acompanhadas de um videoclipe.<\/p>\n\n\n\n<figure class=\"wp-block-embed is-type-rich is-provider-spotify wp-block-embed-spotify wp-embed-aspect-21-9 wp-has-aspect-ratio\"><div class=\"wp-block-embed__wrapper\">\n<iframe title=\"Spotify Embed: Identidade - Ao Vivo\" style=\"border-radius: 12px\" width=\"100%\" height=\"352\" frameborder=\"0\" allowfullscreen allow=\"autoplay; clipboard-write; encrypted-media; fullscreen; picture-in-picture\" loading=\"lazy\" src=\"https:\/\/open.spotify.com\/embed\/album\/5uWfh8NHPBaYRDkr6Sqgnf?utm_source=oembed\"><\/iframe>\n<\/div><\/figure>\n\n\n\n<h2 class=\"wp-block-heading\">Amabbi<\/h2>\n\n\n\n<p>Amabbi, cantora considerada forte promessa da m\u00fasica urbana, lan\u00e7a primeiro \u00e1lbum de sua carreira, &#8220;Versos e Voos&#8221;, pela Som Livre &#8211; ou\u00e7a aqui. O projeto, que chega \u00e0s plataformas digitais na pr\u00f3xima sexta-feira, 16 de agosto, inaugura n\u00e3o somente o primeiro \u00e1lbum da artista, como tamb\u00e9m imprime o amadurecimento e o trabalho de pesquisa durante todo o processo de produ\u00e7\u00e3o.<\/p>\n\n\n\n<figure class=\"wp-block-embed is-type-rich is-provider-spotify wp-block-embed-spotify wp-embed-aspect-21-9 wp-has-aspect-ratio\"><div class=\"wp-block-embed__wrapper\">\n<iframe title=\"Spotify Embed: Versos e Voos\" style=\"border-radius: 12px\" width=\"100%\" height=\"352\" frameborder=\"0\" allowfullscreen allow=\"autoplay; clipboard-write; encrypted-media; fullscreen; picture-in-picture\" loading=\"lazy\" src=\"https:\/\/open.spotify.com\/embed\/album\/0PxKUgrFm5TILYhoQk98XQ?utm_source=oembed\"><\/iframe>\n<\/div><\/figure>\n\n\n\n<h2 class=\"wp-block-heading\">Matheus Fernandes<\/h2>\n\n\n\n<p>A explosa\u0303o da faixa \u201cTriplex\u201d, em parceria com a dupla Matheus &amp; Kauan, foi um grande esquenta para os fa\u0303s de Matheus Fernandes do que esta\u0301 por vir. Com 78.5 milho\u0303es de streams somados, o hit ja\u0301 foi utilizado em mais de 240 mil vi\u0301deos nas redes sociais e alcanc\u0327ou o TOP 3 do Spotify Brasil e da Billboard HOT 100. Agora, o cearense lanc\u0327a o primeiro volume do DVD \u201cMF Em Sampa\u201d. A coleta\u0302nea chega a\u0300s plataformas de a\u0301udio nesta quinta-feira (15), a partir das 21h, com uma nova colaborac\u0327a\u0303o autoral: \u201cBotada A\u0300 Luz de Velas\u201d ao lado de Le\u0301o Santana. A pre\u0301via da faixa foco ja\u0301 tem sido um sucesso nas redes sociais e promete ser o pro\u0301ximo feno\u0302meno dos artistas.<\/p>\n\n\n\n<figure class=\"wp-block-embed is-type-rich is-provider-spotify wp-block-embed-spotify wp-embed-aspect-21-9 wp-has-aspect-ratio\"><div class=\"wp-block-embed__wrapper\">\n<iframe title=\"Spotify Embed: MF em Sampa Vol. 1 - Ao Vivo\" style=\"border-radius: 12px\" width=\"100%\" height=\"352\" frameborder=\"0\" allowfullscreen allow=\"autoplay; clipboard-write; encrypted-media; fullscreen; picture-in-picture\" loading=\"lazy\" src=\"https:\/\/open.spotify.com\/embed\/album\/0MdaqTzwKezvRPcGQ1z11R?go=1&#038;nd=1&#038;dlsi=7f3579f0bbdf4bfa&#038;utm_source=oembed\"><\/iframe>\n<\/div><\/figure>\n\n\n\n<h2 class=\"wp-block-heading\">Polako<\/h2>\n\n\n\n<p>O cantor e compositor paulistano Polako est\u00e1 prestes a lan\u00e7ar sua nova faixa, &#8220;Perfume de Gasolina&#8221;, pela Mar\u00e3 M\u00fasica. A m\u00fasica nasceu de uma forma espont\u00e2nea e visceral, durante uma visita ao est\u00fadio do amigo, guitarrista e produtor Antonio Frugiuele, que tamb\u00e9m co-comp\u00f4s a faixa.<\/p>\n\n\n\n<figure class=\"wp-block-embed is-type-rich is-provider-spotify wp-block-embed-spotify wp-embed-aspect-21-9 wp-has-aspect-ratio\"><div class=\"wp-block-embed__wrapper\">\n<iframe title=\"Spotify Embed: Perfume de Gasolina\" style=\"border-radius: 12px\" width=\"100%\" height=\"352\" frameborder=\"0\" allowfullscreen allow=\"autoplay; clipboard-write; encrypted-media; fullscreen; picture-in-picture\" loading=\"lazy\" src=\"https:\/\/open.spotify.com\/embed\/album\/20vR4mFaZ8xqIl5Nu7VvT8?utm_source=oembed\"><\/iframe>\n<\/div><\/figure>\n\n\n\n<h2 class=\"wp-block-heading\">Tri\u00eatu<\/h2>\n\n\n\n<p>O trio baiano Tri\u00eatu, formado por conhecido por suas interpreta\u00e7\u00f5es emocionantes e energia contagiante, acaba de encantar ainda mais seus f\u00e3s com o lan\u00e7amento do novo EP &#8220;Manduri Sessions&#8221;, sob o selo musical nacional Manduri. Composto por tr\u00eas faixas, o EP traz releituras \u00fanicas de m\u00fasicas que j\u00e1 conquistaram o p\u00fablico em suas redes sociais: &#8220;A Cor \u00c9 Rosa&#8221;, &#8220;Coragem&#8221; e &#8220;Partilhar&#8221;.<\/p>\n\n\n\n<figure class=\"wp-block-embed is-type-rich is-provider-spotify wp-block-embed-spotify wp-embed-aspect-21-9 wp-has-aspect-ratio\"><div class=\"wp-block-embed__wrapper\">\n<iframe title=\"Spotify Embed: Manduri Sessions\" style=\"border-radius: 12px\" width=\"100%\" height=\"352\" frameborder=\"0\" allowfullscreen allow=\"autoplay; clipboard-write; encrypted-media; fullscreen; picture-in-picture\" loading=\"lazy\" src=\"https:\/\/open.spotify.com\/embed\/album\/1zq0OfIQqK4ORMvkBxqTz7?si=0xQDE1MPTWeQ5eohxNfYxQ&#038;utm_source=oembed\"><\/iframe>\n<\/div><\/figure>\n\n\n\n<h2 class=\"wp-block-heading\">Will Santt<\/h2>\n\n\n\n<p>A Alma Music tem o prazer de anunciar o lan\u00e7amento do primeiro \u00e1lbum do cantor e compositor Will Santt, intitulado &#8220;Meu Caminho&#8221;, dispon\u00edvel em todas as plataformas de m\u00fasica. Gravado no renomado est\u00fadio Trama, o \u00e1lbum &#8220;Meu Caminho&#8221; \u00e9 fruto de uma parceria entre Will Santt e o produtor Jo\u00e3o Marcelo B\u00f4scoli.<\/p>\n\n\n\n<figure class=\"wp-block-embed is-type-rich is-provider-spotify wp-block-embed-spotify wp-embed-aspect-21-9 wp-has-aspect-ratio\"><div class=\"wp-block-embed__wrapper\">\n<iframe title=\"Spotify Embed: Meu Caminho\" style=\"border-radius: 12px\" width=\"100%\" height=\"352\" frameborder=\"0\" allowfullscreen allow=\"autoplay; clipboard-write; encrypted-media; fullscreen; picture-in-picture\" loading=\"lazy\" src=\"https:\/\/open.spotify.com\/embed\/album\/4lSvhVJ3rxjjA3fdOkBnzS?referral=labelaffiliate&#038;utm_source=oembed&#038;utm_medium=Indie_Believe&#038;utm_campaign=labelaffiliate\"><\/iframe>\n<\/div><\/figure>\n\n\n\n<h2 class=\"wp-block-heading\">Lucas e Orelha<\/h2>\n\n\n\n<p>Com mais de 10 milh\u00f5es de plays s\u00f3 no Spotify, o projeto \u201cVirou Pagode\u201d chega \u00e0 sua nona edi\u00e7\u00e3o em agosto. A partir desta sexta-feira (16), Lucas e Orelha liberam mais tr\u00eas faixas autorais com regrava\u00e7\u00f5es in\u00e9ditas nas plataformas de m\u00fasica e no YouTube. \u201cPreta Perfeita\u201d, \u201cTempo ao Tempo\u201d e \u201cTarde Demais\u201d comp\u00f5em o EP, um lan\u00e7amento da Mousik.<\/p>\n\n\n\n<figure class=\"wp-block-embed is-type-video is-provider-youtube wp-block-embed-youtube wp-embed-aspect-16-9 wp-has-aspect-ratio\"><div class=\"wp-block-embed__wrapper\">\n<iframe loading=\"lazy\" title=\"Virou Pagode #9: Preta Perfeita \/ Tempo ao Tempo \/ Tarde Demais - Lucas e Orelha, Mousik\" width=\"880\" height=\"495\" src=\"https:\/\/www.youtube.com\/embed\/cHW6emQU6bs?feature=oembed\" frameborder=\"0\" allow=\"accelerometer; autoplay; clipboard-write; encrypted-media; gyroscope; picture-in-picture; web-share\" referrerpolicy=\"strict-origin-when-cross-origin\" allowfullscreen><\/iframe>\n<\/div><\/figure>\n\n\n\n<h2 class=\"wp-block-heading\">Os Quebradeiras<\/h2>\n\n\n\n<p>Ainda celebrando o recente sucesso da participa\u00e7\u00e3o especial na turn\u00ea da Anitta na Europa, onde se apresentaram nos shows de Paris, Londres e Mil\u00e3o, e ap\u00f3s assinarem contrato com a l\u00edder em distribui\u00e7\u00e3o digital global, a Believe, Os Quebradeiras anunciam mais uma novidade. Fazendo um verdadeiro interc\u00e2mbio cultural, eles liberam o single in\u00e9dito \u201cBaila Comigo\u201d em parceria com o artista angolano Scr\u00f3 Que Cuia e o parceiro de longa data, DJ Zullu, no dia 16 de agosto, sexta-feira, em todas as plataformas de streaming e no YouTube.<\/p>\n\n\n\n<figure class=\"wp-block-embed is-type-video is-provider-youtube wp-block-embed-youtube wp-embed-aspect-16-9 wp-has-aspect-ratio\"><div class=\"wp-block-embed__wrapper\">\n<iframe loading=\"lazy\" title=\"Baila Comigo - Os Quebradeiras, DJ Zullu, Scro Que Cuia, Machadez\" width=\"880\" height=\"495\" src=\"https:\/\/www.youtube.com\/embed\/v1WdQTMrLNs?feature=oembed\" frameborder=\"0\" allow=\"accelerometer; autoplay; clipboard-write; encrypted-media; gyroscope; picture-in-picture; web-share\" referrerpolicy=\"strict-origin-when-cross-origin\" allowfullscreen><\/iframe>\n<\/div><\/figure>\n\n\n\n<h2 class=\"wp-block-heading\">Kysha e Mine<\/h2>\n\n\n\n<p>A dupla Kysha e Mine convidou a MC Divertida para um feat musical in\u00e9dito que promete n\u00e3o deixar ningu\u00e9m parado. Com produ\u00e7\u00e3o do DJ 2F, \u201cTIK TAKA\u201d traz toda a energia impressa das artistas numa sonoridade pop funk e com uma letra chiclete que tem tudo para agradar o p\u00fablico. O lan\u00e7amento estar\u00e1 dispon\u00edvel a partir deste s\u00e1bado, 17 de agosto, nas plataformas de streaming e no YouTube.<\/p>\n\n\n\n<h2 class=\"wp-block-heading\">Gabriel Froede<\/h2>\n\n\n\n<p>Aos 26 anos, com mais de 65 milho\u0303es de streams, trabalhos aclamados pelo pu\u0301blico e pela cri\u0301tica, e colabora\u00e7\u00f5es de feats e composi\u00e7\u00f5es com Vitor Kley, Carol Biazin, Ana Gabriela e KVSH, o mineiro Gabriel Froede vai chegando ao mainstream pelas beiradas, se posicionando como uma das principais apostas da nova gera\u00e7\u00e3o do pop brasileira. Prestes a lan\u00e7ar seu novo \u00e1lbum, o artista libera o segundo single, chamado &#8220;Um Pouco Mais&#8221;, em que convida o p\u00fablico para uma reflex\u00e3o profunda sobre a efemeridade das rela\u00e7\u00f5es e a busca por algo verdadeiro e duradouro. A can\u00e7\u00e3o coloca Gabriel em um lugar de vulnerabilidade, ansiedade e perda, refletindo a luta do artista ao gritar para o mundo as suas frustra\u00e7\u00f5es.<\/p>\n\n\n\n<figure class=\"wp-block-embed is-type-rich is-provider-spotify wp-block-embed-spotify wp-embed-aspect-21-9 wp-has-aspect-ratio\"><div class=\"wp-block-embed__wrapper\">\n<iframe title=\"Spotify Embed: Um pouco mais\" style=\"border-radius: 12px\" width=\"100%\" height=\"352\" frameborder=\"0\" allowfullscreen allow=\"autoplay; clipboard-write; encrypted-media; fullscreen; picture-in-picture\" loading=\"lazy\" src=\"https:\/\/open.spotify.com\/embed\/album\/4agM9MbPpssU0zcJCf5jXs?go=1&#038;nd=1&#038;dlsi=9d3b77e86f1442dd&#038;utm_source=oembed\"><\/iframe>\n<\/div><\/figure>\n\n\n\n<h2 class=\"wp-block-heading\">Guilherme &amp; Benuto<\/h2>\n\n\n\n<p>\u201cIn Casa\u201d, projeto intimista de Guilherme &amp; Benuto, j\u00e1 est\u00e1 dispon\u00edvel por completo em todas as plataformas digitais. Gravado na casa de Benuto, o DVD foi a realiza\u00e7\u00e3o de um sonho que os irm\u00e3os compartilhavam. F\u00e3s de encontros com amigos e uma boa divers\u00e3o, eles quiseram compartilhar um pouco deste lado descontra\u00eddo da dupla. S\u00e3o quatro faixas in\u00e9ditas que completam o \u201cIn Casa\u201d: \u201cT\u00e9rmino covarde\u201d, \u201cPneu e gasolina\u201d, \u201cDose de desapego\u201d e \u201cGotinha\u201d.<\/p>\n\n\n\n<figure class=\"wp-block-embed is-type-rich is-provider-spotify wp-block-embed-spotify wp-embed-aspect-21-9 wp-has-aspect-ratio\"><div class=\"wp-block-embed__wrapper\">\n<iframe title=\"Spotify Embed: In Casa - Ao Vivo\" style=\"border-radius: 12px\" width=\"100%\" height=\"352\" frameborder=\"0\" allowfullscreen allow=\"autoplay; clipboard-write; encrypted-media; fullscreen; picture-in-picture\" loading=\"lazy\" src=\"https:\/\/open.spotify.com\/embed\/album\/6HRnBP63zoxLHmmfeovVMX?go=1&#038;utm_source=oembed\"><\/iframe>\n<\/div><\/figure>\n\n\n\n<h2 class=\"wp-block-heading\">Gabrielzinho<\/h2>\n\n\n\n<p>O cantor e compositor Gabrielzinho compartilha a segunda parte do audiovisual \u201cNo Corre\u201d. O compilado traz a faixa de trabalho \u201cBrincando de Namorar\u201d, um pagode animado e apaixonado. O lan\u00e7amento tamb\u00e9m apresenta as in\u00e9ditas \u201cM\u00f3 Parada\u201d e \u201cNosso Baile\u201d, que se juntam \u00e0s j\u00e1 lan\u00e7adas \u201cEx que Pega Ex\u201d, em parceria com a Turma do Pagode, \u201cVagabundo de Sorte\u201d, que traz Dilsinho como um dos compositores, \u201cQueimando\u201d e \u201cRua do Sapateiro\u201d, formando o volume 2 do projeto audiovisual que chega para destacar o pagodeiro como expoente da cena. \u201cBrincando de Namorar\u201d \u00e9 uma envolvente declara\u00e7\u00e3o, composta por Gabrielzinho, ao lado de Lipe Santos, Rhuan Andr\u00e9 e Di Luca. A faixa canta a hist\u00f3ria de um casal que diverge: um tem medo do compromisso, enquanto o outro deseja assumir o relacionamento.<\/p>\n\n\n\n<figure class=\"wp-block-embed is-type-rich is-provider-spotify wp-block-embed-spotify wp-embed-aspect-21-9 wp-has-aspect-ratio\"><div class=\"wp-block-embed__wrapper\">\n<iframe title=\"Spotify Embed: No Corre Vol. 02 - Ao Vivo\" style=\"border-radius: 12px\" width=\"100%\" height=\"352\" frameborder=\"0\" allowfullscreen allow=\"autoplay; clipboard-write; encrypted-media; fullscreen; picture-in-picture\" loading=\"lazy\" src=\"https:\/\/open.spotify.com\/embed\/album\/4vl5CRw99JTtThxfJF6YRk?go=1&#038;nd=1&#038;dlsi=ba973adcc30e48c1&#038;utm_source=oembed\"><\/iframe>\n<\/div><\/figure>\n\n\n\n<h2 class=\"wp-block-heading\">Mc Gabzin<\/h2>\n\n\n\n<p>Mc Gabzin lan\u00e7a a in\u00e9dita \u201cRebola Pra Mim\u201d. Ao lado do produtor Vitin do MT, o artista segue mostrando todo o charme do seu funk mel\u00f3dico. O beat envolvente se transforma num pedido de reconcilia\u00e7\u00e3o de um homem que quer superar as brigas com a parceira. O lan\u00e7amento da faixa precede a estreia de Mc Gabzin no Rock in Rio 2024. O artista foi convidado por WC no Beat e desembarca na cidade do rock no dia 19 de setembro para uma apresenta\u00e7\u00e3o eletrizante.<\/p>\n\n\n\n<figure class=\"wp-block-embed is-type-rich is-provider-spotify wp-block-embed-spotify wp-embed-aspect-21-9 wp-has-aspect-ratio\"><div class=\"wp-block-embed__wrapper\">\n<iframe title=\"Spotify Embed: Rebola Pra Mim\" style=\"border-radius: 12px\" width=\"100%\" height=\"152\" frameborder=\"0\" allowfullscreen allow=\"autoplay; clipboard-write; encrypted-media; fullscreen; picture-in-picture\" loading=\"lazy\" src=\"https:\/\/open.spotify.com\/embed\/track\/47Ys1ATOPFJGm1Tx0LqH4Q?go=1&#038;utm_source=oembed\"><\/iframe>\n<\/div><\/figure>\n\n\n\n<h2 class=\"wp-block-heading\">DJ Batata<\/h2>\n\n\n\n<p>Luana a Famosa \u00e9 um \u201cFurac\u00e3o de Mulher\u201d ao lado de DJ Batata. En\u00e9rgica e confiante, a faixa chega como um mantra para exaltar as m\u00faltiplas qualidades femininas. Luana estreia no mundo da m\u00fasica com uma performance que cativa e conquista, enquanto DJ Batata entrega produ\u00e7\u00e3o, melodia e batidas criadas para agitar as pistas de dan\u00e7a. O single j\u00e1 est\u00e1 dispon\u00edvel nas plataformas de m\u00fasica e o v\u00eddeo pode ser assistido no YouTube. Respons\u00e1vel por v\u00e1rios sucessos, como \u201cDom Dom Dom\u201d, com Mc Pedrinho, \u201cQue Tiro Foi Esse?\u201d, de Jojo Maronttinni, \u201cAngra dos Reis\u201d, com Mc Daleste, entre outros, DJ Batata retorna \u00e0 cena para introduzir Luana Nobre como Luana a Famosa. O produtor se inspirou na personalidade dela para traduzir toda sua energia e vitalidade feminina numa faixa que representasse esse come\u00e7o.<\/p>\n\n\n\n<figure class=\"wp-block-embed is-type-rich is-provider-spotify wp-block-embed-spotify wp-embed-aspect-21-9 wp-has-aspect-ratio\"><div class=\"wp-block-embed__wrapper\">\n<iframe title=\"Spotify Embed: Furac\u00e3o de Mulher\" style=\"border-radius: 12px\" width=\"100%\" height=\"152\" frameborder=\"0\" allowfullscreen allow=\"autoplay; clipboard-write; encrypted-media; fullscreen; picture-in-picture\" loading=\"lazy\" src=\"https:\/\/open.spotify.com\/embed\/track\/50yKj51UDrxjYhfiCJcE6w?go=1&#038;nd=1&#038;dlsi=37052b22d042491d&#038;utm_source=oembed\"><\/iframe>\n<\/div><\/figure>\n\n\n\n<h2 class=\"wp-block-heading\">LISA e Rosalia<\/h2>\n\n\n\n<p>Em &#8220;New Woman&#8221;, LISA, participante do grupo de K-Pop BLACKPINK, convoca Rosal\u00eda, artista latina que tem seu talento admirado no mundo todo, para seu segundo single. Ap\u00f3s lan\u00e7ar a faixa &#8220;ROCKSTAR&#8221;, que figurou em diversos charts globais e j\u00e1 conta com mais de 160 milh\u00f5es de streams em menos de 2 meses, a tailandesa est\u00e1 pronta para dar o pr\u00f3ximo passo em sua carreira. Rosal\u00eda j\u00e1 \u00e9 uma artista que dispensa apresenta\u00e7\u00f5es. Um \u00edcone global, a espanhola conta com mais de 40 milh\u00f5es de ouvintes mensais e tem hits como &#8220;DESPECH\u00c1&#8221; E &#8220;CON ALTURA&#8221;, que chegam a marca do bilh\u00e3o em streams e visualiza\u00e7\u00f5es.<\/p>\n\n\n\n<figure class=\"wp-block-embed is-type-rich is-provider-spotify wp-block-embed-spotify wp-embed-aspect-21-9 wp-has-aspect-ratio\"><div class=\"wp-block-embed__wrapper\">\n<iframe title=\"Spotify Embed: New Woman (feat. ROSAL\u00cdA)\" style=\"border-radius: 12px\" width=\"100%\" height=\"152\" frameborder=\"0\" allowfullscreen allow=\"autoplay; clipboard-write; encrypted-media; fullscreen; picture-in-picture\" loading=\"lazy\" src=\"https:\/\/open.spotify.com\/embed\/track\/7ov3TDp5D00Rnu5R1viX4w?go=1&#038;nd=1&#038;dlsi=af6f6708335544ff&#038;utm_source=oembed\"><\/iframe>\n<\/div><\/figure>\n\n\n\n<h2 class=\"wp-block-heading\">Halsey<\/h2>\n\n\n\n<p>Ap\u00f3s o in\u00edcio de sua Nova Era, Halsey retorna com o aguardado single &#8220;Lonely in the Muse.&#8221; A cantora j\u00e1 havia causado burburinho ao revelar um trecho da m\u00fasica em Budapeste, onde declarou: &#8220;Para cada m\u00fasica pop da Halsey, h\u00e1 uma m\u00fasica de rock.&#8221; Com um estilo distinto do habitual, a faixa ser\u00e1 lan\u00e7ada no dia 15 de agosto, servindo como um elo entre o sucesso &#8220;Lucky&#8221; e o pr\u00f3ximo \u00e1lbum que est\u00e1 por vir.<\/p>\n\n\n\n<figure class=\"wp-block-embed is-type-rich is-provider-spotify wp-block-embed-spotify wp-embed-aspect-21-9 wp-has-aspect-ratio\"><div class=\"wp-block-embed__wrapper\">\n<iframe title=\"Spotify Embed: Lonely is the Muse\" style=\"border-radius: 12px\" width=\"100%\" height=\"352\" frameborder=\"0\" allowfullscreen allow=\"autoplay; clipboard-write; encrypted-media; fullscreen; picture-in-picture\" loading=\"lazy\" src=\"https:\/\/open.spotify.com\/embed\/album\/7pmdgUBwR0tLeE4OQtNdNj?utm_source=oembed\"><\/iframe>\n<\/div><\/figure>\n\n\n\n<h2 class=\"wp-block-heading\">Hitmaker, Anitta<\/h2>\n\n\n\n<p>Hitmaker e Anitta lan\u00e7am o single &#8221;Saudade&#8221; que promete ser mais um sucesso fruto da colabora\u00e7\u00e3o entre os dois amigos de longa data. &#8221;Geralmente as m\u00fasicas de saudade entre ex-namorados retratam uma trai\u00e7\u00e3o ao rolar um flashback. Ent\u00e3o quer\u00edamos falar sobre uma pessoa que sente saudade sim, assume seus sentimentos, mas que n\u00e3o ficaria com o ex por saber que ele est\u00e1 em um novo relacionamento. E \u00e9 uma fala que Anitta sempre disse aos quatro ventos, de que n\u00e3o se envolveria com algu\u00e9m comprometido\u201d, conta Wallace.<\/p>\n\n\n\n<figure class=\"wp-block-embed is-type-video is-provider-youtube wp-block-embed-youtube wp-embed-aspect-4-3 wp-has-aspect-ratio\"><div class=\"wp-block-embed__wrapper\">\n<iframe loading=\"lazy\" title=\"Saudade\" width=\"880\" height=\"660\" src=\"https:\/\/www.youtube.com\/embed\/eHgf4QJev3U?feature=oembed\" frameborder=\"0\" allow=\"accelerometer; autoplay; clipboard-write; encrypted-media; gyroscope; picture-in-picture; web-share\" referrerpolicy=\"strict-origin-when-cross-origin\" allowfullscreen><\/iframe>\n<\/div><\/figure>\n\n\n\n<h2 class=\"wp-block-heading\">Lucas Pretti<\/h2>\n\n\n\n<p>Lucas Pretti lan\u00e7a nesta sexta-feira (16) o single &#8221;Viciado em Viver&#8221;, acompanhado de um clipe intimista gravado pelo pr\u00f3prio artista e seus amigos durante uma viagem. A faixa Indie Pop chega celebrando a liberdade e o presente de viver o &#8221;aqui e agora&#8221;. &#8221;J\u00e1 tem tr\u00eas dias que eu t\u00f4 virado \/ Deu uma vontade de correr pro mar pelado \/ Seis da manh\u00e3, eu t\u00f4 no mercado \/ Comprando uma ma\u00e7\u00e3, duas garrafas de vinho \/ Descal\u00e7o \/ T\u00f4 indo encontrar voc\u00eas \/ Nem tenho o que fazer \/ Quero sentir tudo outra vez \/ T\u00f4 viciado em viver&#8221;, diz trecho da m\u00fasica.<\/p>\n\n\n\n<figure class=\"wp-block-embed is-type-rich is-provider-spotify wp-block-embed-spotify wp-embed-aspect-21-9 wp-has-aspect-ratio\"><div class=\"wp-block-embed__wrapper\">\n<iframe title=\"Spotify Embed: Viciado Em Viver\" style=\"border-radius: 12px\" width=\"100%\" height=\"352\" frameborder=\"0\" allowfullscreen allow=\"autoplay; clipboard-write; encrypted-media; fullscreen; picture-in-picture\" loading=\"lazy\" src=\"https:\/\/open.spotify.com\/embed\/album\/4pOPQckgVKsHI6QjS63yX4?utm_source=oembed\"><\/iframe>\n<\/div><\/figure>\n\n\n\n<h2 class=\"wp-block-heading\">Lary<\/h2>\n\n\n\n<p>&#8220;Com Amor, Lary &#8211; pt.2&#8221;. d\u00e1 continua\u00e7\u00e3o ao projeto de sucesso da cantora e compositora Lary. O trabalho chega acompanhado de um audiovisual gravado no MAC, em Niter\u00f3i, e estar\u00e1 dispon\u00edvel nesta sexta-feira (16). Ao contr\u00e1rio do bloco 1 que fala sobre empoderamento e amor pr\u00f3prio, Lary explora a sofr\u00eancia. \u201cDiferente da primeira parte do Com Amor, Lary, que \u00e9 marcada por mensagens de amor-pr\u00f3prio, empoderamento e encorajamento, a segunda parte do meu projeto explora as emo\u00e7\u00f5es mais profundas da &#8220;sofr\u00eancia&#8221;. O primeiro single desse bloco, Saudade Dura, j\u00e1 deu uma amostra do que est\u00e1 por vir, e agora estou prestes a lan\u00e7ar o restante, incluindo tr\u00eas faixas in\u00e9ditas. Todas elas abordam diferentes perspectivas de t\u00e9rminos de relacionamento, trazendo \u00e0 tona a dor e as reflex\u00f5es que acompanham o fim de um amor. Acho que muitas pessoas v\u00e3o se identificar com essas m\u00fasicas, afinal, quase todo mundo j\u00e1 passou por um t\u00e9rmino ou j\u00e1 sofreu por amor.&#8221;, diz Lary.<\/p>\n\n\n\n<figure class=\"wp-block-embed is-type-rich is-provider-spotify wp-block-embed-spotify wp-embed-aspect-21-9 wp-has-aspect-ratio\"><div class=\"wp-block-embed__wrapper\">\n<iframe title=\"Spotify Embed: Com Amor, Lary - Pt. 2 (Ao Vivo)\" style=\"border-radius: 12px\" width=\"100%\" height=\"352\" frameborder=\"0\" allowfullscreen allow=\"autoplay; clipboard-write; encrypted-media; fullscreen; picture-in-picture\" loading=\"lazy\" src=\"https:\/\/open.spotify.com\/embed\/album\/3OgIieYhPoul8UfFoeqEz9?utm_source=oembed\"><\/iframe>\n<\/div><\/figure>\n\n\n\n<h2 class=\"wp-block-heading\">Lukinhas<\/h2>\n\n\n\n<p>Lukinhas, um dos nomes mais influentes do pagode urbano, est\u00e1 prestes a agitar o cen\u00e1rio musical novamente com o lan\u00e7amento do remix de seu famoso single &#8221;100 Neurose&#8221;. O lan\u00e7amento, que acontece nesta sexta-feira (16), conta com a produ\u00e7\u00e3o do DJ VN Maestro, conhecido pelas suas colabora\u00e7\u00f5es de sucesso e quase 5 milh\u00f5es de ouvintes mensais apenas no Spotify.<\/p>\n\n\n\n<figure class=\"wp-block-embed is-type-rich is-provider-spotify wp-block-embed-spotify wp-embed-aspect-21-9 wp-has-aspect-ratio\"><div class=\"wp-block-embed__wrapper\">\n<iframe title=\"Spotify Embed: T\u00e3o Feliz\" style=\"border-radius: 12px\" width=\"100%\" height=\"352\" frameborder=\"0\" allowfullscreen allow=\"autoplay; clipboard-write; encrypted-media; fullscreen; picture-in-picture\" loading=\"lazy\" src=\"https:\/\/open.spotify.com\/embed\/album\/35wWNrUKdWpXc9HPwxTxA0?utm_source=oembed\"><\/iframe>\n<\/div><\/figure>\n\n\n\n<h2 class=\"wp-block-heading\">DNX<\/h2>\n\n\n\n<p>O rapper DNX prepara sua nova faixa, &#8220;Neutro e Decisivo&#8221;, que destaca sua autenticidade. A m\u00fasica que ser\u00e1 lan\u00e7ada nesta quinta-feira, ganha um lyric v\u00eddeo liberado ao meio-dia. O conceito do trabalho gira em torno da dualidade entre a neutralidade emocional e a firmeza nas decis\u00f5es, explorando temas como resili\u00eancia e a jornada pessoal de encontrar equil\u00edbrio. &#8221;Gravidade n\u00e3o me ajuda \/ Mas insisto na subida \/ T\u00f4 sem tempo pra descanso \/ Quero o topo da colina \/ Nem tenta se comparar \/ Quero ver voc\u00ea ganhar \/ Ent\u00e3o poupa do seu tempo\/ T\u00f4 querendo te ajudar&#8221;, diz trecho da track.<\/p>\n\n\n\n<figure class=\"wp-block-embed is-type-rich is-provider-spotify wp-block-embed-spotify wp-embed-aspect-21-9 wp-has-aspect-ratio\"><div class=\"wp-block-embed__wrapper\">\n<iframe title=\"Spotify Embed: Neutro e Decisivo\" style=\"border-radius: 12px\" width=\"100%\" height=\"352\" frameborder=\"0\" allowfullscreen allow=\"autoplay; clipboard-write; encrypted-media; fullscreen; picture-in-picture\" loading=\"lazy\" src=\"https:\/\/open.spotify.com\/embed\/album\/68WLleU9X4lQydaUkBGhac?utm_source=oembed\"><\/iframe>\n<\/div><\/figure>\n\n\n\n<h2 class=\"wp-block-heading\">Almar<\/h2>\n\n\n\n<p>O duo Almar composto por Santino e Bruna Souza, lan\u00e7a o EP \u201cCelebre\u201d, um compilado que re\u00fane remixes de seus maiores sucessos no ritmo eletr\u00f4nico. Com uma proposta inovadora, o EP que ser\u00e1 lan\u00e7ado nesta sexta-feira (16), chega acompanhado de um lyric video para cada faixa do projeto. O trabalho oferece tamb\u00e9m uma nova perspectiva dos artistas sobre suas m\u00fasicas, trazendo uma mistura aut\u00eantica de estilos e ritmos.<\/p>\n\n\n\n<figure class=\"wp-block-embed is-type-rich is-provider-spotify wp-block-embed-spotify wp-embed-aspect-21-9 wp-has-aspect-ratio\"><div class=\"wp-block-embed__wrapper\">\n<iframe title=\"Spotify Embed: Celebre\" style=\"border-radius: 12px\" width=\"100%\" height=\"352\" frameborder=\"0\" allowfullscreen allow=\"autoplay; clipboard-write; encrypted-media; fullscreen; picture-in-picture\" loading=\"lazy\" src=\"https:\/\/open.spotify.com\/embed\/album\/0ZQ6M1SpxCB1a5uKuTVdHk?utm_source=oembed\"><\/iframe>\n<\/div><\/figure>\n\n\n\n<h2 class=\"wp-block-heading\">MC GW, DJ 2F, DJ Caetano e KR<\/h2>\n\n\n\n<p>Na onda do sucesso das MTGs (ou montagens), duas m\u00fasicas que s\u00e3o grandes sucessos da cantora Ludmilla prometem se destacar dentro desta nova tend\u00eancia. Lan\u00e7ada em 2019, \u201cA Boba Fui Eu\u201d faz parte do \u00e1lbum \u2018Hello Mundo\u2019 da artista e continua sendo um hit at\u00e9 os dias atuais. Agora, nesta sexta-feira, 16 de agosto, a vers\u00e3o \u201cMTG A Lei do Retorno (A Boba Fui Eu)\u201d ser\u00e1 lan\u00e7ada pela Warner Music Brasil, com produ\u00e7\u00e3o da Mousik, produ\u00e7\u00e3o musical de DJ Caetano e novos vocais de MC GW, que se misturam ao conhecido refr\u00e3o na voz de Lud: \u201cQuem mandou eu me apaixonar\/Quem mandou eu n\u00e3o me controlar\/Quem mandou eu me entregar\/Quem mandou eu me apegar\/A boba fui eu, a boba fui eu\u201d. O lan\u00e7amento estar\u00e1 dispon\u00edvel nas plataformas de streaming e no YouTube.<\/p>\n\n\n\n<figure class=\"wp-block-embed is-type-rich is-provider-spotify wp-block-embed-spotify wp-embed-aspect-21-9 wp-has-aspect-ratio\"><div class=\"wp-block-embed__wrapper\">\n<iframe title=\"Spotify Embed: Lei do Retorno (A Boba Fui Eu)\" style=\"border-radius: 12px\" width=\"100%\" height=\"352\" frameborder=\"0\" allowfullscreen allow=\"autoplay; clipboard-write; encrypted-media; fullscreen; picture-in-picture\" loading=\"lazy\" src=\"https:\/\/open.spotify.com\/embed\/album\/55z3HslMpzz2ZzzeXlce17?go=1&#038;referral=labelaffiliate&#038;utm_source=oembed&#038;utm_medium=Warner_Brazil&#038;utm_campaign=labelaffiliate&#038;nd=1&#038;dlsi=d342c9cc0d394ebb\"><\/iframe>\n<\/div><\/figure>\n\n\n\n<h2 class=\"wp-block-heading\">Benson Boone<\/h2>\n\n\n\n<p>Benson Boone lan\u00e7a, nesta sexta-feira, 16 de agosto, a can\u00e7\u00e3o \u201c Pretty Slowly \u201d, um lan\u00e7amento muito aguardado e pedido pelos f\u00e3s, que chega acompanhado por um videoclipe oficial, com distribui\u00e7\u00e3o nacional da Warner Music Brasil .<\/p>\n\n\n\n<figure class=\"wp-block-embed is-type-rich is-provider-spotify wp-block-embed-spotify wp-embed-aspect-21-9 wp-has-aspect-ratio\"><div class=\"wp-block-embed__wrapper\">\n<iframe title=\"Spotify Embed: Pretty Slowly\" style=\"border-radius: 12px\" width=\"100%\" height=\"352\" frameborder=\"0\" allowfullscreen allow=\"autoplay; clipboard-write; encrypted-media; fullscreen; picture-in-picture\" loading=\"lazy\" src=\"https:\/\/open.spotify.com\/embed\/album\/6P8euK0BjgTqallJTGoJTX?utm_source=oembed\"><\/iframe>\n<\/div><\/figure>\n\n\n\n<h2 class=\"wp-block-heading\">Foster The People<\/h2>\n\n\n\n<p>A banda Foster The People lan\u00e7a o novo \u00e1lbum de est\u00fadio &#8216; &#8216;Paradise State Of Mind &#8221;, nesta sexta-feira (16), pela Atlantic Records, com distribui\u00e7\u00e3o nacional Warner Music Brasil .<\/p>\n\n\n\n<figure class=\"wp-block-embed is-type-rich is-provider-spotify wp-block-embed-spotify wp-embed-aspect-21-9 wp-has-aspect-ratio\"><div class=\"wp-block-embed__wrapper\">\n<iframe title=\"Spotify Embed: Paradise State of Mind\" style=\"border-radius: 12px\" width=\"100%\" height=\"352\" frameborder=\"0\" allowfullscreen allow=\"autoplay; clipboard-write; encrypted-media; fullscreen; picture-in-picture\" loading=\"lazy\" src=\"https:\/\/open.spotify.com\/embed\/album\/27ynHS80OjICdw3qLNMgQP?utm_source=oembed\"><\/iframe>\n<\/div><\/figure>\n\n\n\n<h2 class=\"wp-block-heading\">Claudia Leitte e Manu Bahtid\u00e3o<\/h2>\n\n\n\n<p>Claudia Leitte anuncia \u201cInfinito\u201d, dueto ao vivo com Manu Bahtid\u00e3o. A faixa ganha o mundo no primeiro minuto desta sexta-feira (16), com videoclipe disponibilizado ao meio-dia da mesma data. \u201c\u2018Infinito\u2019 \u00e9 uma can\u00e7\u00e3o linda, sobre a resili\u00eancia do amor em meio aos desafios. Me identifico muito com ela e espero que mais gente se sinta assim\u201d, explica a cantora. \u201cA gente j\u00e1 passou por tanta coisa nessa vida \/ O cora\u00e7\u00e3o criou maturidade\u201d, cantam os primeiros versos da can\u00e7\u00e3o, que narra um amor que vence os obst\u00e1culos, seguindo forte e vivo. Rafinha RSQ (conhecido por hits de Anitta e Pabllo Vittar) assina a composi\u00e7\u00e3o, ao lado de nomes como Shylton, BK e Diego Bar\u00e3o. Por sua vez, a produ\u00e7\u00e3o ficou por conta de Torcuato Mariano.<\/p>\n\n\n\n<figure class=\"wp-block-embed is-type-rich is-provider-spotify wp-block-embed-spotify wp-embed-aspect-21-9 wp-has-aspect-ratio\"><div class=\"wp-block-embed__wrapper\">\n<iframe title=\"Spotify Embed: Infinito (Ao Vivo)\" style=\"border-radius: 12px\" width=\"100%\" height=\"352\" frameborder=\"0\" allowfullscreen allow=\"autoplay; clipboard-write; encrypted-media; fullscreen; picture-in-picture\" loading=\"lazy\" src=\"https:\/\/open.spotify.com\/embed\/album\/3nSJ20myAqVnumavHMSxnA?utm_source=oembed\"><\/iframe>\n<\/div><\/figure>\n\n\n\n<h2 class=\"wp-block-heading\">Chico Batera<\/h2>\n\n\n\n<p>Um senhor do mundo, Chico Batera conecta Madureira, Cuba e Estados Unidos em sua nova m\u00fasica, &#8220;Atrevida&#8221;, um feat com a rapper carioca Lisa Castro, que chega ao streaming dia 16 de agosto. Aos 81 anos, o baterista de Chico Buarque e um dos m\u00fasicos brasileiros mais respeitados no mundo sente-se renovado com o lan\u00e7amento do single, que une a harmonia da m\u00fasica cubana que tanto o influenciou, a batucada do samba que corre em suas veias e a poesia do rap.<\/p>\n\n\n\n<figure class=\"wp-block-embed is-type-rich is-provider-spotify wp-block-embed-spotify wp-embed-aspect-21-9 wp-has-aspect-ratio\"><div class=\"wp-block-embed__wrapper\">\n<iframe title=\"Spotify Embed: Atrevida\" style=\"border-radius: 12px\" width=\"100%\" height=\"352\" frameborder=\"0\" allowfullscreen allow=\"autoplay; clipboard-write; encrypted-media; fullscreen; picture-in-picture\" loading=\"lazy\" src=\"https:\/\/open.spotify.com\/embed\/album\/3FuNrFzohXbS205fO1qhaz?utm_source=oembed\"><\/iframe>\n<\/div><\/figure>\n\n\n\n<h2 class=\"wp-block-heading\">T\u00e1ssia Reis<\/h2>\n\n\n\n<p>&#8220;N\u00e3o, n\u00e3o vou calar, n\u00e3o vou correr, nem me sujeitar pra te obedecer&#8221;. \u00c9 dessa forma, despida de qualquer armadura que a cantora e compositora paulistana T\u00e1ssia Reis recupera o f\u00f4lego para ecoar sua voz no refr\u00e3o de \u201cAsfalto Selvagem\u201d. O novo single narra a rela\u00e7\u00e3o da artista com a periferia de Jacare\u00ed, interior de S\u00e3o Paulo, onde nasceu e cresceu, e o impacto do samba nas ramifica\u00e7\u00f5es de quem se \u00e9. Nomeado com a influ\u00eancia da m\u00fasica &#8220;Poema R\u00edtmico do Malandro&#8221;, de Zito Righi e Seu Conjunto, o novo single chega \u00e0s plataformas de streaming.<\/p>\n\n\n\n<figure class=\"wp-block-embed is-type-rich is-provider-spotify wp-block-embed-spotify wp-embed-aspect-21-9 wp-has-aspect-ratio\"><div class=\"wp-block-embed__wrapper\">\n<iframe title=\"Spotify Embed: Asfalto Selvagem\" style=\"border-radius: 12px\" width=\"100%\" height=\"352\" frameborder=\"0\" allowfullscreen allow=\"autoplay; clipboard-write; encrypted-media; fullscreen; picture-in-picture\" loading=\"lazy\" src=\"https:\/\/open.spotify.com\/embed\/album\/3l7cmXYZgUZz7DH3o1YtD8?utm_source=oembed\"><\/iframe>\n<\/div><\/figure>\n\n\n\n<h2 class=\"wp-block-heading\">V\u00edrus Carinhoso<\/h2>\n\n\n\n<p>Ponto de encontro entre a arte, a vida e a transforma\u00e7\u00e3o de um luto, o novo lan\u00e7amento do multiartista soteropolitano eterniza a mem\u00f3ria de Scank. O single apresentado por V\u00edrus Carinhoso em novembro de 2022 se desdobra, agora, em um registro audiovisual em que o cantor, compositor e dan\u00e7arino versa sobre a for\u00e7a de se reerguer e a import\u00e2ncia da rua para o seu desenvolvimento art\u00edstico. \u201cSCANK VIVE\u201d (remix), em sua nova vers\u00e3o, ecoa o mantra \u201ceu j\u00e1 venci, eu descobri o que h\u00e1 em mim e todo o meu valor\u201d, e chega \u00e0s plataformas digitais acompanhado de videoclipe no canal de YouTube de V\u00edrus.<\/p>\n\n\n\n<figure class=\"wp-block-embed is-type-video is-provider-youtube wp-block-embed-youtube wp-embed-aspect-16-9 wp-has-aspect-ratio\"><div class=\"wp-block-embed__wrapper\">\n<iframe loading=\"lazy\" title=\"SCANK VIVE - V\u00edrus, Zamba (Remix)\" width=\"880\" height=\"495\" src=\"https:\/\/www.youtube.com\/embed\/TMg_6EnZ6sM?feature=oembed\" frameborder=\"0\" allow=\"accelerometer; autoplay; clipboard-write; encrypted-media; gyroscope; picture-in-picture; web-share\" referrerpolicy=\"strict-origin-when-cross-origin\" allowfullscreen><\/iframe>\n<\/div><\/figure>\n\n\n\n<h2 class=\"wp-block-heading\">Xande<\/h2>\n\n\n\n<p>Em projeto solo, Xande (que tamb\u00e9m \u00e9 guitarrista do Macucos, banda ic\u00f4nica e patrim\u00f4nio cultural do Esp\u00edrito Santo) anuncia o lan\u00e7amento de \u201cEla Me Faz T\u00e3o Bem\u201d. A produ\u00e7\u00e3o ficou a cargo de Rodolfo Simor, indicado duas vezes ao Latin Grammys, sendo uma delas por ter mixado e produzido \u201cSilva Canta Marisa\u201d, \u00e1lbum em que o cantor Silva homenageia a grande Marisa Monte.<\/p>\n\n\n\n<figure class=\"wp-block-embed is-type-rich is-provider-spotify wp-block-embed-spotify wp-embed-aspect-21-9 wp-has-aspect-ratio\"><div class=\"wp-block-embed__wrapper\">\n<iframe title=\"Spotify Embed: Ela Me Faz T\u00e3o Bem\" style=\"border-radius: 12px\" width=\"100%\" height=\"352\" frameborder=\"0\" allowfullscreen allow=\"autoplay; clipboard-write; encrypted-media; fullscreen; picture-in-picture\" loading=\"lazy\" src=\"https:\/\/open.spotify.com\/embed\/album\/0ZaP9lIcLoTlyHX387eSeu?go=1&#038;sp_cid=903cbc2290d77403700d04625c2930dc&#038;utm_source=oembed&#038;utm_medium=desktop&#038;nd=1&#038;dlsi=dc46a62ab4f64a03\"><\/iframe>\n<\/div><\/figure>\n\n\n\n<h2 class=\"wp-block-heading\">Bressan e MC Pelourinho<\/h2>\n\n\n\n<p>Ap\u00f3s relan\u00e7ar o sucesso \u201cSer\u00e1 Que Advinha\u201d, Bressan vem com tudo em mais uma parceria que promete agitar e colocar todo mundo para dan\u00e7ar ao lado de MC Pelourinho em \u201cDepois do Samba\u201d, que chega aos apps de m\u00fasica em 16 de agosto e \u00e9 produzida por Zain, respons\u00e1vel por sucessos de Anitta, MC Zaac, Lourena, entre outros grandes nomes do Brasil. Com a sonoridade que mescla o funk e o pagode, a faixa \u00e9 para ser leve, divertida e gostosa e explora aquele romance que nasce no rol\u00ea e que vai de uma roda de samba e acaba com um after no funk. \u201cFiz essa m\u00fasica com a inten\u00e7\u00e3o de mostrar versatilidade e unir meu pagode com o funk que s\u00f3 MC Pelourinho faz. Ele \u00e9 um talento tanto na escrita, quanto cantando, trazer um pouco da minha m\u00fasica pra perto do som dele \u00e9 algo que me faz crescer como artista, principalmente por ouvir e gostar das influ\u00eancias que temos no trap\/funk na atualidade. \u2018Depois do Samba\u2019 \u00e9 um after em forma de m\u00fasica, leve e com uma melodia chiclete, tenho certeza que meus f\u00e3s ir\u00e3o gostar.\u201d, revelou.<\/p>\n\n\n\n<figure class=\"wp-block-embed is-type-rich is-provider-spotify wp-block-embed-spotify wp-embed-aspect-21-9 wp-has-aspect-ratio\"><div class=\"wp-block-embed__wrapper\">\n<iframe title=\"Spotify Embed: Depois do samba\" style=\"border-radius: 12px\" width=\"100%\" height=\"352\" frameborder=\"0\" allowfullscreen allow=\"autoplay; clipboard-write; encrypted-media; fullscreen; picture-in-picture\" loading=\"lazy\" src=\"https:\/\/open.spotify.com\/embed\/album\/7DFFejVxp0zlQN5JrFjcVO?utm_source=oembed\"><\/iframe>\n<\/div><\/figure>\n\n\n\n<h2 class=\"wp-block-heading\">Mais lan\u00e7amentos<\/h2>\n\n\n\n<p>Jorge &amp; Mateus &#8211; <a href=\"https:\/\/open.spotify.com\/intl-pt\/album\/711n0ABtpMF0SjSuDrM1PK\" target=\"_blank\" rel=\"noopener\">Xonei<\/a><br>Gustavo Mioto &#8211; <a href=\"https:\/\/open.spotify.com\/intl-pt\/album\/64p7CrFGlKyEFvAnv3P0D4\" target=\"_blank\" rel=\"noopener\">Ac\u00fastico do Nada<\/a><br>Davi Kneip, Melody &#8211; <a href=\"https:\/\/open.spotify.com\/intl-pt\/track\/3Jb3FqOJ91gYPytnrjq8ak\" target=\"_blank\" rel=\"noopener\">Livramento<\/a><\/p>\n\n\n\n<h2 class=\"wp-block-heading\">Indica\u00e7\u00f5es Groover<\/h2>\n\n\n\n<h3 class=\"wp-block-heading\">Artso<\/h3>\n\n\n\n<p>Artso \u00e9 um artista independente com cinco anos de estrada. Seu novo single, &#8220;Cantando Esta\u00e7\u00f5es&#8221;, \u00e9 uma can\u00e7\u00e3o pessoal, que fala sobre o fim de um relacionamento e as emo\u00e7\u00f5es que a gente sente nessa hora. A vibe \u00e9 indie rock com um toque de shoegaze, e as refer\u00eancias v\u00e3o de Phoebe Bridgers a My Bloody Valentine.<\/p>\n\n\n\n<figure class=\"wp-block-embed is-type-rich is-provider-spotify wp-block-embed-spotify wp-embed-aspect-21-9 wp-has-aspect-ratio\"><div class=\"wp-block-embed__wrapper\">\n<iframe title=\"Spotify Embed: Cantando Esta\u00e7\u00f5es\" style=\"border-radius: 12px\" width=\"100%\" height=\"352\" frameborder=\"0\" allowfullscreen allow=\"autoplay; clipboard-write; encrypted-media; fullscreen; picture-in-picture\" loading=\"lazy\" src=\"https:\/\/open.spotify.com\/embed\/album\/66cw7MeVEllTZ9wuIzdDv8?utm_source=oembed\"><\/iframe>\n<\/div><\/figure>\n\n\n\n<p>Barang &#8211; <a href=\"https:\/\/open.spotify.com\/intl-fr\/track\/1Tbt8OaAnOyIK9IJ189rNm\" target=\"_blank\" rel=\"noopener\">Speechless<\/a><br>Meera Naz &#8211; <a href=\"https:\/\/open.spotify.com\/track\/3fFypJHEdEQoQEsgHA0wBL\" target=\"_blank\" rel=\"noopener\">Truth Is<\/a><br>MODEO &#8211; <a href=\"https:\/\/open.spotify.com\/track\/1wNMGeZGX3tLAtJG83OlSy\" target=\"_blank\" rel=\"noopener\">One Life<\/a><br>Trickster &#8211; <a href=\"https:\/\/open.spotify.com\/track\/3Qaj6nJeKH1vLoGV8O80HA\" target=\"_blank\" rel=\"noopener\">Still Kicking<\/a><br>Eric Wink &#8211; <a href=\"https:\/\/open.spotify.com\/track\/1hbX7B9ccxNRKX74co2D4H\" target=\"_blank\" rel=\"noopener\">Seen<\/a><br>Estella Dawn &#8211; <a href=\"https:\/\/www.dropbox.com\/scl\/fo\/2b7iqsngjtgp0yin5lm61\/h?rlkey=jmm1sz14nc8004qfx1x3yjvbm&amp;dl=0\" target=\"_blank\" rel=\"noopener\">My Kind<\/a><br>Caf\u00e9 da Manh\u00e3 &#8211; <a href=\"https:\/\/open.spotify.com\/intl-de\/track\/4NAcWo0eDassS0nQjDGbi1?si=d8a020ee6f594302\" target=\"_blank\" rel=\"noopener\">Fruta de Palmeira<\/a><br>DJ G-String &#8211; <a href=\"https:\/\/open.spotify.com\/intl-pt\/album\/09ICVwDlukvi3C5MTogyex\" target=\"_blank\" rel=\"noopener\">Drain You<\/a><br>The Illumin8tives &#8211; <a href=\"https:\/\/soundcloud.com\/theillumin8tives\/the-code-mane?utm_source=clipboard&amp;utm_medium=text&amp;utm_campaign=social_sharing&amp;si=2b96d5bc6bf54110875e55be4130f76e\" target=\"_blank\" rel=\"noopener\">The Code Mane<\/a><br>I am NO1 &#8211; <a href=\"https:\/\/youtu.be\/I527mGksy8I\" target=\"_blank\" rel=\"noopener\">Here and Now<\/a><\/p>\n\n\n\n<p><\/p>","protected":false},"excerpt":{"rendered":"<p>A terceira sexta-feira de agosto chegou com tudo! Entre os lan\u00e7amentos desta semana temos o novo compilado da revela\u00e7\u00e3o do pop Thiago Pantale\u00e3o. Al\u00e9m dele, Lady Gaga com Bruno Mars, Hitmaker com Anitta, Lary, Gabriel Froede, Xande e Halsey, tamb\u00e9m lan\u00e7aram novidades. O POP Mais ainda separou uma lista de indica\u00e7\u00f5es que recebemos na plataforma [&hellip;]<\/p>\n","protected":false},"author":2,"featured_media":215422,"comment_status":"closed","ping_status":"open","sticky":false,"template":"","format":"standard","meta":{"footnotes":""},"categories":[2164],"tags":[560,228,10062],"class_list":["post-215391","post","type-post","status-publish","format-standard","has-post-thumbnail","hentry","category-lancamentos","tag-bruno-mars","tag-lady-gaga","tag-thiago-pantaleao"],"_links":{"self":[{"href":"https:\/\/portalpopmais.com.br\/en\/wp-json\/wp\/v2\/posts\/215391","targetHints":{"allow":["GET"]}}],"collection":[{"href":"https:\/\/portalpopmais.com.br\/en\/wp-json\/wp\/v2\/posts"}],"about":[{"href":"https:\/\/portalpopmais.com.br\/en\/wp-json\/wp\/v2\/types\/post"}],"author":[{"embeddable":true,"href":"https:\/\/portalpopmais.com.br\/en\/wp-json\/wp\/v2\/users\/2"}],"replies":[{"embeddable":true,"href":"https:\/\/portalpopmais.com.br\/en\/wp-json\/wp\/v2\/comments?post=215391"}],"version-history":[{"count":0,"href":"https:\/\/portalpopmais.com.br\/en\/wp-json\/wp\/v2\/posts\/215391\/revisions"}],"wp:featuredmedia":[{"embeddable":true,"href":"https:\/\/portalpopmais.com.br\/en\/wp-json\/wp\/v2\/media\/215422"}],"wp:attachment":[{"href":"https:\/\/portalpopmais.com.br\/en\/wp-json\/wp\/v2\/media?parent=215391"}],"wp:term":[{"taxonomy":"category","embeddable":true,"href":"https:\/\/portalpopmais.com.br\/en\/wp-json\/wp\/v2\/categories?post=215391"},{"taxonomy":"post_tag","embeddable":true,"href":"https:\/\/portalpopmais.com.br\/en\/wp-json\/wp\/v2\/tags?post=215391"}],"curies":[{"name":"wp","href":"https:\/\/api.w.org\/{rel}","templated":true}]}}