{"id":215809,"date":"2024-08-26T05:54:33","date_gmt":"2024-08-26T08:54:33","guid":{"rendered":"https:\/\/portalpopmais.com.br\/?p=215809"},"modified":"2024-08-26T05:54:36","modified_gmt":"2024-08-26T08:54:36","slug":"globo-cancela-especial-marilia-mendonca","status":"publish","type":"post","link":"https:\/\/portalpopmais.com.br\/en\/globo-cancela-especial-marilia-mendonca\/","title":{"rendered":"Globo cancela especial de Mar\u00edlia Mendon\u00e7a por conta de briga da fam\u00edlia com Maiara e Maraisa"},"content":{"rendered":"<p class=\"wp-block-paragraph\">A Globo decidiu cancelar uma edi\u00e7\u00e3o do Som Brasil que faria homenagem \u00e0 <strong><a href=\"https:\/\/portalpopmais.com.br\/en\/letra-experiencia-henrique-casttro-e-marilia-mendonca\/\" data-type=\"post\" data-id=\"212894\">Mar\u00edlia Mendon\u00e7a<\/a><\/strong>, falecida em 2021. Segundo informa\u00e7\u00f5es da Folha de S.Paulo, o motivo se deu por diverg\u00eancias com a fam\u00edlia da cantora no momento de negociar os convidados que iriam dar depoimento. O programa agora ser\u00e1 homenagem a Djavan e vai ao ar em novembro.<\/p>\n\n\n\n<p class=\"wp-block-paragraph\">De acordo com a publica\u00e7\u00e3o, os produtores do programa estavam negociando com o elenco de pessoas que iriam depor na atra\u00e7\u00e3o, incluindo familiares e cantores sertanejos, universo que deixou Mar\u00edlia famosa e no qual ela construiu sua carreira.<\/p>\n\n\n\n<div class=\"wp-block-group\"><div class=\"wp-block-group__inner-container is-layout-constrained wp-block-group-is-layout-constrained\">\n<h2 class=\"wp-block-heading\">Veja mais<\/h2>\n\n\n<ul class=\"wp-block-latest-posts__list is-grid aligncenter wp-block-latest-posts is-layout-flow wp-block-latest-posts-is-layout-flow\"><li><div class=\"wp-block-latest-posts__featured-image aligncenter\"><a href=\"https:\/\/portalpopmais.com.br\/en\/alias-bandetto-lanca-novo-single-que-une-emocao-atmosfera-cinematografica-e-influencias-retro\/\" aria-label=\"Alias Bandetto lan\u00e7a novo single que une emo\u00e7\u00e3o, atmosfera cinematogr\u00e1fica e influ\u00eancias retr\u00f4\"><img loading=\"lazy\" decoding=\"async\" width=\"768\" height=\"456\" src=\"https:\/\/portalpopmais.com.br\/wp-content\/uploads\/2026\/08\/prod_track-files_1844647_extra_pictures_Alias-Bandetto-e1788134705322-768x456.png\" class=\"attachment-medium size-medium wp-post-image\" alt=\"prod track files 1844647 extra pictures Alias Bandetto\" style=\"\" srcset=\"https:\/\/portalpopmais.com.br\/wp-content\/uploads\/2026\/08\/prod_track-files_1844647_extra_pictures_Alias-Bandetto-e1788134705322-768x456.png 768w, https:\/\/portalpopmais.com.br\/wp-content\/uploads\/2026\/08\/prod_track-files_1844647_extra_pictures_Alias-Bandetto-e1788134705322-1170x694.png 1170w, https:\/\/portalpopmais.com.br\/wp-content\/uploads\/2026\/08\/prod_track-files_1844647_extra_pictures_Alias-Bandetto-e1788134705322-18x12.png 18w\" sizes=\"auto, (max-width: 768px) 100vw, 768px\" title=\"\"><\/a><\/div><a class=\"wp-block-latest-posts__post-title\" href=\"https:\/\/portalpopmais.com.br\/en\/alias-bandetto-lanca-novo-single-que-une-emocao-atmosfera-cinematografica-e-influencias-retro\/\">Alias Bandetto lan\u00e7a novo single que une emo\u00e7\u00e3o, atmosfera cinematogr\u00e1fica e influ\u00eancias retr\u00f4<\/a><\/li>\n<li><div class=\"wp-block-latest-posts__featured-image aligncenter\"><a href=\"https:\/\/portalpopmais.com.br\/en\/edik-san-aposta-no-hyperpop-futurista-com-o-single-ditadura-gay-intergalactica\/\" aria-label=\"Edik San aposta no hyperpop futurista com o single &#8220;Ditadura Gay Intergal\u00e1ctica&#8221;\"><img loading=\"lazy\" decoding=\"async\" width=\"768\" height=\"456\" src=\"https:\/\/portalpopmais.com.br\/wp-content\/uploads\/2026\/08\/prod_track-files_1815415_extra_pictures_Edik-San-e1788134581397-768x456.png\" class=\"attachment-medium size-medium wp-post-image\" alt=\"prod track files 1815415 extra pictures Edik San\" style=\"\" srcset=\"https:\/\/portalpopmais.com.br\/wp-content\/uploads\/2026\/08\/prod_track-files_1815415_extra_pictures_Edik-San-e1788134581397-768x456.png 768w, https:\/\/portalpopmais.com.br\/wp-content\/uploads\/2026\/08\/prod_track-files_1815415_extra_pictures_Edik-San-e1788134581397-1170x694.png 1170w, https:\/\/portalpopmais.com.br\/wp-content\/uploads\/2026\/08\/prod_track-files_1815415_extra_pictures_Edik-San-e1788134581397-18x10.png 18w\" sizes=\"auto, (max-width: 768px) 100vw, 768px\" title=\"\"><\/a><\/div><a class=\"wp-block-latest-posts__post-title\" href=\"https:\/\/portalpopmais.com.br\/en\/edik-san-aposta-no-hyperpop-futurista-com-o-single-ditadura-gay-intergalactica\/\">Edik San aposta no hyperpop futurista com o single &#8220;Ditadura Gay Intergal\u00e1ctica&#8221;<\/a><\/li>\n<li><div class=\"wp-block-latest-posts__featured-image aligncenter\"><a href=\"https:\/\/portalpopmais.com.br\/en\/maya-massafera-e-hospitalizada-apos-sofrer-principio-de-avc-em-sao-paulo\/\" aria-label=\"Maya Massafera \u00e9 hospitalizada ap\u00f3s sofrer princ\u00edpio de AVC em S\u00e3o Paulo\"><img loading=\"lazy\" decoding=\"async\" width=\"768\" height=\"456\" src=\"https:\/\/portalpopmais.com.br\/wp-content\/uploads\/2025\/09\/maya-massafera-vai-ser-mae-768x456.jpg\" class=\"attachment-medium size-medium wp-post-image\" alt=\"Maya Massafera revela desafios da transi\u00e7\u00e3o e planos para a maternidade\" style=\"\" srcset=\"https:\/\/portalpopmais.com.br\/wp-content\/uploads\/2025\/09\/maya-massafera-vai-ser-mae-768x456.jpg 768w, https:\/\/portalpopmais.com.br\/wp-content\/uploads\/2025\/09\/maya-massafera-vai-ser-mae-1170x694.jpg 1170w, https:\/\/portalpopmais.com.br\/wp-content\/uploads\/2025\/09\/maya-massafera-vai-ser-mae-18x10.jpg 18w\" sizes=\"auto, (max-width: 768px) 100vw, 768px\" title=\"\"><\/a><\/div><a class=\"wp-block-latest-posts__post-title\" href=\"https:\/\/portalpopmais.com.br\/en\/maya-massafera-e-hospitalizada-apos-sofrer-principio-de-avc-em-sao-paulo\/\">Maya Massafera \u00e9 hospitalizada ap\u00f3s sofrer princ\u00edpio de AVC em S\u00e3o Paulo<\/a><\/li>\n<li><div class=\"wp-block-latest-posts__featured-image aligncenter\"><a href=\"https:\/\/portalpopmais.com.br\/en\/morre-ze-maria-icone-do-colo-colo-e-do-radio-esportivo-baiano-aos-72-anos\/\" aria-label=\"Morre Z\u00e9 Maria, \u00edcone do Colo-Colo e do r\u00e1dio esportivo baiano, aos 72 anos\"><img loading=\"lazy\" decoding=\"async\" width=\"768\" height=\"450\" src=\"https:\/\/portalpopmais.com.br\/wp-content\/uploads\/2026\/08\/jose-maria_widelg-768x450.jpg\" class=\"attachment-medium size-medium wp-post-image\" alt=\"jose maria widelg\" style=\"\" srcset=\"https:\/\/portalpopmais.com.br\/wp-content\/uploads\/2026\/08\/jose-maria_widelg-768x450.jpg 768w, https:\/\/portalpopmais.com.br\/wp-content\/uploads\/2026\/08\/jose-maria_widelg-18x10.jpg 18w\" sizes=\"auto, (max-width: 768px) 100vw, 768px\" title=\"\"><\/a><\/div><a class=\"wp-block-latest-posts__post-title\" href=\"https:\/\/portalpopmais.com.br\/en\/morre-ze-maria-icone-do-colo-colo-e-do-radio-esportivo-baiano-aos-72-anos\/\">Morre Z\u00e9 Maria, \u00edcone do Colo-Colo e do r\u00e1dio esportivo baiano, aos 72 anos<\/a><\/li>\n<li><div class=\"wp-block-latest-posts__featured-image aligncenter\"><a href=\"https:\/\/portalpopmais.com.br\/en\/influenciadora-malevola-alves-e-presa\/\" aria-label=\"Influenciadora Mal\u00e9vola Alves \u00e9 presa\"><img loading=\"lazy\" decoding=\"async\" width=\"768\" height=\"456\" src=\"https:\/\/portalpopmais.com.br\/wp-content\/uploads\/2026\/08\/Screenshot_20260830-115712-768x456.png\" class=\"attachment-medium size-medium wp-post-image\" alt=\"Screenshot 20260830 115712\" style=\"\" title=\"\"><\/a><\/div><a class=\"wp-block-latest-posts__post-title\" href=\"https:\/\/portalpopmais.com.br\/en\/influenciadora-malevola-alves-e-presa\/\">Influenciadora Mal\u00e9vola Alves \u00e9 presa<\/a><\/li>\n<li><div class=\"wp-block-latest-posts__featured-image aligncenter\"><a href=\"https:\/\/portalpopmais.com.br\/en\/apple-tv-aumenta-precos-brasil\/\" aria-label=\"Apple TV+ aumenta pre\u00e7os do no Brasil; veja os novos valores\"><img loading=\"lazy\" decoding=\"async\" width=\"768\" height=\"456\" src=\"https:\/\/portalpopmais.com.br\/wp-content\/uploads\/2026\/08\/apple-tv-aumenta-precos-brasil-portalpopmais-768x456.png\" class=\"attachment-medium size-medium wp-post-image\" alt=\"apple tv aumenta pre\u00e7os brasil portalpopmais\" style=\"\" srcset=\"https:\/\/portalpopmais.com.br\/wp-content\/uploads\/2026\/08\/apple-tv-aumenta-precos-brasil-portalpopmais-768x456.png 768w, https:\/\/portalpopmais.com.br\/wp-content\/uploads\/2026\/08\/apple-tv-aumenta-precos-brasil-portalpopmais-1170x694.png 1170w, https:\/\/portalpopmais.com.br\/wp-content\/uploads\/2026\/08\/apple-tv-aumenta-precos-brasil-portalpopmais-18x10.png 18w\" sizes=\"auto, (max-width: 768px) 100vw, 768px\" title=\"\"><\/a><\/div><a class=\"wp-block-latest-posts__post-title\" href=\"https:\/\/portalpopmais.com.br\/en\/apple-tv-aumenta-precos-brasil\/\">Apple TV+ aumenta pre\u00e7os do no Brasil; veja os novos valores<\/a><\/li>\n<\/ul><\/div><\/div>\n\n\n\n<p class=\"wp-block-paragraph\">Por\u00e9m, a fam\u00edlia de Mar\u00edlia n\u00e3o queria que a dupla Maiara e Maraisa fossem inclu\u00eddas no especial. J\u00e1 a Globo entendia que a participa\u00e7\u00e3o das irm\u00e3s era essencial, j\u00e1 que elas foram amigas pr\u00f3ximas de Mar\u00edlia durante anos e tiveram papel importante tamb\u00e9m na carreira da sertaneja, com quem formavam o trio As Patroas.<\/p>\n\n\n\n<p class=\"wp-block-paragraph\">Nos bastidores, Ruth e Jo\u00e3o Gustavo, m\u00e3e e irm\u00e3o de Mar\u00edlia, se afastaram das irm\u00e3s, cortando rela\u00e7\u00f5es h\u00e1 cerca de um m\u00eas. A situa\u00e7\u00e3o teve seu \u00e1pice quando a dupla n\u00e3o quis fazer parte do show This is Mar\u00edlia Mendon\u00e7a, organizado pelo Spotify para homenagear Mar\u00edlia, com data marcada para outubro, em S\u00e3o Paulo. Ruth e Jo\u00e3o deixaram de seguir Maiara e Maraisa nas redes sociais.<\/p>\n\n\n<div class=\"wp-block-image\">\n<figure class=\"aligncenter size-large\"><img loading=\"lazy\" decoding=\"async\" width=\"1170\" height=\"694\" src=\"https:\/\/portalpopmais.com.br\/wp-content\/uploads\/2022\/11\/Marilia-e1667589505447-1170x694.jpg\" alt=\"Mar\u00edlia Mendon\u00e7a\" class=\"wp-image-148178\" title=\"\" srcset=\"https:\/\/portalpopmais.com.br\/wp-content\/uploads\/2022\/11\/Marilia-e1667589505447-1170x694.jpg 1170w, https:\/\/portalpopmais.com.br\/wp-content\/uploads\/2022\/11\/Marilia-e1667589505447-768x456.jpg 768w\" sizes=\"auto, (max-width: 1170px) 100vw, 1170px\" \/><figcaption class=\"wp-element-caption\">A cantora Mar\u00edlia Mendon\u00e7a &#8211; Foto: Divulga\u00e7\u00e3o<\/figcaption><\/figure>\n<\/div>\n\n\n<p class=\"wp-block-paragraph\">Logo depois, Jo\u00e3o fez uma s\u00e9rie de posts entendidos como cr\u00edticas \u00e0s duas, embora n\u00e3o citasse nomes. &#8220;Estou cansado! \u00c9 bom que o assunto n\u00e3o morra, j\u00e1 que tem gente que n\u00e3o quer que ele morra. Quando decidir abrir a minha boca para falar, juro que n\u00e3o vou deixar nada para tr\u00e1s. Tudo de horr\u00edvel que fizeram e que eu guardo desde sempre, tudo que vivi calado com a Marilia, vou falar&#8221;, disse ele, que depois chegou a desativar a conta no antigo Twitter.<\/p>\n\n\n\n<p class=\"wp-block-paragraph\">A Globo afirmou \u00e0 Folha que &#8220;o Som Brasil est\u00e1 sempre em busca de edi\u00e7\u00f5es que retratem os mais ic\u00f4nicos artistas brasileiros e, desta forma, Mar\u00edlia Mendon\u00e7a seria um nome em potencial&#8221;. A emissora diz que neste momento, esse especial n\u00e3o est\u00e1 previsto para produ\u00e7\u00e3o ou exibi\u00e7\u00e3o e que o pr\u00f3ximo ser\u00e1 um com o cantor Djavan.<\/p>\n\n\n\n<p class=\"wp-block-paragraph\">A fam\u00edlia de Mar\u00edlia Mendon\u00e7a n\u00e3o respondeu \u00e0 reportagem. A assessoria de Maiara e Maraisa diz que &#8220;n\u00e3o h\u00e1 briga alguma de nosso lado. Isso \u00e9 algo que precisa ser perguntado \u00e0 fam\u00edlia&#8221;.<\/p>","protected":false},"excerpt":{"rendered":"<p>A Globo decidiu cancelar uma edi\u00e7\u00e3o do Som Brasil que faria homenagem \u00e0 Mar\u00edlia Mendon\u00e7a, falecida em 2021. Segundo informa\u00e7\u00f5es da Folha de S.Paulo, o motivo se deu por diverg\u00eancias com a fam\u00edlia da cantora no momento de negociar os convidados que iriam dar depoimento. O programa agora ser\u00e1 homenagem a Djavan e vai ao [&hellip;]<\/p>\n","protected":false},"author":2,"featured_media":101222,"comment_status":"closed","ping_status":"open","sticky":false,"template":"","format":"standard","meta":{"footnotes":""},"categories":[154],"tags":[9269,2217],"class_list":["post-215809","post","type-post","status-publish","format-standard","has-post-thumbnail","hentry","category-musica","tag-maiara-e-maraisa-2","tag-marilia-mendonca"],"_links":{"self":[{"href":"https:\/\/portalpopmais.com.br\/en\/wp-json\/wp\/v2\/posts\/215809","targetHints":{"allow":["GET"]}}],"collection":[{"href":"https:\/\/portalpopmais.com.br\/en\/wp-json\/wp\/v2\/posts"}],"about":[{"href":"https:\/\/portalpopmais.com.br\/en\/wp-json\/wp\/v2\/types\/post"}],"author":[{"embeddable":true,"href":"https:\/\/portalpopmais.com.br\/en\/wp-json\/wp\/v2\/users\/2"}],"replies":[{"embeddable":true,"href":"https:\/\/portalpopmais.com.br\/en\/wp-json\/wp\/v2\/comments?post=215809"}],"version-history":[{"count":0,"href":"https:\/\/portalpopmais.com.br\/en\/wp-json\/wp\/v2\/posts\/215809\/revisions"}],"wp:featuredmedia":[{"embeddable":true,"href":"https:\/\/portalpopmais.com.br\/en\/wp-json\/wp\/v2\/media\/101222"}],"wp:attachment":[{"href":"https:\/\/portalpopmais.com.br\/en\/wp-json\/wp\/v2\/media?parent=215809"}],"wp:term":[{"taxonomy":"category","embeddable":true,"href":"https:\/\/portalpopmais.com.br\/en\/wp-json\/wp\/v2\/categories?post=215809"},{"taxonomy":"post_tag","embeddable":true,"href":"https:\/\/portalpopmais.com.br\/en\/wp-json\/wp\/v2\/tags?post=215809"}],"curies":[{"name":"wp","href":"https:\/\/api.w.org\/{rel}","templated":true}]}}