{"id":216700,"date":"2024-09-10T08:20:36","date_gmt":"2024-09-10T11:20:36","guid":{"rendered":"https:\/\/portalpopmais.com.br\/?p=216700"},"modified":"2024-09-10T08:21:59","modified_gmt":"2024-09-10T11:21:59","slug":"manias-de-voce-baixa-audiencia-estreia","status":"publish","type":"post","link":"https:\/\/portalpopmais.com.br\/en\/manias-de-voce-baixa-audiencia-estreia\/","title":{"rendered":"Flopou! &#8216;Manias de Voc\u00ea&#8217; tem a pior estreia de uma novela das 9 na hist\u00f3ria; veja os n\u00fameros"},"content":{"rendered":"<p class=\"wp-block-paragraph\">Nova novela de Jo\u00e3o Emanuel Carneiro, &#8216;<a href=\"https:\/\/portalpopmais.com.br\/en\/cortesia-da-casa-lanca-perdido-em-voce-dando-inicio-ao-novo-projeto-da-dupla\/\" data-type=\"post\" data-id=\"214792\">Mania de Voc\u00ea<\/a>&#8216; estreou nesta segunda-feira (9) no hor\u00e1rio nobre da TV Globo. Com elenco de peso, o desempenho no ibope ficou bem abaixo das expectativas. A audi\u00eancia do primeiro cap\u00edtulo \u00e9 considerada a pior de uma estreia na faixa das 21, com 22,4 pontos de m\u00e9dia. As informa\u00e7\u00f5es s\u00e3o do site TV Pop.<\/p>\n\n\n\n<p class=\"wp-block-paragraph\">O retorno \u00e0s loca\u00e7\u00f5es urbanas n\u00e3o parece ter atra\u00eddo o p\u00fablico. Os dois folhetins anteriores, rurais, tiveram uma performance melhor: 24,8 (Terra e Paix\u00e3o) e 25,9 (Renascer).<\/p>\n\n\n\n<div class=\"wp-block-group\"><div class=\"wp-block-group__inner-container is-layout-constrained wp-block-group-is-layout-constrained\">\n<h2 class=\"wp-block-heading\">Veja mais<\/h2>\n\n\n<ul class=\"wp-block-latest-posts__list is-grid aligncenter wp-block-latest-posts is-layout-flow wp-block-latest-posts-is-layout-flow\"><li><div class=\"wp-block-latest-posts__featured-image aligncenter\"><a href=\"https:\/\/portalpopmais.com.br\/en\/sbt-descarta-programa-patricia-abravanel\/\" aria-label=\"SBT descarta de vez programa fracassado de Patr\u00edcia Abravanel; veja\"><img loading=\"lazy\" decoding=\"async\" width=\"768\" height=\"456\" src=\"https:\/\/portalpopmais.com.br\/wp-content\/uploads\/2021\/06\/patricia-abravanel-vem-pra-ca-reproducao-sbt-768x456.jpg\" class=\"attachment-medium size-medium wp-post-image\" alt=\"Patr\u00edcia Abravanel vem pra c\u00e1\" style=\"\" srcset=\"https:\/\/portalpopmais.com.br\/wp-content\/uploads\/2021\/06\/patricia-abravanel-vem-pra-ca-reproducao-sbt-768x456.jpg 768w, https:\/\/portalpopmais.com.br\/wp-content\/uploads\/2021\/06\/patricia-abravanel-vem-pra-ca-reproducao-sbt-1170x694.jpg 1170w\" sizes=\"auto, (max-width: 768px) 100vw, 768px\" title=\"\"><\/a><\/div><a class=\"wp-block-latest-posts__post-title\" href=\"https:\/\/portalpopmais.com.br\/en\/sbt-descarta-programa-patricia-abravanel\/\">SBT descarta de vez programa fracassado de Patr\u00edcia Abravanel; veja<\/a><\/li>\n<li><div class=\"wp-block-latest-posts__featured-image aligncenter\"><a href=\"https:\/\/portalpopmais.com.br\/en\/morre-luiz-antonio-silva\/\" aria-label=\"Morre Luiz Ant\u00f4nio Silva, m\u00e9dico e apresentador do quadro &#8220;Pergunte ao Doutor&#8221;, aos 63 anos\"><img loading=\"lazy\" decoding=\"async\" width=\"768\" height=\"456\" src=\"https:\/\/portalpopmais.com.br\/wp-content\/uploads\/2026\/09\/Morre-Luiz-Antonio-Silva-768x456.png\" class=\"attachment-medium size-medium wp-post-image\" alt=\"Morre Luiz Ant\u00f4nio Silva\" style=\"\" srcset=\"https:\/\/portalpopmais.com.br\/wp-content\/uploads\/2026\/09\/Morre-Luiz-Antonio-Silva-768x456.png 768w, https:\/\/portalpopmais.com.br\/wp-content\/uploads\/2026\/09\/Morre-Luiz-Antonio-Silva-1170x694.png 1170w, https:\/\/portalpopmais.com.br\/wp-content\/uploads\/2026\/09\/Morre-Luiz-Antonio-Silva-18x12.png 18w\" sizes=\"auto, (max-width: 768px) 100vw, 768px\" title=\"\"><\/a><\/div><a class=\"wp-block-latest-posts__post-title\" href=\"https:\/\/portalpopmais.com.br\/en\/morre-luiz-antonio-silva\/\">Morre Luiz Ant\u00f4nio Silva, m\u00e9dico e apresentador do quadro &#8220;Pergunte ao Doutor&#8221;, aos 63 anos<\/a><\/li>\n<li><div class=\"wp-block-latest-posts__featured-image aligncenter\"><a href=\"https:\/\/portalpopmais.com.br\/en\/apresentadora-de-telejornal-super-jovem-se-despede-da-tv-aos-79-anos\/\" aria-label=\"Apresentadora de telejornal &#8216;super jovem&#8217; se despede da TV aos 79 anos\"><img loading=\"lazy\" decoding=\"async\" width=\"768\" height=\"456\" src=\"https:\/\/portalpopmais.com.br\/wp-content\/uploads\/2026\/09\/tongtv-ubryfjngpy06-768x456.jpg\" class=\"attachment-medium size-medium wp-post-image\" alt=\"tongtv ubryfjngpy06\" style=\"\" srcset=\"https:\/\/portalpopmais.com.br\/wp-content\/uploads\/2026\/09\/tongtv-ubryfjngpy06-768x456.jpg 768w, https:\/\/portalpopmais.com.br\/wp-content\/uploads\/2026\/09\/tongtv-ubryfjngpy06-18x10.jpg 18w\" sizes=\"auto, (max-width: 768px) 100vw, 768px\" title=\"\"><\/a><\/div><a class=\"wp-block-latest-posts__post-title\" href=\"https:\/\/portalpopmais.com.br\/en\/apresentadora-de-telejornal-super-jovem-se-despede-da-tv-aos-79-anos\/\">Apresentadora de telejornal &#8216;super jovem&#8217; se despede da TV aos 79 anos<\/a><\/li>\n<li><div class=\"wp-block-latest-posts__featured-image aligncenter\"><a href=\"https:\/\/portalpopmais.com.br\/en\/leo-dias-anuncia-saida-do-melhor-da-tarde-saiba-o-motivo\/\" aria-label=\"Leo Dias anuncia sa\u00edda do \u201cMelhor da Tarde\u201d; saiba o motivo\"><img loading=\"lazy\" decoding=\"async\" width=\"768\" height=\"456\" src=\"https:\/\/portalpopmais.com.br\/wp-content\/uploads\/2025\/11\/leo-dias-no-melhor-da-tarde-768x456.jpg\" class=\"attachment-medium size-medium wp-post-image\" alt=\"\" style=\"\" srcset=\"https:\/\/portalpopmais.com.br\/wp-content\/uploads\/2025\/11\/leo-dias-no-melhor-da-tarde-768x456.jpg 768w, https:\/\/portalpopmais.com.br\/wp-content\/uploads\/2025\/11\/leo-dias-no-melhor-da-tarde-1170x694.jpg 1170w, https:\/\/portalpopmais.com.br\/wp-content\/uploads\/2025\/11\/leo-dias-no-melhor-da-tarde-18x10.jpg 18w\" sizes=\"auto, (max-width: 768px) 100vw, 768px\" title=\"\"><\/a><\/div><a class=\"wp-block-latest-posts__post-title\" href=\"https:\/\/portalpopmais.com.br\/en\/leo-dias-anuncia-saida-do-melhor-da-tarde-saiba-o-motivo\/\">Leo Dias anuncia sa\u00edda do \u201cMelhor da Tarde\u201d; saiba o motivo<\/a><\/li>\n<li><div class=\"wp-block-latest-posts__featured-image aligncenter\"><a href=\"https:\/\/portalpopmais.com.br\/en\/tulio-amancio-deixa-a-globo-e-estreia-no-sbt-news-na-proxima-semana\/\" aria-label=\"T\u00falio Am\u00e2ncio deixa a Globo e estreia no SBT News na pr\u00f3xima semana\"><img loading=\"lazy\" decoding=\"async\" width=\"768\" height=\"456\" src=\"https:\/\/portalpopmais.com.br\/wp-content\/uploads\/2026\/03\/reporter-bigodudo-gostoso-768x456.webp\" class=\"attachment-medium size-medium wp-post-image\" alt=\"\" style=\"\" srcset=\"https:\/\/portalpopmais.com.br\/wp-content\/uploads\/2026\/03\/reporter-bigodudo-gostoso-768x456.webp 768w, https:\/\/portalpopmais.com.br\/wp-content\/uploads\/2026\/03\/reporter-bigodudo-gostoso-1170x694.webp 1170w, https:\/\/portalpopmais.com.br\/wp-content\/uploads\/2026\/03\/reporter-bigodudo-gostoso-18x10.webp 18w\" sizes=\"auto, (max-width: 768px) 100vw, 768px\" title=\"\"><\/a><\/div><a class=\"wp-block-latest-posts__post-title\" href=\"https:\/\/portalpopmais.com.br\/en\/tulio-amancio-deixa-a-globo-e-estreia-no-sbt-news-na-proxima-semana\/\">T\u00falio Am\u00e2ncio deixa a Globo e estreia no SBT News na pr\u00f3xima semana<\/a><\/li>\n<li><div class=\"wp-block-latest-posts__featured-image aligncenter\"><a href=\"https:\/\/portalpopmais.com.br\/en\/carlos-monforte-um-dos-pioneiros-do-telejornalismo-brasileiro-morre-aos-77-anos\/\" aria-label=\"Carlos Monforte, um dos pioneiros do telejornalismo brasileiro, morre aos 77 anos\"><img loading=\"lazy\" decoding=\"async\" width=\"768\" height=\"456\" src=\"https:\/\/portalpopmais.com.br\/wp-content\/uploads\/2026\/08\/carlos_monforte-vbcdto24yvqr-768x456.png\" class=\"attachment-medium size-medium wp-post-image\" alt=\"carlos monforte vbcdto24yvqr\" style=\"\" srcset=\"https:\/\/portalpopmais.com.br\/wp-content\/uploads\/2026\/08\/carlos_monforte-vbcdto24yvqr-768x456.png 768w, https:\/\/portalpopmais.com.br\/wp-content\/uploads\/2026\/08\/carlos_monforte-vbcdto24yvqr-1170x694.png 1170w, https:\/\/portalpopmais.com.br\/wp-content\/uploads\/2026\/08\/carlos_monforte-vbcdto24yvqr-18x10.png 18w\" sizes=\"auto, (max-width: 768px) 100vw, 768px\" title=\"\"><\/a><\/div><a class=\"wp-block-latest-posts__post-title\" href=\"https:\/\/portalpopmais.com.br\/en\/carlos-monforte-um-dos-pioneiros-do-telejornalismo-brasileiro-morre-aos-77-anos\/\">Carlos Monforte, um dos pioneiros do telejornalismo brasileiro, morre aos 77 anos<\/a><\/li>\n<\/ul><\/div><\/div>\n\n\n\n<p class=\"wp-block-paragraph\">Os espectadores sa\u00edram de um pacto com o diabo da trama de Benedito Ruy Barbosa em &#8216;Renascer&#8217;, para o de sangue entre as personagens Luma (Agatha Moreira) e Rud\u00e1 (Nicolas Prattes) na novela do Jo\u00e3o Emanuel. Outra cena perturbadora do primeiro cap\u00edtulo foi a tentativa de estupro sofrida por Viola (Gabz), que recebeu ajuda de Mavi (Chay Suede) para fugir.<\/p>\n\n\n\n<p class=\"wp-block-paragraph\">Conhecido por tramas intensas, o autor promete muitas reviravoltas. Al\u00e9m dos quatro protagonistas, est\u00e3o no elenco Adriana Esteves, Mariana Ximenes, Ana Beatriz Nogueira, Eliane Giardini.<\/p>","protected":false},"excerpt":{"rendered":"<p>Nova novela de Jo\u00e3o Emanuel Carneiro, &#8216;Mania de Voc\u00ea&#8216; estreou nesta segunda-feira (9) no hor\u00e1rio nobre da TV Globo. Com elenco de peso, o desempenho no ibope ficou bem abaixo das expectativas. A audi\u00eancia do primeiro cap\u00edtulo \u00e9 considerada a pior de uma estreia na faixa das 21, com 22,4 pontos de m\u00e9dia. As informa\u00e7\u00f5es [&hellip;]<\/p>\n","protected":false},"author":2,"featured_media":216701,"comment_status":"closed","ping_status":"open","sticky":false,"template":"","format":"standard","meta":{"footnotes":""},"categories":[181],"tags":[16785],"class_list":["post-216700","post","type-post","status-publish","format-standard","has-post-thumbnail","hentry","category-televisao","tag-mania-de-voce"],"_links":{"self":[{"href":"https:\/\/portalpopmais.com.br\/en\/wp-json\/wp\/v2\/posts\/216700","targetHints":{"allow":["GET"]}}],"collection":[{"href":"https:\/\/portalpopmais.com.br\/en\/wp-json\/wp\/v2\/posts"}],"about":[{"href":"https:\/\/portalpopmais.com.br\/en\/wp-json\/wp\/v2\/types\/post"}],"author":[{"embeddable":true,"href":"https:\/\/portalpopmais.com.br\/en\/wp-json\/wp\/v2\/users\/2"}],"replies":[{"embeddable":true,"href":"https:\/\/portalpopmais.com.br\/en\/wp-json\/wp\/v2\/comments?post=216700"}],"version-history":[{"count":0,"href":"https:\/\/portalpopmais.com.br\/en\/wp-json\/wp\/v2\/posts\/216700\/revisions"}],"wp:featuredmedia":[{"embeddable":true,"href":"https:\/\/portalpopmais.com.br\/en\/wp-json\/wp\/v2\/media\/216701"}],"wp:attachment":[{"href":"https:\/\/portalpopmais.com.br\/en\/wp-json\/wp\/v2\/media?parent=216700"}],"wp:term":[{"taxonomy":"category","embeddable":true,"href":"https:\/\/portalpopmais.com.br\/en\/wp-json\/wp\/v2\/categories?post=216700"},{"taxonomy":"post_tag","embeddable":true,"href":"https:\/\/portalpopmais.com.br\/en\/wp-json\/wp\/v2\/tags?post=216700"}],"curies":[{"name":"wp","href":"https:\/\/api.w.org\/{rel}","templated":true}]}}