{"id":217144,"date":"2024-09-13T18:01:20","date_gmt":"2024-09-13T21:01:20","guid":{"rendered":"https:\/\/portalpopmais.com.br\/?p=217144"},"modified":"2024-09-13T18:08:11","modified_gmt":"2024-09-13T21:08:11","slug":"boninho-deixa-a-globo-apos-40-anos-na-emissora","status":"publish","type":"post","link":"https:\/\/portalpopmais.com.br\/en\/boninho-deixa-a-globo-apos-40-anos-na-emissora\/","title":{"rendered":"Boninho \u00e9 demitido da Globo ap\u00f3s 40 anos na emissora"},"content":{"rendered":"<p class=\"wp-block-paragraph\">O diretor JB de Oliveira, o <strong><a href=\"https:\/\/portalpopmais.com.br\/en\/boninho-deixa-a-globo-apos-40-anos-na-emissora\/\" data-type=\"post\" data-id=\"217144\">Boninho<\/a><\/strong>, foi demitido da <a href=\"https:\/\/bsky.app\/profile\/portalpopmais.bsky.social\" target=\"_blank\" rel=\"noopener\">TV Globo<\/a>, nesta sexta-feira (13). Ap\u00f3s mais de quatro d\u00e9cadas na empresa, ele postou um texto de despedida onde lamentou sua sa\u00edda.<\/p>\n\n\n\n<p class=\"wp-block-paragraph\">&#8220;Chegou a hora de voar solo. Depois de 40 anos sendo TV Globo, decidi seguir outros caminhos. Confesso que o plano era me aposentar nessa empresa que faz parte de quem eu sou e grande incentivadora da minha paix\u00e3o. Mas aos 62 anos, \u00e9 exatamente a paix\u00e3o que tenho, que est\u00e1 mais forte que nunca, que me motivou a topar os novos desafios que surgiram. Sigo louco por fazer televis\u00e3o e animado com as possibilidades que est\u00e3o em meu futuro. Ent\u00e3o, mesmo tendo uma proposta carinhosa da Globo para seguirmos juntos, decidi seguir para novos rumos, com desafios que a posi\u00e7\u00e3o que estava nem sempre me permitia&#8221;, escreveu ele.<\/p>\n\n\n\n<div class=\"wp-block-group\"><div class=\"wp-block-group__inner-container is-layout-constrained wp-block-group-is-layout-constrained\">\n<h2 class=\"wp-block-heading\">Veja mais<\/h2>\n\n\n<ul class=\"wp-block-latest-posts__list is-grid aligncenter wp-block-latest-posts is-layout-flow wp-block-latest-posts-is-layout-flow\"><li><div class=\"wp-block-latest-posts__featured-image aligncenter\"><a href=\"https:\/\/portalpopmais.com.br\/en\/morre-victor-miller-roteirista-original-de-sexta-feira-13-aos-86-anos\/\" aria-label=\"Morre Victor Miller, roteirista original de \u201cSexta-Feira 13\u201d, aos 86 anos\"><img loading=\"lazy\" decoding=\"async\" width=\"768\" height=\"456\" src=\"https:\/\/portalpopmais.com.br\/wp-content\/uploads\/2026\/09\/a-direcao-de-sexta-feira-13-ficou-a-cargo-de-sean-s-cunningham-2048x1152-1-768x456.jpg\" class=\"attachment-medium size-medium wp-post-image\" alt=\"a direcao de sexta feira 13 ficou a cargo de sean s cunningham 2048x1152\" style=\"\" srcset=\"https:\/\/portalpopmais.com.br\/wp-content\/uploads\/2026\/09\/a-direcao-de-sexta-feira-13-ficou-a-cargo-de-sean-s-cunningham-2048x1152-1-768x456.jpg 768w, https:\/\/portalpopmais.com.br\/wp-content\/uploads\/2026\/09\/a-direcao-de-sexta-feira-13-ficou-a-cargo-de-sean-s-cunningham-2048x1152-1-1170x694.jpg 1170w, https:\/\/portalpopmais.com.br\/wp-content\/uploads\/2026\/09\/a-direcao-de-sexta-feira-13-ficou-a-cargo-de-sean-s-cunningham-2048x1152-1-18x10.jpg 18w\" sizes=\"auto, (max-width: 768px) 100vw, 768px\" title=\"\"><\/a><\/div><a class=\"wp-block-latest-posts__post-title\" href=\"https:\/\/portalpopmais.com.br\/en\/morre-victor-miller-roteirista-original-de-sexta-feira-13-aos-86-anos\/\">Morre Victor Miller, roteirista original de \u201cSexta-Feira 13\u201d, aos 86 anos<\/a><\/li>\n<li><div class=\"wp-block-latest-posts__featured-image aligncenter\"><a href=\"https:\/\/portalpopmais.com.br\/en\/patricia-ramos-anuncia-fim-do-namoro-com-modelo-apos-dois-meses-e-responde-criticas-manda-curriculo\/\" aria-label=\"Patr\u00edcia Ramos anuncia fim do namoro com modelo ap\u00f3s dois meses e responde cr\u00edticas: &#8220;Manda curr\u00edculo&#8221;\"><img loading=\"lazy\" decoding=\"async\" width=\"768\" height=\"456\" src=\"https:\/\/portalpopmais.com.br\/wp-content\/uploads\/2026\/09\/texto-do-seu-paragrafo-2026-09-01t165110.515-768x456.jpeg\" class=\"attachment-medium size-medium wp-post-image\" alt=\"texto do seu paragrafo 2026 09 01t165110.515\" style=\"\" srcset=\"https:\/\/portalpopmais.com.br\/wp-content\/uploads\/2026\/09\/texto-do-seu-paragrafo-2026-09-01t165110.515-768x456.jpeg 768w, https:\/\/portalpopmais.com.br\/wp-content\/uploads\/2026\/09\/texto-do-seu-paragrafo-2026-09-01t165110.515-18x12.jpeg 18w\" sizes=\"auto, (max-width: 768px) 100vw, 768px\" title=\"\"><\/a><\/div><a class=\"wp-block-latest-posts__post-title\" href=\"https:\/\/portalpopmais.com.br\/en\/patricia-ramos-anuncia-fim-do-namoro-com-modelo-apos-dois-meses-e-responde-criticas-manda-curriculo\/\">Patr\u00edcia Ramos anuncia fim do namoro com modelo ap\u00f3s dois meses e responde cr\u00edticas: &#8220;Manda curr\u00edculo&#8221;<\/a><\/li>\n<li><div class=\"wp-block-latest-posts__featured-image aligncenter\"><a href=\"https:\/\/portalpopmais.com.br\/en\/esposa-tenta-convencer-roberto-justus-a-comer-escorpiao-e-grilo-durante-viagem-a-china\/\" aria-label=\"Esposa tenta convencer Roberto Justus a comer escorpi\u00e3o e grilo durante viagem \u00e0 China\"><img loading=\"lazy\" decoding=\"async\" width=\"768\" height=\"456\" src=\"https:\/\/portalpopmais.com.br\/wp-content\/uploads\/2026\/09\/image-16-768x456.png\" class=\"attachment-medium size-medium wp-post-image\" alt=\"image\" style=\"\" srcset=\"https:\/\/portalpopmais.com.br\/wp-content\/uploads\/2026\/09\/image-16-768x456.png 768w, https:\/\/portalpopmais.com.br\/wp-content\/uploads\/2026\/09\/image-16-18x10.png 18w, https:\/\/portalpopmais.com.br\/wp-content\/uploads\/2026\/09\/image-16-1170x694.png 1170w\" sizes=\"auto, (max-width: 768px) 100vw, 768px\" title=\"\"><\/a><\/div><a class=\"wp-block-latest-posts__post-title\" href=\"https:\/\/portalpopmais.com.br\/en\/esposa-tenta-convencer-roberto-justus-a-comer-escorpiao-e-grilo-durante-viagem-a-china\/\">Esposa tenta convencer Roberto Justus a comer escorpi\u00e3o e grilo durante viagem \u00e0 China<\/a><\/li>\n<li><div class=\"wp-block-latest-posts__featured-image aligncenter\"><a href=\"https:\/\/portalpopmais.com.br\/en\/harry-e-meghan-matriculam-archie-e-lilibet-em-escola-de-elite-com-mensalidade-superior-a-r-180-mil-por-ano\/\" aria-label=\"Harry e Meghan matriculam Archie e Lilibet em escola de elite com mensalidade superior a R$ 180 mil por ano\"><img loading=\"lazy\" decoding=\"async\" width=\"768\" height=\"456\" src=\"https:\/\/portalpopmais.com.br\/wp-content\/uploads\/2026\/09\/meghan-1766157304-3791124706129706755-54096840309-1--768x456.jpg\" class=\"attachment-medium size-medium wp-post-image\" alt=\"meghan 1766157304 3791124706129706755 54096840309 1\" style=\"\" srcset=\"https:\/\/portalpopmais.com.br\/wp-content\/uploads\/2026\/09\/meghan-1766157304-3791124706129706755-54096840309-1--768x456.jpg 768w, https:\/\/portalpopmais.com.br\/wp-content\/uploads\/2026\/09\/meghan-1766157304-3791124706129706755-54096840309-1--18x12.jpg 18w\" sizes=\"auto, (max-width: 768px) 100vw, 768px\" title=\"\"><\/a><\/div><a class=\"wp-block-latest-posts__post-title\" href=\"https:\/\/portalpopmais.com.br\/en\/harry-e-meghan-matriculam-archie-e-lilibet-em-escola-de-elite-com-mensalidade-superior-a-r-180-mil-por-ano\/\">Harry e Meghan matriculam Archie e Lilibet em escola de elite com mensalidade superior a R$ 180 mil por ano<\/a><\/li>\n<li><div class=\"wp-block-latest-posts__featured-image aligncenter\"><a href=\"https:\/\/portalpopmais.com.br\/en\/jake-andrich-nega-homofobia-apos-polemica-sobre-apoio-a-comunidade-a-coisa-mais-idiota-de-todas\/\" aria-label=\"Jake Andrich nega homofobia ap\u00f3s pol\u00eamica sobre apoio \u00e0 comunidade: &#8220;A coisa mais idiota de todas&#8221;\"><img loading=\"lazy\" decoding=\"async\" width=\"768\" height=\"456\" src=\"https:\/\/portalpopmais.com.br\/wp-content\/uploads\/2026\/09\/PI2Ei9JE-lgbt-768x456.webp\" class=\"attachment-medium size-medium wp-post-image\" alt=\"PI2Ei9JE lgbt\" style=\"\" srcset=\"https:\/\/portalpopmais.com.br\/wp-content\/uploads\/2026\/09\/PI2Ei9JE-lgbt-768x456.webp 768w, https:\/\/portalpopmais.com.br\/wp-content\/uploads\/2026\/09\/PI2Ei9JE-lgbt-1170x694.webp 1170w\" sizes=\"auto, (max-width: 768px) 100vw, 768px\" title=\"\"><\/a><\/div><a class=\"wp-block-latest-posts__post-title\" href=\"https:\/\/portalpopmais.com.br\/en\/jake-andrich-nega-homofobia-apos-polemica-sobre-apoio-a-comunidade-a-coisa-mais-idiota-de-todas\/\">Jake Andrich nega homofobia ap\u00f3s pol\u00eamica sobre apoio \u00e0 comunidade: &#8220;A coisa mais idiota de todas&#8221;<\/a><\/li>\n<li><div class=\"wp-block-latest-posts__featured-image aligncenter\"><a href=\"https:\/\/portalpopmais.com.br\/en\/astro-de-off-campus-e-escalado-para-sequencia-de-o-segredo-da-empregada-com-sydney-sweeney\/\" aria-label=\"Astro de &#8216;Off Campus&#8217; \u00e9 escalado para sequ\u00eancia de &#8216;O Segredo da Empregada&#8217; com Sydney Sweeney\"><img loading=\"lazy\" decoding=\"async\" width=\"768\" height=\"456\" src=\"https:\/\/portalpopmais.com.br\/wp-content\/uploads\/2026\/09\/Stephen-Kalyn-off-campus-768x456.png\" class=\"attachment-medium size-medium wp-post-image\" alt=\"Stephen Kalyn off campus\" style=\"\" srcset=\"https:\/\/portalpopmais.com.br\/wp-content\/uploads\/2026\/09\/Stephen-Kalyn-off-campus-768x456.png 768w, https:\/\/portalpopmais.com.br\/wp-content\/uploads\/2026\/09\/Stephen-Kalyn-off-campus-1170x694.png 1170w, https:\/\/portalpopmais.com.br\/wp-content\/uploads\/2026\/09\/Stephen-Kalyn-off-campus-18x10.png 18w\" sizes=\"auto, (max-width: 768px) 100vw, 768px\" title=\"\"><\/a><\/div><a class=\"wp-block-latest-posts__post-title\" href=\"https:\/\/portalpopmais.com.br\/en\/astro-de-off-campus-e-escalado-para-sequencia-de-o-segredo-da-empregada-com-sydney-sweeney\/\">Astro de &#8216;Off Campus&#8217; \u00e9 escalado para sequ\u00eancia de &#8216;O Segredo da Empregada&#8217; com Sydney Sweeney<\/a><\/li>\n<\/ul><\/div><\/div>\n\n\n\n<p class=\"wp-block-paragraph\">O \u2018Big Boss\u2019 foi um dos principais respons\u00e1veis por criar os grandes realities da Globo. Ele esteve \u00e0 frente de programas como \u2018No Limite\u2019, \u2018Hipertens\u00e3o\u2019, \u2018Jogo Duro\u2019, \u2018The Voice Brasil\u2019, \u2018Kids\u2019 e \u2018Voice +\u2019, \u2018SuperStar\u2019 , \u2018Popstar\u2019 , \u2018Mestre do Sabor\u2019, \u2018Estrela da Casa\u2019 e ainda de quadros como \u2018Super Chef\u2019 e \u2018Jogo de Panelas\u2019.<\/p>\n\n\n\n<p class=\"wp-block-paragraph\">Jos\u00e9 Bonif\u00e1cio Brasil de Oliveira come\u00e7ou a carreira aos 17 anos, na R\u00e1dio Excelsior, em S\u00e3o Paulo, e seguiu para a R\u00e1dio Globo. Estreou na TV Globo em 1984 e, desde ent\u00e3o, dirigiu diversos projetos musicais, entre a transmiss\u00e3o de clipes no Fant\u00e1stico aos domingos a, at\u00e9 mesmo, transmiss\u00e3o de festivais, shows e lives. Ele foi respons\u00e1vel pela cria\u00e7\u00e3o do canal \u2018Multishow\u2019 e de diversos quadros de programas da Globo. Ele tamb\u00e9m dirigiu o \u2018Caldeir\u00e3o do Huck\u2019, \u2018V\u00eddeo Show\u2019, \u2018TV Xuxa\u2019, \u2018Estrelas\u2019, \u2018Tamanho Fam\u00edlia\u2019, \u2018Doming\u00e3o do Faust\u00e3o\u2019, \u2018Mais Voc\u00ea\u2019, \u2018Encontro com F\u00e1tima Bernardes\u2019, \u2018\u00c9 de Casa\u2019, \u2018Caldeir\u00e3o com Mion\u2019, entre outros.<\/p>\n\n\n\n<p class=\"wp-block-paragraph\">Agora, quem assume o cargo ser\u00e1 Rodrigo Dourado, diretor art\u00edstico de programas como Estrela da Casa e BBB. Ele \u00e9 diretor-geral do BBB h\u00e1 10 anos e, h\u00e1 cinco, diretor art\u00edstico do reality.<\/p>","protected":false},"excerpt":{"rendered":"<p>O diretor JB de Oliveira, o Boninho, foi demitido da TV Globo, nesta sexta-feira (13). Ap\u00f3s mais de quatro d\u00e9cadas na empresa, ele postou um texto de despedida onde lamentou sua sa\u00edda. &#8220;Chegou a hora de voar solo. Depois de 40 anos sendo TV Globo, decidi seguir outros caminhos. Confesso que o plano era me [&hellip;]<\/p>\n","protected":false},"author":2,"featured_media":155882,"comment_status":"closed","ping_status":"open","sticky":false,"template":"","format":"standard","meta":{"footnotes":""},"categories":[181],"tags":[8012],"class_list":["post-217144","post","type-post","status-publish","format-standard","has-post-thumbnail","hentry","category-televisao","tag-boninho"],"_links":{"self":[{"href":"https:\/\/portalpopmais.com.br\/en\/wp-json\/wp\/v2\/posts\/217144","targetHints":{"allow":["GET"]}}],"collection":[{"href":"https:\/\/portalpopmais.com.br\/en\/wp-json\/wp\/v2\/posts"}],"about":[{"href":"https:\/\/portalpopmais.com.br\/en\/wp-json\/wp\/v2\/types\/post"}],"author":[{"embeddable":true,"href":"https:\/\/portalpopmais.com.br\/en\/wp-json\/wp\/v2\/users\/2"}],"replies":[{"embeddable":true,"href":"https:\/\/portalpopmais.com.br\/en\/wp-json\/wp\/v2\/comments?post=217144"}],"version-history":[{"count":0,"href":"https:\/\/portalpopmais.com.br\/en\/wp-json\/wp\/v2\/posts\/217144\/revisions"}],"wp:featuredmedia":[{"embeddable":true,"href":"https:\/\/portalpopmais.com.br\/en\/wp-json\/wp\/v2\/media\/155882"}],"wp:attachment":[{"href":"https:\/\/portalpopmais.com.br\/en\/wp-json\/wp\/v2\/media?parent=217144"}],"wp:term":[{"taxonomy":"category","embeddable":true,"href":"https:\/\/portalpopmais.com.br\/en\/wp-json\/wp\/v2\/categories?post=217144"},{"taxonomy":"post_tag","embeddable":true,"href":"https:\/\/portalpopmais.com.br\/en\/wp-json\/wp\/v2\/tags?post=217144"}],"curies":[{"name":"wp","href":"https:\/\/api.w.org\/{rel}","templated":true}]}}