{"id":217456,"date":"2024-09-16T09:18:36","date_gmt":"2024-09-16T12:18:36","guid":{"rendered":"https:\/\/portalpopmais.com.br\/?p=217456"},"modified":"2024-09-16T09:18:38","modified_gmt":"2024-09-16T12:18:38","slug":"pablo-marcal-internado","status":"publish","type":"post","link":"https:\/\/portalpopmais.com.br\/en\/pablo-marcal-internado\/","title":{"rendered":"Ap\u00f3s cadeirada de Datena, Pablo Mar\u00e7al passa a noite internado em hospital"},"content":{"rendered":"<p class=\"wp-block-paragraph\"><strong><a href=\"https:\/\/portalpopmais.com.br\/en\/pablo-marcal-redes-sociais-sem-monetizacao\/\" data-type=\"post\" data-id=\"215798\">Pablo Mar\u00e7al<\/a><\/strong>, candidato a prefeito de S\u00e3o Paulo pelo PRTB, passou a madrugada desta segunda-feira (16\/9) internado no Hospital S\u00edrio-Liban\u00eas, ap\u00f3s ser agredido por Jos\u00e9 Luiz Datena (PSDB) durante o debate da TV Cultura. A agenda de campanha dele nesta segunda foi cancelada. <\/p>\n\n\n\n<p class=\"wp-block-paragraph\">Em um v\u00eddeo postado nas redes sociais de Mar\u00e7al, um profissional de sa\u00fade mencionou que ele sofreu uma fratura na costela, o que tamb\u00e9m foi confirmado pela assessoria do candidato. Sem previs\u00e3o de alta, ele passou por exames, incluindo uma tomografia, e foi medicado. At\u00e9 a publica\u00e7\u00e3o desta mat\u00e9ria, o hospital n\u00e3o havia divulgado o boletim m\u00e9dico com informa\u00e7\u00f5es detalhadas sobre o estado de sa\u00fade do <a href=\"https:\/\/www.threads.net\/@portalpopmais\" target=\"_blank\" rel=\"noopener\">influenciador digital<\/a>.<\/p>\n\n\n\n<div class=\"wp-block-group\"><div class=\"wp-block-group__inner-container is-layout-constrained wp-block-group-is-layout-constrained\">\n<h2 class=\"wp-block-heading\">Veja mais<\/h2>\n\n\n<ul class=\"wp-block-latest-posts__list is-grid wp-block-latest-posts is-layout-flow wp-block-latest-posts-is-layout-flow\"><li><div class=\"wp-block-latest-posts__featured-image aligncenter\"><a href=\"https:\/\/portalpopmais.com.br\/en\/morre-victor-miller-roteirista-original-de-sexta-feira-13-aos-86-anos\/\" aria-label=\"Morre Victor Miller, roteirista original de \u201cSexta-Feira 13\u201d, aos 86 anos\"><img loading=\"lazy\" decoding=\"async\" width=\"768\" height=\"456\" src=\"https:\/\/portalpopmais.com.br\/wp-content\/uploads\/2026\/09\/a-direcao-de-sexta-feira-13-ficou-a-cargo-de-sean-s-cunningham-2048x1152-1-768x456.jpg\" class=\"attachment-medium size-medium wp-post-image\" alt=\"a direcao de sexta feira 13 ficou a cargo de sean s cunningham 2048x1152\" style=\"\" srcset=\"https:\/\/portalpopmais.com.br\/wp-content\/uploads\/2026\/09\/a-direcao-de-sexta-feira-13-ficou-a-cargo-de-sean-s-cunningham-2048x1152-1-768x456.jpg 768w, https:\/\/portalpopmais.com.br\/wp-content\/uploads\/2026\/09\/a-direcao-de-sexta-feira-13-ficou-a-cargo-de-sean-s-cunningham-2048x1152-1-1170x694.jpg 1170w, https:\/\/portalpopmais.com.br\/wp-content\/uploads\/2026\/09\/a-direcao-de-sexta-feira-13-ficou-a-cargo-de-sean-s-cunningham-2048x1152-1-18x10.jpg 18w\" sizes=\"auto, (max-width: 768px) 100vw, 768px\" title=\"\"><\/a><\/div><a class=\"wp-block-latest-posts__post-title\" href=\"https:\/\/portalpopmais.com.br\/en\/morre-victor-miller-roteirista-original-de-sexta-feira-13-aos-86-anos\/\">Morre Victor Miller, roteirista original de \u201cSexta-Feira 13\u201d, aos 86 anos<\/a><\/li>\n<li><div class=\"wp-block-latest-posts__featured-image aligncenter\"><a href=\"https:\/\/portalpopmais.com.br\/en\/patricia-ramos-anuncia-fim-do-namoro-com-modelo-apos-dois-meses-e-responde-criticas-manda-curriculo\/\" aria-label=\"Patr\u00edcia Ramos anuncia fim do namoro com modelo ap\u00f3s dois meses e responde cr\u00edticas: &#8220;Manda curr\u00edculo&#8221;\"><img loading=\"lazy\" decoding=\"async\" width=\"768\" height=\"456\" src=\"https:\/\/portalpopmais.com.br\/wp-content\/uploads\/2026\/09\/texto-do-seu-paragrafo-2026-09-01t165110.515-768x456.jpeg\" class=\"attachment-medium size-medium wp-post-image\" alt=\"texto do seu paragrafo 2026 09 01t165110.515\" style=\"\" srcset=\"https:\/\/portalpopmais.com.br\/wp-content\/uploads\/2026\/09\/texto-do-seu-paragrafo-2026-09-01t165110.515-768x456.jpeg 768w, https:\/\/portalpopmais.com.br\/wp-content\/uploads\/2026\/09\/texto-do-seu-paragrafo-2026-09-01t165110.515-18x12.jpeg 18w\" sizes=\"auto, (max-width: 768px) 100vw, 768px\" title=\"\"><\/a><\/div><a class=\"wp-block-latest-posts__post-title\" href=\"https:\/\/portalpopmais.com.br\/en\/patricia-ramos-anuncia-fim-do-namoro-com-modelo-apos-dois-meses-e-responde-criticas-manda-curriculo\/\">Patr\u00edcia Ramos anuncia fim do namoro com modelo ap\u00f3s dois meses e responde cr\u00edticas: &#8220;Manda curr\u00edculo&#8221;<\/a><\/li>\n<li><div class=\"wp-block-latest-posts__featured-image aligncenter\"><a href=\"https:\/\/portalpopmais.com.br\/en\/esposa-tenta-convencer-roberto-justus-a-comer-escorpiao-e-grilo-durante-viagem-a-china\/\" aria-label=\"Esposa tenta convencer Roberto Justus a comer escorpi\u00e3o e grilo durante viagem \u00e0 China\"><img loading=\"lazy\" decoding=\"async\" width=\"768\" height=\"456\" src=\"https:\/\/portalpopmais.com.br\/wp-content\/uploads\/2026\/09\/image-16-768x456.png\" class=\"attachment-medium size-medium wp-post-image\" alt=\"image\" style=\"\" srcset=\"https:\/\/portalpopmais.com.br\/wp-content\/uploads\/2026\/09\/image-16-768x456.png 768w, https:\/\/portalpopmais.com.br\/wp-content\/uploads\/2026\/09\/image-16-18x10.png 18w, https:\/\/portalpopmais.com.br\/wp-content\/uploads\/2026\/09\/image-16-1170x694.png 1170w\" sizes=\"auto, (max-width: 768px) 100vw, 768px\" title=\"\"><\/a><\/div><a class=\"wp-block-latest-posts__post-title\" href=\"https:\/\/portalpopmais.com.br\/en\/esposa-tenta-convencer-roberto-justus-a-comer-escorpiao-e-grilo-durante-viagem-a-china\/\">Esposa tenta convencer Roberto Justus a comer escorpi\u00e3o e grilo durante viagem \u00e0 China<\/a><\/li>\n<li><div class=\"wp-block-latest-posts__featured-image aligncenter\"><a href=\"https:\/\/portalpopmais.com.br\/en\/harry-e-meghan-matriculam-archie-e-lilibet-em-escola-de-elite-com-mensalidade-superior-a-r-180-mil-por-ano\/\" aria-label=\"Harry e Meghan matriculam Archie e Lilibet em escola de elite com mensalidade superior a R$ 180 mil por ano\"><img loading=\"lazy\" decoding=\"async\" width=\"768\" height=\"456\" src=\"https:\/\/portalpopmais.com.br\/wp-content\/uploads\/2026\/09\/meghan-1766157304-3791124706129706755-54096840309-1--768x456.jpg\" class=\"attachment-medium size-medium wp-post-image\" alt=\"meghan 1766157304 3791124706129706755 54096840309 1\" style=\"\" srcset=\"https:\/\/portalpopmais.com.br\/wp-content\/uploads\/2026\/09\/meghan-1766157304-3791124706129706755-54096840309-1--768x456.jpg 768w, https:\/\/portalpopmais.com.br\/wp-content\/uploads\/2026\/09\/meghan-1766157304-3791124706129706755-54096840309-1--18x12.jpg 18w\" sizes=\"auto, (max-width: 768px) 100vw, 768px\" title=\"\"><\/a><\/div><a class=\"wp-block-latest-posts__post-title\" href=\"https:\/\/portalpopmais.com.br\/en\/harry-e-meghan-matriculam-archie-e-lilibet-em-escola-de-elite-com-mensalidade-superior-a-r-180-mil-por-ano\/\">Harry e Meghan matriculam Archie e Lilibet em escola de elite com mensalidade superior a R$ 180 mil por ano<\/a><\/li>\n<li><div class=\"wp-block-latest-posts__featured-image aligncenter\"><a href=\"https:\/\/portalpopmais.com.br\/en\/jake-andrich-nega-homofobia-apos-polemica-sobre-apoio-a-comunidade-a-coisa-mais-idiota-de-todas\/\" aria-label=\"Jake Andrich nega homofobia ap\u00f3s pol\u00eamica sobre apoio \u00e0 comunidade: &#8220;A coisa mais idiota de todas&#8221;\"><img loading=\"lazy\" decoding=\"async\" width=\"768\" height=\"456\" src=\"https:\/\/portalpopmais.com.br\/wp-content\/uploads\/2026\/09\/PI2Ei9JE-lgbt-768x456.webp\" class=\"attachment-medium size-medium wp-post-image\" alt=\"PI2Ei9JE lgbt\" style=\"\" srcset=\"https:\/\/portalpopmais.com.br\/wp-content\/uploads\/2026\/09\/PI2Ei9JE-lgbt-768x456.webp 768w, https:\/\/portalpopmais.com.br\/wp-content\/uploads\/2026\/09\/PI2Ei9JE-lgbt-1170x694.webp 1170w\" sizes=\"auto, (max-width: 768px) 100vw, 768px\" title=\"\"><\/a><\/div><a class=\"wp-block-latest-posts__post-title\" href=\"https:\/\/portalpopmais.com.br\/en\/jake-andrich-nega-homofobia-apos-polemica-sobre-apoio-a-comunidade-a-coisa-mais-idiota-de-todas\/\">Jake Andrich nega homofobia ap\u00f3s pol\u00eamica sobre apoio \u00e0 comunidade: &#8220;A coisa mais idiota de todas&#8221;<\/a><\/li>\n<li><div class=\"wp-block-latest-posts__featured-image aligncenter\"><a href=\"https:\/\/portalpopmais.com.br\/en\/astro-de-off-campus-e-escalado-para-sequencia-de-o-segredo-da-empregada-com-sydney-sweeney\/\" aria-label=\"Astro de &#8216;Off Campus&#8217; \u00e9 escalado para sequ\u00eancia de &#8216;O Segredo da Empregada&#8217; com Sydney Sweeney\"><img loading=\"lazy\" decoding=\"async\" width=\"768\" height=\"456\" src=\"https:\/\/portalpopmais.com.br\/wp-content\/uploads\/2026\/09\/Stephen-Kalyn-off-campus-768x456.png\" class=\"attachment-medium size-medium wp-post-image\" alt=\"Stephen Kalyn off campus\" style=\"\" srcset=\"https:\/\/portalpopmais.com.br\/wp-content\/uploads\/2026\/09\/Stephen-Kalyn-off-campus-768x456.png 768w, https:\/\/portalpopmais.com.br\/wp-content\/uploads\/2026\/09\/Stephen-Kalyn-off-campus-1170x694.png 1170w, https:\/\/portalpopmais.com.br\/wp-content\/uploads\/2026\/09\/Stephen-Kalyn-off-campus-18x10.png 18w\" sizes=\"auto, (max-width: 768px) 100vw, 768px\" title=\"\"><\/a><\/div><a class=\"wp-block-latest-posts__post-title\" href=\"https:\/\/portalpopmais.com.br\/en\/astro-de-off-campus-e-escalado-para-sequencia-de-o-segredo-da-empregada-com-sydney-sweeney\/\">Astro de &#8216;Off Campus&#8217; \u00e9 escalado para sequ\u00eancia de &#8216;O Segredo da Empregada&#8217; com Sydney Sweeney<\/a><\/li>\n<\/ul><\/div><\/div>\n\n\n\n<h2 class=\"wp-block-heading\">B.O. de Mar\u00e7al contra Datena<\/h2>\n\n\n\n<p class=\"wp-block-paragraph\">Segundo informa\u00e7\u00f5es do Correio Braziliense, um advogado de Mar\u00e7al esteve no 78\u00ba Distrito Policial registrar um boletim de ocorr\u00eancia contra Datena. A equipe do candidato tamb\u00e9m afirmou que solicitar\u00e1 a presen\u00e7a de seguran\u00e7as nos pr\u00f3ximos debates para evitar novas agress\u00f5es.<\/p>\n\n\n\n<h2 class=\"wp-block-heading\">Cadeirada ao vivo na TV<\/h2>\n\n\n\n<p class=\"wp-block-paragraph\">A agress\u00e3o ocorreu ap\u00f3s Mar\u00e7al fazer uma pergunta provocativa a Datena, questionando quando o apresentador desistiria de sua candidatura<\/p>\n\n\n\n<p class=\"wp-block-paragraph\">Provoca\u00e7\u00f5es de Mar\u00e7al a Datena antecederam a agress\u00e3o. O candidato do PRTB citou uma den\u00fancia de ass\u00e9dio sexual contra Datena e o questionou quando acabaria com a &#8220;palha\u00e7ada&#8221;, em uma refer\u00eancia sobre uma poss\u00edvel desist\u00eancia do opositor a concorrer o cargo. Datena rebateu, chamando de &#8220;ofensas e cal\u00fanias&#8221; os ataques de Mar\u00e7al, e chamando-o de &#8220;bandidinho&#8221;.<\/p>\n\n\n\n<figure class=\"wp-block-embed is-type-rich is-provider-instagram wp-block-embed-instagram\"><div class=\"wp-block-embed__wrapper\">\nhttps:\/\/www.instagram.com\/p\/C_9jCiEoD24\/\n<\/div><\/figure>","protected":false},"excerpt":{"rendered":"<p>Pablo Mar\u00e7al, candidato a prefeito de S\u00e3o Paulo pelo PRTB, passou a madrugada desta segunda-feira (16\/9) internado no Hospital S\u00edrio-Liban\u00eas, ap\u00f3s ser agredido por Jos\u00e9 Luiz Datena (PSDB) durante o debate da TV Cultura. A agenda de campanha dele nesta segunda foi cancelada. Em um v\u00eddeo postado nas redes sociais de Mar\u00e7al, um profissional de [&hellip;]<\/p>\n","protected":false},"author":2,"featured_media":217457,"comment_status":"closed","ping_status":"open","sticky":false,"template":"","format":"standard","meta":{"footnotes":""},"categories":[2165],"tags":[16824],"class_list":["post-217456","post","type-post","status-publish","format-standard","has-post-thumbnail","hentry","category-noticias","tag-pablo-marcal"],"_links":{"self":[{"href":"https:\/\/portalpopmais.com.br\/en\/wp-json\/wp\/v2\/posts\/217456","targetHints":{"allow":["GET"]}}],"collection":[{"href":"https:\/\/portalpopmais.com.br\/en\/wp-json\/wp\/v2\/posts"}],"about":[{"href":"https:\/\/portalpopmais.com.br\/en\/wp-json\/wp\/v2\/types\/post"}],"author":[{"embeddable":true,"href":"https:\/\/portalpopmais.com.br\/en\/wp-json\/wp\/v2\/users\/2"}],"replies":[{"embeddable":true,"href":"https:\/\/portalpopmais.com.br\/en\/wp-json\/wp\/v2\/comments?post=217456"}],"version-history":[{"count":0,"href":"https:\/\/portalpopmais.com.br\/en\/wp-json\/wp\/v2\/posts\/217456\/revisions"}],"wp:featuredmedia":[{"embeddable":true,"href":"https:\/\/portalpopmais.com.br\/en\/wp-json\/wp\/v2\/media\/217457"}],"wp:attachment":[{"href":"https:\/\/portalpopmais.com.br\/en\/wp-json\/wp\/v2\/media?parent=217456"}],"wp:term":[{"taxonomy":"category","embeddable":true,"href":"https:\/\/portalpopmais.com.br\/en\/wp-json\/wp\/v2\/categories?post=217456"},{"taxonomy":"post_tag","embeddable":true,"href":"https:\/\/portalpopmais.com.br\/en\/wp-json\/wp\/v2\/tags?post=217456"}],"curies":[{"name":"wp","href":"https:\/\/api.w.org\/{rel}","templated":true}]}}