{"id":217483,"date":"2024-09-16T13:37:20","date_gmt":"2024-09-16T16:37:20","guid":{"rendered":"https:\/\/portalpopmais.com.br\/?p=217483"},"modified":"2024-09-16T13:37:31","modified_gmt":"2024-09-16T16:37:31","slug":"nicki-minaj-cancela-a-versao-deluxe-e-anuncia-o-pink-friday-3","status":"publish","type":"post","link":"https:\/\/portalpopmais.com.br\/en\/nicki-minaj-cancela-a-versao-deluxe-e-anuncia-o-pink-friday-3\/","title":{"rendered":"Nicki Minaj cancela a vers\u00e3o deluxe e anuncia o \u2018Pink Friday 3\u2019"},"content":{"rendered":"<p class=\"wp-block-paragraph\">A rapper <a href=\"https:\/\/ikarus.mus.br\/artistas\/biografia-nicki-minaj\/\" target=\"_blank\" rel=\"noopener\"><strong>Nicki Minaj<\/strong><\/a> pegou todos de surpresa ao revelar que cancelou o lan\u00e7amento do \u2018Pink Friday 2: Gag City Reloaded\u2019, vers\u00e3o deluxe do seu \u00e1lbum mais recente. O disco deveria ter sa\u00eddo na \u00faltima sexta-feira (13).<\/p>\n\n\n\n<p class=\"wp-block-paragraph\">No lugar da vers\u00e3o deluxe, Nicki optou por lan\u00e7ar um novo \u00e1lbum, intitulado \u2018Pink Friday 3\u2019. No entanto, a data que ele ser\u00e1 disponibilizado n\u00e3o foi divulgada.<\/p>\n\n\n\n<div class=\"wp-block-group\"><div class=\"wp-block-group__inner-container is-layout-constrained wp-block-group-is-layout-constrained\">\n<h2 class=\"wp-block-heading\">Veja mais<\/h2>\n\n\n<ul class=\"wp-block-latest-posts__list is-grid aligncenter wp-block-latest-posts is-layout-flow wp-block-latest-posts-is-layout-flow\"><li><div class=\"wp-block-latest-posts__featured-image aligncenter\"><a href=\"https:\/\/portalpopmais.com.br\/en\/ricardo-blat-celebra-recuperacao-apos-transplante-de-medula-sou-um-privilegiado\/\" aria-label=\"Ricardo Blat celebra recupera\u00e7\u00e3o ap\u00f3s transplante de medula: &#8220;Sou um privilegiado&#8221;\"><img loading=\"lazy\" decoding=\"async\" width=\"768\" height=\"456\" src=\"https:\/\/portalpopmais.com.br\/wp-content\/uploads\/2026\/09\/1788136858381_242769-768x456.jpg\" class=\"attachment-medium size-medium wp-post-image\" alt=\"\" style=\"\" srcset=\"https:\/\/portalpopmais.com.br\/wp-content\/uploads\/2026\/09\/1788136858381_242769-768x456.jpg 768w, https:\/\/portalpopmais.com.br\/wp-content\/uploads\/2026\/09\/1788136858381_242769-1170x694.jpg 1170w, https:\/\/portalpopmais.com.br\/wp-content\/uploads\/2026\/09\/1788136858381_242769-18x12.jpg 18w\" sizes=\"auto, (max-width: 768px) 100vw, 768px\" title=\"\"><\/a><\/div><a class=\"wp-block-latest-posts__post-title\" href=\"https:\/\/portalpopmais.com.br\/en\/ricardo-blat-celebra-recuperacao-apos-transplante-de-medula-sou-um-privilegiado\/\">Ricardo Blat celebra recupera\u00e7\u00e3o ap\u00f3s transplante de medula: &#8220;Sou um privilegiado&#8221;<\/a><\/li>\n<li><div class=\"wp-block-latest-posts__featured-image aligncenter\"><a href=\"https:\/\/portalpopmais.com.br\/en\/rise-against-rock-in-rio-2026-setlist-show\/\" aria-label=\"Rise Against no Rock in Rio 2026: confira a poss\u00edvel setlist do show\"><img loading=\"lazy\" decoding=\"async\" width=\"768\" height=\"456\" src=\"https:\/\/portalpopmais.com.br\/wp-content\/uploads\/2026\/09\/rise-against-rock-in-rio-2026-setlist-show-768x456.jpg\" class=\"attachment-medium size-medium wp-post-image\" alt=\"rise-against-rock-in-rio-2026-setlist-show\" style=\"\" srcset=\"https:\/\/portalpopmais.com.br\/wp-content\/uploads\/2026\/09\/rise-against-rock-in-rio-2026-setlist-show-768x456.jpg 768w, https:\/\/portalpopmais.com.br\/wp-content\/uploads\/2026\/09\/rise-against-rock-in-rio-2026-setlist-show-1170x694.jpg 1170w, https:\/\/portalpopmais.com.br\/wp-content\/uploads\/2026\/09\/rise-against-rock-in-rio-2026-setlist-show-18x10.jpg 18w\" sizes=\"auto, (max-width: 768px) 100vw, 768px\" title=\"\"><\/a><\/div><a class=\"wp-block-latest-posts__post-title\" href=\"https:\/\/portalpopmais.com.br\/en\/rise-against-rock-in-rio-2026-setlist-show\/\">Rise Against no Rock in Rio 2026: confira a poss\u00edvel setlist do show<\/a><\/li>\n<li><div class=\"wp-block-latest-posts__featured-image aligncenter\"><a href=\"https:\/\/portalpopmais.com.br\/en\/guitarra-george-michael-leilao\/\" aria-label=\"Guitarra usada por George Michael deve ser ser leiloada por at\u00e9 R$ 830 mil\"><img loading=\"lazy\" decoding=\"async\" width=\"768\" height=\"456\" src=\"https:\/\/portalpopmais.com.br\/wp-content\/uploads\/2026\/09\/guitarra-george-michael-deve-ir-leilao-768x456.jpg\" class=\"attachment-medium size-medium wp-post-image\" alt=\"guitarra george michael deve ir leilao\" style=\"\" srcset=\"https:\/\/portalpopmais.com.br\/wp-content\/uploads\/2026\/09\/guitarra-george-michael-deve-ir-leilao-768x456.jpg 768w, https:\/\/portalpopmais.com.br\/wp-content\/uploads\/2026\/09\/guitarra-george-michael-deve-ir-leilao-1170x694.jpg 1170w, https:\/\/portalpopmais.com.br\/wp-content\/uploads\/2026\/09\/guitarra-george-michael-deve-ir-leilao-18x10.jpg 18w\" sizes=\"auto, (max-width: 768px) 100vw, 768px\" title=\"\"><\/a><\/div><a class=\"wp-block-latest-posts__post-title\" href=\"https:\/\/portalpopmais.com.br\/en\/guitarra-george-michael-leilao\/\">Guitarra usada por George Michael deve ser ser leiloada por at\u00e9 R$ 830 mil<\/a><\/li>\n<li><div class=\"wp-block-latest-posts__featured-image aligncenter\"><a href=\"https:\/\/portalpopmais.com.br\/en\/virginia-pediu-dinheiro-live\/\" aria-label=\"Virginia Fonseca \u00e9 alvo de cr\u00edticas ap\u00f3s pedir dinheiro em live no TikTok\"><img loading=\"lazy\" decoding=\"async\" width=\"768\" height=\"456\" src=\"https:\/\/portalpopmais.com.br\/wp-content\/uploads\/2026\/08\/virginia-viraliza-resposta-ia-portalpopmais-768x456.png\" class=\"attachment-medium size-medium wp-post-image\" alt=\"virginia viraliza resposta ia portalpopmais\" style=\"\" srcset=\"https:\/\/portalpopmais.com.br\/wp-content\/uploads\/2026\/08\/virginia-viraliza-resposta-ia-portalpopmais-768x456.png 768w, https:\/\/portalpopmais.com.br\/wp-content\/uploads\/2026\/08\/virginia-viraliza-resposta-ia-portalpopmais-1170x694.png 1170w, https:\/\/portalpopmais.com.br\/wp-content\/uploads\/2026\/08\/virginia-viraliza-resposta-ia-portalpopmais-18x10.png 18w\" sizes=\"auto, (max-width: 768px) 100vw, 768px\" title=\"\"><\/a><\/div><a class=\"wp-block-latest-posts__post-title\" href=\"https:\/\/portalpopmais.com.br\/en\/virginia-pediu-dinheiro-live\/\">Virginia Fonseca \u00e9 alvo de cr\u00edticas ap\u00f3s pedir dinheiro em live no TikTok<\/a><\/li>\n<li><div class=\"wp-block-latest-posts__featured-image aligncenter\"><a href=\"https:\/\/portalpopmais.com.br\/en\/setlist-the-hives-rock-in-rio-2026\/\" aria-label=\"The Hives no Rock in Rio 2026: confira a poss\u00edvel setlist, hor\u00e1rio e palco do show\"><img loading=\"lazy\" decoding=\"async\" width=\"768\" height=\"456\" src=\"https:\/\/portalpopmais.com.br\/wp-content\/uploads\/2026\/09\/setlist-the-hives-rock-in-rio-2026-768x456.jpg\" class=\"attachment-medium size-medium wp-post-image\" alt=\"setlist-the-hives-rock-in-rio-2026\" style=\"\" srcset=\"https:\/\/portalpopmais.com.br\/wp-content\/uploads\/2026\/09\/setlist-the-hives-rock-in-rio-2026-768x456.jpg 768w, https:\/\/portalpopmais.com.br\/wp-content\/uploads\/2026\/09\/setlist-the-hives-rock-in-rio-2026-1170x694.jpg 1170w, https:\/\/portalpopmais.com.br\/wp-content\/uploads\/2026\/09\/setlist-the-hives-rock-in-rio-2026-18x10.jpg 18w\" sizes=\"auto, (max-width: 768px) 100vw, 768px\" title=\"\"><\/a><\/div><a class=\"wp-block-latest-posts__post-title\" href=\"https:\/\/portalpopmais.com.br\/en\/setlist-the-hives-rock-in-rio-2026\/\">The Hives no Rock in Rio 2026: confira a poss\u00edvel setlist, hor\u00e1rio e palco do show<\/a><\/li>\n<li><div class=\"wp-block-latest-posts__featured-image aligncenter\"><a href=\"https:\/\/portalpopmais.com.br\/en\/lito-sousa-video-chances-escapar\/\" aria-label=\"&#8220;Tenho 0,1% de chance de escapar&#8221;, diz Lito Sousa sobre doen\u00e7a rara\"><img loading=\"lazy\" decoding=\"async\" width=\"768\" height=\"456\" src=\"https:\/\/portalpopmais.com.br\/wp-content\/uploads\/2026\/08\/lito-sousa-768x456.jpg\" class=\"attachment-medium size-medium wp-post-image\" alt=\"lito sousa\" style=\"\" srcset=\"https:\/\/portalpopmais.com.br\/wp-content\/uploads\/2026\/08\/lito-sousa-768x456.jpg 768w, https:\/\/portalpopmais.com.br\/wp-content\/uploads\/2026\/08\/lito-sousa-1170x694.jpg 1170w, https:\/\/portalpopmais.com.br\/wp-content\/uploads\/2026\/08\/lito-sousa-18x10.jpg 18w\" sizes=\"auto, (max-width: 768px) 100vw, 768px\" title=\"\"><\/a><\/div><a class=\"wp-block-latest-posts__post-title\" href=\"https:\/\/portalpopmais.com.br\/en\/lito-sousa-video-chances-escapar\/\">&#8220;Tenho 0,1% de chance de escapar&#8221;, diz Lito Sousa sobre doen\u00e7a rara<\/a><\/li>\n<\/ul><\/div><\/div>\n\n\n\n<p class=\"wp-block-paragraph\">A rapper contou que as m\u00fasicas novas s\u00e3o t\u00e3o boas que merecem estar em um novo disco. Onika tamb\u00e9m disse que o lan\u00e7amento ser\u00e1 muito em <a href=\"http:\/\/portalpopmais.com.br\/en\/\">breve<\/a>.<\/p>\n\n\n\n<figure class=\"wp-block-embed is-type-rich is-provider-bluesky wp-block-embed-bluesky\"><div class=\"wp-block-embed__wrapper\">\n<blockquote class=\"bluesky-embed\" data-bluesky-uri=\"at:\/\/did:plc:jqs453ktxco5ho5z46wardhp\/app.bsky.feed.post\/3l4bmiakneg2j\" data-bluesky-cid=\"bafyreibdsfgny4pnf43xpfgltghbcblrucwkbw326octe74bc7y6sua47e\"><p lang=\"pt\">Nicki Minaj anuncia que lan\u00e7ar\u00e1 um novo \u00e1lbum, &#34;Pink Friday 3&#34;, em vez de uma edi\u00e7\u00e3o deluxe de &#34;Pink Friday 2&#34;.<\/p>&mdash; <a href=\"https:\/\/bsky.app\/profile\/did:plc:jqs453ktxco5ho5z46wardhp?ref_src=embed\" target=\"_blank\" rel=\"noopener\">Tracklist (@tracklist.com.br)<\/a> <a href=\"https:\/\/bsky.app\/profile\/did:plc:jqs453ktxco5ho5z46wardhp\/post\/3l4bmiakneg2j?ref_src=embed\" target=\"_blank\" rel=\"noopener\">2024-09-16T13:32:58.389Z<\/a><\/blockquote><script async src=\"https:\/\/embed.bsky.app\/static\/embed.js\" charset=\"utf-8\"><\/script>\n<\/div><\/figure>","protected":false},"excerpt":{"rendered":"<p>A rapper Nicki Minaj pegou todos de surpresa ao revelar que cancelou o lan\u00e7amento do \u2018Pink Friday 2: Gag City Reloaded\u2019, vers\u00e3o deluxe do seu \u00e1lbum mais recente. O disco deveria ter sa\u00eddo na \u00faltima sexta-feira (13). No lugar da vers\u00e3o deluxe, Nicki optou por lan\u00e7ar um novo \u00e1lbum, intitulado \u2018Pink Friday 3\u2019. No entanto, [&hellip;]<\/p>\n","protected":false},"author":2,"featured_media":133331,"comment_status":"closed","ping_status":"open","sticky":false,"template":"","format":"standard","meta":{"footnotes":""},"categories":[154],"tags":[251],"class_list":["post-217483","post","type-post","status-publish","format-standard","has-post-thumbnail","hentry","category-musica","tag-nicki-minaj"],"_links":{"self":[{"href":"https:\/\/portalpopmais.com.br\/en\/wp-json\/wp\/v2\/posts\/217483","targetHints":{"allow":["GET"]}}],"collection":[{"href":"https:\/\/portalpopmais.com.br\/en\/wp-json\/wp\/v2\/posts"}],"about":[{"href":"https:\/\/portalpopmais.com.br\/en\/wp-json\/wp\/v2\/types\/post"}],"author":[{"embeddable":true,"href":"https:\/\/portalpopmais.com.br\/en\/wp-json\/wp\/v2\/users\/2"}],"replies":[{"embeddable":true,"href":"https:\/\/portalpopmais.com.br\/en\/wp-json\/wp\/v2\/comments?post=217483"}],"version-history":[{"count":0,"href":"https:\/\/portalpopmais.com.br\/en\/wp-json\/wp\/v2\/posts\/217483\/revisions"}],"wp:featuredmedia":[{"embeddable":true,"href":"https:\/\/portalpopmais.com.br\/en\/wp-json\/wp\/v2\/media\/133331"}],"wp:attachment":[{"href":"https:\/\/portalpopmais.com.br\/en\/wp-json\/wp\/v2\/media?parent=217483"}],"wp:term":[{"taxonomy":"category","embeddable":true,"href":"https:\/\/portalpopmais.com.br\/en\/wp-json\/wp\/v2\/categories?post=217483"},{"taxonomy":"post_tag","embeddable":true,"href":"https:\/\/portalpopmais.com.br\/en\/wp-json\/wp\/v2\/tags?post=217483"}],"curies":[{"name":"wp","href":"https:\/\/api.w.org\/{rel}","templated":true}]}}