{"id":218588,"date":"2024-10-02T10:08:17","date_gmt":"2024-10-02T13:08:17","guid":{"rendered":"https:\/\/portalpopmais.com.br\/?p=218588"},"modified":"2024-10-02T10:08:21","modified_gmt":"2024-10-02T13:08:21","slug":"michael-schumacher-aparece-em-casamento","status":"publish","type":"post","link":"https:\/\/portalpopmais.com.br\/en\/michael-schumacher-aparece-em-casamento\/","title":{"rendered":"Michael Schumacher \u00e9 visto pela 1\u00aa vez em 11 anos no casamento da filha"},"content":{"rendered":"<p>O ex-piloto de F\u00f3rmula 1<strong> <a href=\"http:\/\/portalpopmais.com.br\/en\/\">Michael Schumacher<\/a><\/strong> teria feito a sua primeira apari\u00e7\u00e3o p\u00fablica em 11 anos. Ele vem se mantendo restrito em tratamento desde o acidente de ski, em dezembro de 2013, que o deixou inconsciente em cima de uma cama. A fam\u00edlia protegeu o campe\u00e3o da curiosidade do p\u00fablico durante todo esse tempo.<\/p>\n\n\n\n<p>Entretanto, segundo informa\u00e7\u00f5es do jornal alem\u00e3o Bild, Schumacher teria comparecido ao casamento de sua filha, Gina-Maria, que aconteceu no \u00faltimo final de semana, na Espanha. O ex-piloto ficou todo o tempo acompanhado pela esposa Corinna.<\/p>\n\n\n\n<ul class=\"wp-block-list\">\n<li><strong><a href=\"http:\/\/ikarus.mus.br\/\" target=\"_blank\" rel=\"noreferrer noopener\">As letras e tradu\u00e7\u00f5es das m\u00fasicas do seu artista preferido est\u00e3o no IKARUS!<\/a><\/strong><\/li>\n<\/ul>\n\n\n\n<h2 class=\"wp-block-heading\">Medidas de seguran\u00e7a <\/h2>\n\n\n\n<p>Ainda de acordo com o Bild, a fam\u00edlia de Michael Schumacher tomou diversas medidas para evitar que qualquer convidado vazasse imagens do piloto, que nunca foi visto pelo p\u00fablico desde o acidente. Entre as a\u00e7\u00f5es foi o confisco dos celulares dos convidados, devolvidos ap\u00f3s o fim da cerim\u00f4nia.<\/p>\n\n\n\n<p>Al\u00e9m disso, Schumi ficou em uma \u00e1rea restrita \u00e0 fam\u00edlia, onde apenas convidados de confian\u00e7a podiam circular.<\/p>\n\n\n\n<p>O ve\u00edculo tamb\u00e9m diz que MIchael estaria viajando com frequ\u00eancia de helic\u00f3ptero da casa da fam\u00edlia na Su\u00ed\u00e7a at\u00e9 a Espanha.<\/p>\n\n\n<div class=\"wp-block-image\">\n<figure class=\"aligncenter size-large\"><img loading=\"lazy\" decoding=\"async\" width=\"1170\" height=\"694\" src=\"https:\/\/portalpopmais.com.br\/wp-content\/uploads\/2024\/10\/image-5-1170x694.png\" alt=\"\" class=\"wp-image-218589\" title=\"\" srcset=\"https:\/\/portalpopmais.com.br\/wp-content\/uploads\/2024\/10\/image-5-1170x694.png 1170w, https:\/\/portalpopmais.com.br\/wp-content\/uploads\/2024\/10\/image-5-768x456.png 768w\" sizes=\"auto, (max-width: 1170px) 100vw, 1170px\" \/><figcaption class=\"wp-element-caption\">O ex-piloto de F\u00f3rmula 1 Michael Schumacher &#8211; Foto: Reprodu\u00e7\u00e3o<\/figcaption><\/figure>\n<\/div>\n\n\n<h2 class=\"wp-block-heading\">Vazamento de imagens do piloto<\/h2>\n\n\n\n<p>Em 2016, o jornal &#8220;Mundo Deportivo&#8221; noticiou que uma pessoa teria conseguido fazer uma foto do heptacampe\u00e3o em um leito hospitalar. A imagem foi oferecida a ve\u00edculos de comunica\u00e7\u00e3o da Europa por um milh\u00e3o de euros, cerca de R$ 3,5 milh\u00f5es em valores da \u00e9poca. Schumacher se recupera em uma casa na cidade de Genebra, na Su\u00ed\u00e7a, e a imagem teria sido feita pelo fot\u00f3grafo ap\u00f3s ele ter furado o cerco de seguran\u00e7a.<\/p>\n\n\n\n<div class=\"wp-block-group\"><div class=\"wp-block-group__inner-container is-layout-constrained wp-block-group-is-layout-constrained\">\n<h2 class=\"wp-block-heading\">Veja mais<\/h2>\n\n\n<ul class=\"wp-block-latest-posts__list is-grid columns-3 aligncenter wp-block-latest-posts\"><li><div class=\"wp-block-latest-posts__featured-image aligncenter\"><a href=\"https:\/\/portalpopmais.com.br\/en\/pedro-novaes-ja-apareceu-nu-na-internet\/\" aria-label=\"Pedro Novaes j\u00e1 apareceu nu na internet\"><img loading=\"lazy\" decoding=\"async\" width=\"586\" height=\"456\" src=\"https:\/\/portalpopmais.com.br\/wp-content\/uploads\/2025\/02\/2020-08-18-pedro-novaes-586x456.jpg\" class=\"attachment-medium size-medium wp-post-image\" alt=\"\" style=\"\" title=\"\"><\/a><\/div><a class=\"wp-block-latest-posts__post-title\" href=\"https:\/\/portalpopmais.com.br\/en\/pedro-novaes-ja-apareceu-nu-na-internet\/\">Pedro Novaes j\u00e1 apareceu nu na internet<\/a><\/li>\n<li><div class=\"wp-block-latest-posts__featured-image aligncenter\"><a href=\"https:\/\/portalpopmais.com.br\/en\/luana-piovani-rebate-criticas-apos-polemica-com-virginia-fonseca-voces-criaram-esse-monstro-video\/\" aria-label=\"Ap\u00f3s embate com Virginia, Luana Piovani dispara: &#8220;Voc\u00eas criaram esse monstro&#8221;\"><img loading=\"lazy\" decoding=\"async\" width=\"768\" height=\"435\" src=\"https:\/\/portalpopmais.com.br\/wp-content\/uploads\/2025\/07\/luana-piovani-virginia-fonseca-look-neymar-768x435.webp\" class=\"attachment-medium size-medium wp-post-image\" alt=\"\" style=\"\" title=\"\"><\/a><\/div><a class=\"wp-block-latest-posts__post-title\" href=\"https:\/\/portalpopmais.com.br\/en\/luana-piovani-rebate-criticas-apos-polemica-com-virginia-fonseca-voces-criaram-esse-monstro-video\/\">Ap\u00f3s embate com Virginia, Luana Piovani dispara: &#8220;Voc\u00eas criaram esse monstro&#8221;<\/a><\/li>\n<li><div class=\"wp-block-latest-posts__featured-image aligncenter\"><a href=\"https:\/\/portalpopmais.com.br\/en\/britney-spears-e-vista-pela-primeira-vez-apos-internacao-em-clinica-de-reabilitacao\/\" aria-label=\"Britney Spears \u00e9 vista pela primeira vez ap\u00f3s interna\u00e7\u00e3o em cl\u00ednica de reabilita\u00e7\u00e3o\"><img loading=\"lazy\" decoding=\"async\" width=\"768\" height=\"456\" src=\"https:\/\/portalpopmais.com.br\/wp-content\/uploads\/2026\/03\/comprimidos-britney-spears-768x456.jpg\" class=\"attachment-medium size-medium wp-post-image\" alt=\"comprimidos britney spears\" style=\"\" srcset=\"https:\/\/portalpopmais.com.br\/wp-content\/uploads\/2026\/03\/comprimidos-britney-spears-768x456.jpg 768w, https:\/\/portalpopmais.com.br\/wp-content\/uploads\/2026\/03\/comprimidos-britney-spears-1170x694.jpg 1170w, https:\/\/portalpopmais.com.br\/wp-content\/uploads\/2026\/03\/comprimidos-britney-spears-18x12.jpg 18w\" sizes=\"auto, (max-width: 768px) 100vw, 768px\" title=\"\"><\/a><\/div><a class=\"wp-block-latest-posts__post-title\" href=\"https:\/\/portalpopmais.com.br\/en\/britney-spears-e-vista-pela-primeira-vez-apos-internacao-em-clinica-de-reabilitacao\/\">Britney Spears \u00e9 vista pela primeira vez ap\u00f3s interna\u00e7\u00e3o em cl\u00ednica de reabilita\u00e7\u00e3o<\/a><\/li>\n<li><div class=\"wp-block-latest-posts__featured-image aligncenter\"><a href=\"https:\/\/portalpopmais.com.br\/en\/poliana-rocha-fala-sobre-desavenca-entre-filhas-de-leonardo\/\" aria-label=\"Poliana Rocha fala sobre desaven\u00e7a entre filhas de Leonardo\"><img loading=\"lazy\" decoding=\"async\" width=\"768\" height=\"456\" src=\"https:\/\/portalpopmais.com.br\/wp-content\/uploads\/2025\/08\/poliana-rocha-2025-04-10-at-120000-768x456.jpeg\" class=\"attachment-medium size-medium wp-post-image\" alt=\"\" style=\"\" srcset=\"https:\/\/portalpopmais.com.br\/wp-content\/uploads\/2025\/08\/poliana-rocha-2025-04-10-at-120000-768x456.jpeg 768w, https:\/\/portalpopmais.com.br\/wp-content\/uploads\/2025\/08\/poliana-rocha-2025-04-10-at-120000-1170x694.jpeg 1170w, https:\/\/portalpopmais.com.br\/wp-content\/uploads\/2025\/08\/poliana-rocha-2025-04-10-at-120000-18x10.jpeg 18w\" sizes=\"auto, (max-width: 768px) 100vw, 768px\" title=\"\"><\/a><\/div><a class=\"wp-block-latest-posts__post-title\" href=\"https:\/\/portalpopmais.com.br\/en\/poliana-rocha-fala-sobre-desavenca-entre-filhas-de-leonardo\/\">Poliana Rocha fala sobre desaven\u00e7a entre filhas de Leonardo<\/a><\/li>\n<li><div class=\"wp-block-latest-posts__featured-image aligncenter\"><a href=\"https:\/\/portalpopmais.com.br\/en\/apresentadora-anuncia-diagnostico-de-cancer-ao-vivo-e-se-emociona-assista\/\" aria-label=\"Apresentadora anuncia diagn\u00f3stico de c\u00e2ncer ao vivo e se emociona; assista\"><img loading=\"lazy\" decoding=\"async\" width=\"768\" height=\"456\" src=\"https:\/\/portalpopmais.com.br\/wp-content\/uploads\/2026\/05\/apresentadora-anunica-cancer-ao-vivo-768x456.png\" class=\"attachment-medium size-medium wp-post-image\" alt=\"apresentadora anunica cancer ao vivo\" style=\"\" srcset=\"https:\/\/portalpopmais.com.br\/wp-content\/uploads\/2026\/05\/apresentadora-anunica-cancer-ao-vivo-768x456.png 768w, https:\/\/portalpopmais.com.br\/wp-content\/uploads\/2026\/05\/apresentadora-anunica-cancer-ao-vivo-18x12.png 18w\" sizes=\"auto, (max-width: 768px) 100vw, 768px\" title=\"\"><\/a><\/div><a class=\"wp-block-latest-posts__post-title\" href=\"https:\/\/portalpopmais.com.br\/en\/apresentadora-anuncia-diagnostico-de-cancer-ao-vivo-e-se-emociona-assista\/\">Apresentadora anuncia diagn\u00f3stico de c\u00e2ncer ao vivo e se emociona; assista<\/a><\/li>\n<li><div class=\"wp-block-latest-posts__featured-image aligncenter\"><a href=\"https:\/\/portalpopmais.com.br\/en\/ana-castela-adota-gato\/\" aria-label=\"Ana Castela ganha gatinho e diverte f\u00e3s com relatos nas redes sociais\"><img loading=\"lazy\" decoding=\"async\" width=\"768\" height=\"456\" src=\"https:\/\/portalpopmais.com.br\/wp-content\/uploads\/2026\/05\/ana-castela-adota-gato-768x456.png\" class=\"attachment-medium size-medium wp-post-image\" alt=\"ana castela adota gato\" style=\"\" srcset=\"https:\/\/portalpopmais.com.br\/wp-content\/uploads\/2026\/05\/ana-castela-adota-gato-768x456.png 768w, https:\/\/portalpopmais.com.br\/wp-content\/uploads\/2026\/05\/ana-castela-adota-gato-1170x694.png 1170w, https:\/\/portalpopmais.com.br\/wp-content\/uploads\/2026\/05\/ana-castela-adota-gato-18x12.png 18w\" sizes=\"auto, (max-width: 768px) 100vw, 768px\" title=\"\"><\/a><\/div><a class=\"wp-block-latest-posts__post-title\" href=\"https:\/\/portalpopmais.com.br\/en\/ana-castela-adota-gato\/\">Ana Castela ganha gatinho e diverte f\u00e3s com relatos nas redes sociais<\/a><\/li>\n<\/ul><\/div><\/div>\n\n\n\n<h2 class=\"wp-block-heading\">Acidente de Schumacher<\/h2>\n\n\n\n<p>Em 29 de dezembro de 2013, Michael Schumacher um grave acidente de ski, em M\u00e9ribel, na Fran\u00e7a. O ex-piloto alem\u00e3o, sete vezes campe\u00e3o mundial de F\u00f3rmula 1, teve um trauma grave ao bater a cabe\u00e7a em uma pedra.<\/p>\n\n\n\n<p>De acordo com reportagem do ge, entrevistas de m\u00e9dicos \u00e0 \u00e9poca, caso Schumi n\u00e3o estivesse com capacete, teria morrido na hora. O impacto resultou em v\u00e1rias les\u00f5es: traumatismo craniano, edema cerebral. Foi necess\u00e1ria uma interven\u00e7\u00e3o cir\u00fargica na cabe\u00e7a.<\/p>\n\n\n<div class=\"wp-block-image\">\n<figure class=\"aligncenter size-full\"><img loading=\"lazy\" decoding=\"async\" width=\"874\" height=\"461\" src=\"https:\/\/portalpopmais.com.br\/wp-content\/uploads\/2024\/10\/image-6.png\" alt=\"\" class=\"wp-image-218590\" title=\"\"><figcaption class=\"wp-element-caption\">Esta\u00e7\u00e3o de ski em M\u00e9ribel, local do acidente &#8211; Foto: Reprodu\u00e7\u00e3o<\/figcaption><\/figure>\n<\/div>\n\n\n<p>Michael foi colocado em coma induzido para recupera\u00e7\u00e3o das les\u00f5es cerebrais. Em Abril de 2014, ele foi retirado do coma e segue a recupera\u00e7\u00e3o com poucas not\u00edcias sobre o atual estado de sa\u00fade.<\/p>\n\n\n\n<p>Atualmente, Schumi faz a recupera\u00e7\u00e3o em sua resid\u00eancia, na comuna de Gland, na Su\u00ed\u00e7a. Apenas alguns familiares e amigos realizam visitas ao heptacampe\u00e3o da F\u00f3rmula 1.<\/p>","protected":false},"excerpt":{"rendered":"<p>O ex-piloto de F\u00f3rmula 1 Michael Schumacher teria feito a sua primeira apari\u00e7\u00e3o p\u00fablica em 11 anos. Ele vem se mantendo restrito em tratamento desde o acidente de ski, em dezembro de 2013, que o deixou inconsciente em cima de uma cama. A fam\u00edlia protegeu o campe\u00e3o da curiosidade do p\u00fablico durante todo esse tempo. [&hellip;]<\/p>\n","protected":false},"author":1,"featured_media":177355,"comment_status":"closed","ping_status":"closed","sticky":false,"template":"","format":"standard","meta":{"footnotes":""},"categories":[173],"tags":[12128],"class_list":["post-218588","post","type-post","status-publish","format-standard","has-post-thumbnail","hentry","category-celebridades","tag-michael-schumacher"],"_links":{"self":[{"href":"https:\/\/portalpopmais.com.br\/en\/wp-json\/wp\/v2\/posts\/218588","targetHints":{"allow":["GET"]}}],"collection":[{"href":"https:\/\/portalpopmais.com.br\/en\/wp-json\/wp\/v2\/posts"}],"about":[{"href":"https:\/\/portalpopmais.com.br\/en\/wp-json\/wp\/v2\/types\/post"}],"author":[{"embeddable":true,"href":"https:\/\/portalpopmais.com.br\/en\/wp-json\/wp\/v2\/users\/1"}],"replies":[{"embeddable":true,"href":"https:\/\/portalpopmais.com.br\/en\/wp-json\/wp\/v2\/comments?post=218588"}],"version-history":[{"count":0,"href":"https:\/\/portalpopmais.com.br\/en\/wp-json\/wp\/v2\/posts\/218588\/revisions"}],"wp:featuredmedia":[{"embeddable":true,"href":"https:\/\/portalpopmais.com.br\/en\/wp-json\/wp\/v2\/media\/177355"}],"wp:attachment":[{"href":"https:\/\/portalpopmais.com.br\/en\/wp-json\/wp\/v2\/media?parent=218588"}],"wp:term":[{"taxonomy":"category","embeddable":true,"href":"https:\/\/portalpopmais.com.br\/en\/wp-json\/wp\/v2\/categories?post=218588"},{"taxonomy":"post_tag","embeddable":true,"href":"https:\/\/portalpopmais.com.br\/en\/wp-json\/wp\/v2\/tags?post=218588"}],"curies":[{"name":"wp","href":"https:\/\/api.w.org\/{rel}","templated":true}]}}