{"id":21911,"date":"2019-04-22T16:03:30","date_gmt":"2019-04-22T19:03:30","guid":{"rendered":"http:\/\/popmais.com.br\/?p=21911"},"modified":"2019-04-22T16:03:30","modified_gmt":"2019-04-22T19:03:30","slug":"ariana-grande-compartilha-mensagem-sobre-depressao-no-instagram-e-deixa-fas-preocupados","status":"publish","type":"post","link":"https:\/\/portalpopmais.com.br\/en\/ariana-grande-compartilha-mensagem-sobre-depressao-no-instagram-e-deixa-fas-preocupados\/","title":{"rendered":"Ariana Grande compartilha mensagem sobre depress\u00e3o no Instagram e deixa f\u00e3s preocupados"},"content":{"rendered":"<p><strong>Ariana Grande<\/strong> deixou os f\u00e3s bastante preocupados no s\u00e1bado (20) ao compartilhar uma cita\u00e7\u00e3o de <strong>Jim Carey<\/strong> sobre depress\u00e3o no <em>Instagram<\/em>.<\/p>\n<p>&#8220;<em>Depress\u00e3o \u00e9 o seu corpo dizendo: \u2018Eu n\u00e3o quero mais ser esse personagem. Eu n\u00e3o quero ficar nesse avatar que foi criado no mundo. \u00c9 demais para mim. Voc\u00ea deveria pensar na palavra \u2018deprimido\u2019 como \u2018descanso profundo\u2019. O seu corpo precisa precisa ficar deprimido. Ele precisa descansar profundamente do personagem que voc\u00ea tem tentado interpretar&#8221; <\/em>junto da imagem a cantora escreveu <em>&#8220;O amor da minha vida para sempre&#8221;.<\/em><\/p>\n<p style=\"text-align:center;\"><img loading=\"lazy\" decoding=\"async\" class=\"aligncenter\" src=\"https:\/\/media.hugogloss.uol.com.br\/uploads\/2019\/04\/jimari.jpg\" width=\"522\" height=\"522\" alt=\"\" title=\"\"><em>Foto: Reprodu\u00e7\u00e3o Instagram\/Ariana Grande<\/em><\/p>\n<p>Ariana tamb\u00e9m revelou que seu primeiro usu\u00e1rio foi<em> &#8216;jimcarreyfan42&#8217;<\/em> durante a quarta s\u00e9rie. Em tweets j\u00e1 apagados, a cantora teria publicado que &#8220;<em>Eu s\u00f3 estou compartilhando. \u00c9 dif\u00edcil, e eu estou tentando, e a minha alma est\u00e1 confusa e cansada, e eu amo voc\u00eas&#8221;. <\/em>J\u00e1 durante a quinta-feira Ariana respondeu a um f\u00e3 que falava sobre a negatividade recebida\u00a0<em>&#8220;Eu apenas me sinto vazia e eu gostaria de ter mais o que dizer \/ uma energia melhor para dar a voc\u00eas, eu n\u00e3o tenho nada. Amo voc\u00eas&#8221;.<\/em><\/p>\n<blockquote class=\"twitter-tweet\" data-width=\"550\" data-dnt=\"true\">\n<p lang=\"en\" dir=\"ltr\">i just feel empty and i wanna have more to say \/ better energy to give to u and rn i don\u2019t have anything. love u. \ud83d\udda4\ud83d\udcbb<\/p>\n<p>&mdash; Ariana Grande (@ArianaGrande) <a href=\"https:\/\/twitter.com\/ArianaGrande\/status\/1118961926908727296?ref_src=twsrc%5Etfw\" target=\"_blank\" rel=\"noopener\">April 18, 2019<\/a><\/p><\/blockquote>\n<p><script async src=\"https:\/\/platform.twitter.com\/widgets.js\" charset=\"utf-8\"><\/script><\/p>\n<p>Desde o a morte de seu ex-namorado <strong>Mac Miller<\/strong> e do t\u00e9rmino de seu noivado com <strong>Pete Davidson<\/strong>, a int\u00e9rprete de <em>&#8220;thank u, next&#8221;<\/em> vem se exponde de forma bastante sincera com seus f\u00e3s.<\/p>\n<p>&nbsp;<\/p>","protected":false},"excerpt":{"rendered":"<p>Ariana Grande deixou os f\u00e3s bastante preocupados no s\u00e1bado (20) ao compartilhar uma cita\u00e7\u00e3o de Jim Carey sobre depress\u00e3o no Instagram. &#8220;Depress\u00e3o \u00e9 o seu corpo dizendo: \u2018Eu n\u00e3o quero mais ser esse personagem. Eu n\u00e3o quero ficar nesse avatar que foi criado no mundo. \u00c9 demais para mim. Voc\u00ea deveria pensar na palavra \u2018deprimido\u2019 [&hellip;]<\/p>\n","protected":false},"author":2,"featured_media":21913,"comment_status":"open","ping_status":"open","sticky":false,"template":"","format":"standard","meta":{"footnotes":""},"categories":[173],"tags":[21],"class_list":["post-21911","post","type-post","status-publish","format-standard","has-post-thumbnail","hentry","category-celebridades","tag-ariana-grande"],"_links":{"self":[{"href":"https:\/\/portalpopmais.com.br\/en\/wp-json\/wp\/v2\/posts\/21911","targetHints":{"allow":["GET"]}}],"collection":[{"href":"https:\/\/portalpopmais.com.br\/en\/wp-json\/wp\/v2\/posts"}],"about":[{"href":"https:\/\/portalpopmais.com.br\/en\/wp-json\/wp\/v2\/types\/post"}],"author":[{"embeddable":true,"href":"https:\/\/portalpopmais.com.br\/en\/wp-json\/wp\/v2\/users\/2"}],"replies":[{"embeddable":true,"href":"https:\/\/portalpopmais.com.br\/en\/wp-json\/wp\/v2\/comments?post=21911"}],"version-history":[{"count":0,"href":"https:\/\/portalpopmais.com.br\/en\/wp-json\/wp\/v2\/posts\/21911\/revisions"}],"wp:attachment":[{"href":"https:\/\/portalpopmais.com.br\/en\/wp-json\/wp\/v2\/media?parent=21911"}],"wp:term":[{"taxonomy":"category","embeddable":true,"href":"https:\/\/portalpopmais.com.br\/en\/wp-json\/wp\/v2\/categories?post=21911"},{"taxonomy":"post_tag","embeddable":true,"href":"https:\/\/portalpopmais.com.br\/en\/wp-json\/wp\/v2\/tags?post=21911"}],"curies":[{"name":"wp","href":"https:\/\/api.w.org\/{rel}","templated":true}]}}