{"id":219673,"date":"2024-10-17T13:27:52","date_gmt":"2024-10-17T16:27:52","guid":{"rendered":"https:\/\/portalpopmais.com.br\/?p=219673"},"modified":"2024-10-17T14:18:28","modified_gmt":"2024-10-17T17:18:28","slug":"liam-payne-falou-sobre-o-filho-antes-de-morrer-veja","status":"publish","type":"post","link":"https:\/\/portalpopmais.com.br\/en\/liam-payne-falou-sobre-o-filho-antes-de-morrer-veja\/","title":{"rendered":"Liam Payne falou sobre o filho antes de morrer; veja"},"content":{"rendered":"<p><strong><a href=\"https:\/\/portalpopmais.com.br\/en\/o-que-se-sabe-sobre-a-morte-de-liam-payne\/\" data-type=\"post\" data-id=\"219639\">Liam Payne<\/a><\/strong>, morto aos 31 anos na \u00faltima quarta-feira (16\/10), falou brevemente sobre o filho um m\u00eas antes de seu falecimento. O cantor, que sempre foi discreto sobre o pequeno Bear, de 7 anos de idade, fruto de seu relacionamento com Cheryl Cole, contou em seu perfil no Snapchat que estava animado por falar com o menino, e que eles eram muito parecidos.<\/p>\n\n\n\n<p>Na sequ\u00eancia dos v\u00eddeos em que ele celebra seu 31\u00ba anivers\u00e1rio no fim de agosto, ele ainda brincou sobre o presente de &#8220;pai&#8221; que gostaria de ganhar.<\/p>\n\n\n\n<ul class=\"wp-block-list\">\n<li><strong><a href=\"https:\/\/ikarus.mus.br\/letras\/night-changes\/\" target=\"_blank\" rel=\"noopener\">Veja a letra de Night Changes, m\u00fasica do One Direction que viralizou <\/a><\/strong><\/li>\n\n\n\n<li><a href=\"https:\/\/ikarus.mus.br\/letras\/what-makes-you-beautiful\/\" target=\"_blank\" rel=\"noopener\"><strong>Veja a letra e tradu\u00e7\u00e3o de What Makes You Beautiful<\/strong><\/a><\/li>\n\n\n\n<li><a href=\"https:\/\/ikarus.mus.br\/artistas\/liam-payne\/\" target=\"_blank\" rel=\"noopener\"><strong>Veja as letras e tradu\u00e7\u00f5es das m\u00fasicas de Liam Payne<\/strong><\/a><\/li>\n<\/ul>\n\n\n<div class=\"wp-block-image\">\n<figure class=\"aligncenter size-full\"><img loading=\"lazy\" decoding=\"async\" width=\"971\" height=\"1600\" src=\"https:\/\/portalpopmais.com.br\/wp-content\/uploads\/2024\/10\/WhatsApp-Image-2024-10-17-at-13.23.15.jpeg\" alt=\"\" class=\"wp-image-219675\" title=\"\"><figcaption class=\"wp-element-caption\">Filho de Liam Payne em foto mais recente, de mar\u00e7o \u2014 Foto: Reprodu\u00e7\u00e3o\/Instagram<\/figcaption><\/figure>\n<\/div>\n\n<div class=\"wp-block-image\">\n<figure class=\"aligncenter size-full\"><img loading=\"lazy\" decoding=\"async\" width=\"1000\" height=\"980\" src=\"https:\/\/portalpopmais.com.br\/wp-content\/uploads\/2024\/10\/image-64.png\" alt=\"\" class=\"wp-image-219676\" title=\"\"><figcaption class=\"wp-element-caption\">Filho de Liam Payne \u2014 Foto: Reprodu\u00e7\u00e3o\/Instagram<\/figcaption><\/figure>\n<\/div>\n\n\n<div class=\"wp-block-jetpack-related-posts\">\n<h2 class=\"wp-block-heading\">Not\u00edcias relacionadas<\/h2>\n<\/div>\n\n\n\n<p>\u201cAinda n\u00e3o ganhei meias de pai. Mas vou falar com o meu filho daqui a pouco, e estou muito entusiasmado com isso. Deus aben\u00e7oe ele\u201d, come\u00e7ou ele, babando na sequ\u00eancia: \u201cEle est\u00e1 t\u00e3o grande agora. Ele \u00e9 um menino grande, e parece um &#8216;mini eu&#8217;, como se precis\u00e1ssemos de mais &#8216;eu&#8217; no mundo\u201d, disse.<\/p>\n\n\n\n<p>E continuou: \u201cConsigo ver muito de mim nele. Ele fez uma coisa muito fofa nesta semana, tenho que mencionar. Ele falou tipo, &#8216;Oh, n\u00f3s precisamos aqui agora, papai&#8217;. Deus o aben\u00e7oe. Me deu vontade de chorar\u201d.<\/p>\n\n\n\n<p>Embora Liam e Cheryl tenham optado por n\u00e3o partilhar publicamente fotos do rosto de Bear durante toda a vida do menino, Liam sempre fazia atualiza\u00e7\u00f5es sobre o seu filho com os seus f\u00e3s.<\/p>\n\n\n\n<p><\/p>","protected":false},"excerpt":{"rendered":"<p>Liam Payne, morto aos 31 anos na \u00faltima quarta-feira (16\/10), falou brevemente sobre o filho um m\u00eas antes de seu falecimento. O cantor, que sempre foi discreto sobre o pequeno Bear, de 7 anos de idade, fruto de seu relacionamento com Cheryl Cole, contou em seu perfil no Snapchat que estava animado por falar com [&hellip;]<\/p>\n","protected":false},"author":2,"featured_media":219674,"comment_status":"closed","ping_status":"closed","sticky":false,"template":"","format":"standard","meta":{"footnotes":""},"categories":[173],"tags":[336],"class_list":["post-219673","post","type-post","status-publish","format-standard","has-post-thumbnail","hentry","category-celebridades","tag-liam-payne"],"_links":{"self":[{"href":"https:\/\/portalpopmais.com.br\/en\/wp-json\/wp\/v2\/posts\/219673","targetHints":{"allow":["GET"]}}],"collection":[{"href":"https:\/\/portalpopmais.com.br\/en\/wp-json\/wp\/v2\/posts"}],"about":[{"href":"https:\/\/portalpopmais.com.br\/en\/wp-json\/wp\/v2\/types\/post"}],"author":[{"embeddable":true,"href":"https:\/\/portalpopmais.com.br\/en\/wp-json\/wp\/v2\/users\/2"}],"replies":[{"embeddable":true,"href":"https:\/\/portalpopmais.com.br\/en\/wp-json\/wp\/v2\/comments?post=219673"}],"version-history":[{"count":0,"href":"https:\/\/portalpopmais.com.br\/en\/wp-json\/wp\/v2\/posts\/219673\/revisions"}],"wp:featuredmedia":[{"embeddable":true,"href":"https:\/\/portalpopmais.com.br\/en\/wp-json\/wp\/v2\/media\/219674"}],"wp:attachment":[{"href":"https:\/\/portalpopmais.com.br\/en\/wp-json\/wp\/v2\/media?parent=219673"}],"wp:term":[{"taxonomy":"category","embeddable":true,"href":"https:\/\/portalpopmais.com.br\/en\/wp-json\/wp\/v2\/categories?post=219673"},{"taxonomy":"post_tag","embeddable":true,"href":"https:\/\/portalpopmais.com.br\/en\/wp-json\/wp\/v2\/tags?post=219673"}],"curies":[{"name":"wp","href":"https:\/\/api.w.org\/{rel}","templated":true}]}}