{"id":219765,"date":"2024-10-18T14:12:57","date_gmt":"2024-10-18T17:12:57","guid":{"rendered":"https:\/\/portalpopmais.com.br\/?p=219765"},"modified":"2024-10-18T14:13:05","modified_gmt":"2024-10-18T17:13:05","slug":"saiu-day-limns-cumpre-profecia-de-lulu-santos-com-o-lancamento-de-nova-musica-profeta","status":"publish","type":"post","link":"https:\/\/portalpopmais.com.br\/en\/saiu-day-limns-cumpre-profecia-de-lulu-santos-com-o-lancamento-de-nova-musica-profeta\/","title":{"rendered":"SAIU! DAY LIMNS cumpre profecia de Lulu Santos com o lan\u00e7amento de nova m\u00fasica: &#8220;PROFETA&#8221;"},"content":{"rendered":"<p>Em 2017, uma nova estrela brilhava no palco do &#8220;<em>The Voice Brasil<\/em>&#8220;. DAY LIMNS, com sua potente voz e personalidade aut\u00eantica, conquistou o cora\u00e7\u00e3o de Lulu Santos durante as audi\u00e7\u00f5es \u00e0s cegas, marcando o in\u00edcio de uma jornada transformadora. O que Lulu viu naquela jovem talentosa se concretizou: ele enxergou o futuro de DAY como um grande &#8220;PROFETA&#8221;, tornando-se n\u00e3o s\u00f3 seu mentor, mas um dos primeiros a prever o sucesso que viria a seguir.<\/p>\n\n\n\n<p>Agora, em 2024, DAY LIMNS se consolida como uma das principais compositoras e cantoras da m\u00fasica brasileira, ganhando reconhecimento global com can\u00e7\u00f5es interpretadas por \u00edcones como Demi Lovato e Lu\u00edsa Sonza. Celebrando essa trajet\u00f3ria, DAY lan\u00e7a &#8220;PROFETA&#8221;, faixa que&nbsp;acaba de&nbsp;chegar\u00e0s plataformas&nbsp;de m\u00fasica, com clipe no YouTube,&nbsp;e encapsula sua maturidade art\u00edstica e pessoal, simbolizando um retorno \u00e0s suas origens.<\/p>\n\n\n\n<p>Co-escrita&nbsp;por DAY em parceria com Carolzinha,&nbsp;Elana&nbsp;Dara,&nbsp;Peracetta&nbsp;e Los&nbsp;Brasileros, \u201cPROFETA\u201d \u00e9 mais do que uma m\u00fasica: \u00e9 uma celebra\u00e7\u00e3o de autoconhecimento e reconcilia\u00e7\u00e3o com o passado. Assim, a letra de \u201cPROFETA\u201d vai muito al\u00e9m de temas rom\u00e2nticos. Ela \u00e9 uma narrativa sobre autoconhecimento, reflex\u00e3o e o medo de que o tempo passe sem que sejamos capazes de alcan\u00e7ar tudo o que desejamos. DAY explora a luta entre o que sentimos e o que sabemos ser verdade, destacando a import\u00e2ncia de encontrar a f\u00e9 em si mesma para avan\u00e7ar.<\/p>\n\n\n\n<p>\u201cEssa can\u00e7\u00e3o \u00e9 sobre voltar \u00e0 Terra, relembrar minhas ra\u00edzes e, ao mesmo tempo, agradecer&nbsp;pelo&nbsp;caminho que percorri. Ao longo desses sete anos, nem sempre parei para valorizar minhas conquistas, mas agora, mais madura, vejo o quanto cada etapa foi essencial para me tornar quem sou hoje.\u201d, explica DAY.<\/p>\n\n\n\n<p>O conceito central de &#8220;PROFETA&#8221; reflete essa jornada pessoal de crescimento. \u00c9 um hino de reconex\u00e3o, n\u00e3o apenas com o p\u00fablico fiel que a acompanha desde os primeiros passos, mas tamb\u00e9m com novos ouvintes que encontrar\u00e3o em DAY uma artista ainda mais madura e aut\u00eantica. Para ela, Lulu Santos desempenha um papel fundamental nesse processo: &#8220;Lulu \u00e9 um s\u00edmbolo importante dessa celebra\u00e7\u00e3o, pois foi uma das pessoas gigantes que enxergou grandeza em mim. Quase como se tivesse previsto, &#8211; como um profeta -, ou simplesmente se visto em mim. Fui me apropriar das coisas que ele falou muito recentemente&#8221;, completa a cantora.<\/p>\n\n\n\n<h2 class=\"wp-block-heading\"><strong>Simbolismos<\/strong><\/h2>\n\n\n\n<p>&#8220;PROFETA&#8221; reflete sobre o poder de intui\u00e7\u00e3o e de enxergar al\u00e9m das apar\u00eancias, como se DAY estivesse constantemente confrontando as suas pr\u00f3prias previs\u00f5es e temendo que o tempo passe sem que ela alcance o que realmente deseja. Em uma s\u00e9rie de questionamentos internos, a can\u00e7\u00e3o desafia n\u00e3o apenas a ideia de um relacionamento rom\u00e2ntico, mas tamb\u00e9m a busca por um sentido maior na vida e em si mesma. Para isso, DAY LIMNS imerge num conceito muito bem estruturado e cheio de&nbsp;<em>easter-eggs<\/em>, que corroboram com toda a est\u00e9tica do lan\u00e7amento.<\/p>\n\n\n\n<p>&#8220;PROFETA&#8221; chega junto a um&nbsp;<em>visualizer<\/em>&nbsp;repleto de mem\u00f3rias onde ela&nbsp;<em>se coloca por tr\u00e1s do passado,<\/em>&nbsp;e revisita os mesmos lugares de&nbsp;de&nbsp;sua primeira apari\u00e7\u00e3o no &#8220;<em>The Voice Brasil<\/em>&#8220;, &#8220;PROFETA&#8221; \u00e9 a volta ao ponto de partida, mas com a sabedoria adquirida ao longo dos anos. Al\u00e9m disso, a capa da faixa apresenta uma vers\u00e3o do c\u00f3digo&nbsp;WoW, que \u00e9 registro da intensidade de comunica\u00e7\u00e3o alien\u00edgena com a Terra.<\/p>\n\n\n\n<p>O que exatamente \u201cPROFETA\u201d antecipa? O que est\u00e1 por vir para DAY LIMNS e sua jornada musical? De uma coisa podemos ter certeza: esta faixa \u00e9 apenas a ponta do&nbsp;<em>iceberg<\/em>&nbsp;de algo muito maior e mais profundo. DAY parece estar revelando pistas, como um verdadeiro profeta de sua pr\u00f3pria hist\u00f3ria, sem entregar todos os detalhes \u2014 ainda.<\/p>\n\n\n\n<figure class=\"wp-block-embed is-type-video is-provider-youtube wp-block-embed-youtube wp-embed-aspect-16-9 wp-has-aspect-ratio\"><div class=\"wp-block-embed__wrapper\">\n<iframe loading=\"lazy\" title=\"DAY LIMNS -  PROFETA (Visualizer Oficial)\" width=\"880\" height=\"495\" src=\"https:\/\/www.youtube.com\/embed\/RkhvRwkTEc8?feature=oembed\" frameborder=\"0\" allow=\"accelerometer; autoplay; clipboard-write; encrypted-media; gyroscope; picture-in-picture; web-share\" referrerpolicy=\"strict-origin-when-cross-origin\" allowfullscreen><\/iframe>\n<\/div><\/figure>\n\n\n\n<h2 class=\"wp-block-heading\"><strong>Sobre DAY LIMNS<\/strong><\/h2>\n\n\n\n<p>DAY LIMNS \u00e9 uma das vozes mais promissoras da m\u00fasica brasileira, reconhecida por sua autenticidade e capacidade de emocionar atrav\u00e9s de suas composi\u00e7\u00f5es. Natural de Goi\u00e1s, ela come\u00e7ou a ganhar visibilidade na internet com&nbsp;<em>covers<\/em>&nbsp;que rapidamente a destacaram. Seu talento, no entanto, se consolidou em 2017, quando participou do &#8220;<em>The Voice Brasil&#8221;<\/em>(TV Globo).<\/p>\n\n\n\n<p>Ao longo de sete anos de carreira, DAY acumula sucessos que confirmam seu impacto na m\u00fasica, como &#8220;Clich\u00ea&#8221;, com mais de 18 milh\u00f5es de plays, e &#8220;Tanto Faz&#8221; e &#8220;Deixa Rolar&#8221;, ambos com mais de 5 milh\u00f5es de execu\u00e7\u00f5es. Ela tamb\u00e9m colaborou com artistas de renome como Di Ferrero, Lucas Silveira, Froid e&nbsp;Hyperanhas, al\u00e9m de ter aberto shows de Avril Lavigne e 5&nbsp;Seconds&nbsp;of&nbsp;Summer. Em 2024, DAY foi uma das atra\u00e7\u00f5es principais do&nbsp;Lollapalooza&nbsp;Brasil, reafirmando sua presen\u00e7a nos grandes palcos.<\/p>\n\n\n\n<p>Seu segundo \u00e1lbum,&nbsp;<em>V\u00caNUS\u2260netuno<\/em>, lan\u00e7ado em novembro de 2023, mostra um lado mais vulner\u00e1vel da artista, explorando temas profundos como culpa, religiosidade e espiritualidade. Essas nuances emocionais ampliaram ainda mais sua jornada art\u00edstica, trazendo uma nova dimens\u00e3o para sua obra.<\/p>\n\n\n\n<p>Al\u00e9m de sua carreira como int\u00e9rprete, DAY se destaca tamb\u00e9m como compositora, assinando faixas para grandes nomes da m\u00fasica brasileira, como&nbsp;Anitta, Vit\u00e3o, Rouge, e As Ba\u00edas. Sua contribui\u00e7\u00e3o no \u00e1lbum&nbsp;<em>Doce 22<\/em>&nbsp;de Lu\u00edsa Sonza, indicado ao&nbsp;Latin&nbsp;GRAMMYs\u2122, \u00e9 um exemplo de seu talento na composi\u00e7\u00e3o.<\/p>","protected":false},"excerpt":{"rendered":"<p>Em 2017, uma nova estrela brilhava no palco do &#8220;The Voice Brasil&#8220;. DAY LIMNS, com sua potente voz e personalidade aut\u00eantica, conquistou o cora\u00e7\u00e3o de Lulu Santos durante as audi\u00e7\u00f5es \u00e0s cegas, marcando o in\u00edcio de uma jornada transformadora. O que Lulu viu naquela jovem talentosa se concretizou: ele enxergou o futuro de DAY como [&hellip;]<\/p>\n","protected":false},"author":2,"featured_media":219766,"comment_status":"closed","ping_status":"closed","sticky":false,"template":"","format":"standard","meta":{"footnotes":""},"categories":[154],"tags":[6627],"class_list":["post-219765","post","type-post","status-publish","format-standard","has-post-thumbnail","hentry","category-musica","tag-day-limns"],"_links":{"self":[{"href":"https:\/\/portalpopmais.com.br\/en\/wp-json\/wp\/v2\/posts\/219765","targetHints":{"allow":["GET"]}}],"collection":[{"href":"https:\/\/portalpopmais.com.br\/en\/wp-json\/wp\/v2\/posts"}],"about":[{"href":"https:\/\/portalpopmais.com.br\/en\/wp-json\/wp\/v2\/types\/post"}],"author":[{"embeddable":true,"href":"https:\/\/portalpopmais.com.br\/en\/wp-json\/wp\/v2\/users\/2"}],"replies":[{"embeddable":true,"href":"https:\/\/portalpopmais.com.br\/en\/wp-json\/wp\/v2\/comments?post=219765"}],"version-history":[{"count":0,"href":"https:\/\/portalpopmais.com.br\/en\/wp-json\/wp\/v2\/posts\/219765\/revisions"}],"wp:featuredmedia":[{"embeddable":true,"href":"https:\/\/portalpopmais.com.br\/en\/wp-json\/wp\/v2\/media\/219766"}],"wp:attachment":[{"href":"https:\/\/portalpopmais.com.br\/en\/wp-json\/wp\/v2\/media?parent=219765"}],"wp:term":[{"taxonomy":"category","embeddable":true,"href":"https:\/\/portalpopmais.com.br\/en\/wp-json\/wp\/v2\/categories?post=219765"},{"taxonomy":"post_tag","embeddable":true,"href":"https:\/\/portalpopmais.com.br\/en\/wp-json\/wp\/v2\/tags?post=219765"}],"curies":[{"name":"wp","href":"https:\/\/api.w.org\/{rel}","templated":true}]}}