{"id":220957,"date":"2024-11-13T14:39:32","date_gmt":"2024-11-13T17:39:32","guid":{"rendered":"https:\/\/portalpopmais.com.br\/?p=220957"},"modified":"2024-11-13T15:56:59","modified_gmt":"2024-11-13T18:56:59","slug":"tieta-vale-a-pena-ver-de-novo","status":"publish","type":"post","link":"https:\/\/portalpopmais.com.br\/en\/tieta-vale-a-pena-ver-de-novo\/","title":{"rendered":"Globo surpreende e escala &#8220;Tieta&#8221; para o Vale a Pena Ver de Novo"},"content":{"rendered":"<p class=\"wp-block-paragraph\">A Globo anunciou nesta quarta (13) que a novela &#8220;<strong><a href=\"http:\/\/portalpopmais.com.br\/en\/\">Tieta<\/a><\/strong>&#8221; ser\u00e1 a substituta da novela &#8220;Alma G\u00eamea&#8221; no Vale a Pena Ver de Novo. A atra\u00e7\u00e3o, exibida originalmente em 1989, \u00e9 a segunda novela de maior audi\u00eancia da televis\u00e3o brasileira, sendo ultrapassada apenas por Roque Santeiro (1985).<\/p>\n\n\n\n<p class=\"wp-block-paragraph\">A estreia da reprise de Tieta est\u00e1 prevista para o dia 2 de dezembro. Diferente do que tem acontecido, desta vez a atra\u00e7\u00e3o s\u00f3 ir\u00e1 ao ar quando a novela anterior terminar, sem o esquema do hor\u00e1rio passar meio cap\u00edtulo de cada obra.<\/p>\n\n\n\n<div class=\"wp-block-group\"><div class=\"wp-block-group__inner-container is-layout-constrained wp-block-group-is-layout-constrained\">\n<h2 class=\"wp-block-heading\">Veja tamb\u00e9m<\/h2>\n\n\n\n<p class=\"wp-block-paragraph\"><strong><a href=\"https:\/\/portalpopmais.com.br\/en\/jojo-todynho-perde-outro-contrato\/\">Mais uma! Jojo Todynho perde contrato com outra marca famosa ap\u00f3s pol\u00eamicas<\/a><br><a href=\"https:\/\/portalpopmais.com.br\/en\/gui-vieira-proposta-plataforma-adulto\/\">Plataforma adulta quer cena de Gui Vieira e Yuri juntos<\/a><br><\/strong><a href=\"https:\/\/portalpopmais.com.br\/en\/fotografo-benjamin-lozovsky-acusado-matar\/\"><strong>Fot\u00f3grafo das famosas \u00e9 acusado de matar mulher com peso de crossfit<\/strong><\/a><\/p>\n<\/div><\/div>\n\n\n\n<p class=\"wp-block-paragraph\">Escrita por Aguinaldo Silva, Ricardo Linhares e Ana Maria Moretzsohn, a trama tem Betty Faria e Jos\u00e9 Mayer como protagonistas. O an\u00fancio, inclusive, contou com a atriz informando que retornaria \u00e0s telas. &#8220;Eu n\u00e3o disse que voltava? Dia 2 de dezembro, no Vale a Pena Ver de Novo, eu mesma&#8221;, brincou a atriz, caracterizada da personagem, para anunciar a <a href=\"http:\/\/ikarus.mus.br\" target=\"_blank\" rel=\"noopener\">novidade<\/a>.<\/p>\n\n\n\n<p class=\"wp-block-paragraph\">&#8220;Tenho orgulho do que ela representava. Tieta era muito moderna, hoje ainda \u00e9 revolucion\u00e1ria. Era uma pessoa do bem, cheia de amor, que chega na cidade para ajudar a melhorar a situa\u00e7\u00e3o, sempre trazendo ideias novas e derrubando preconceitos&#8221;, disse a atriz.<\/p>\n\n\n\n<p class=\"wp-block-paragraph\">A novela \u00e9 inspirada no livro Tieta do Agreste, de Jorge Amado, que se passa na cidade fict\u00edcia de Santana do Agreste, na regi\u00e3o nordeste do Brasil.<\/p>\n\n\n\n<p class=\"wp-block-paragraph\">Na primeira fase, a atriz Claudia Ohana d\u00e1 vida a Tieta. Ela tem uma rela\u00e7\u00e3o ruim com o pai, Z\u00e9 Esteves (Sebasti\u00e3o Vasconcelos), por ser uma mulher liberal. Ela \u00e9 expulsa de casa, se muda para S\u00e3o Paulo e volta \u00e0 terra natal 25 anos depois, planejando vinga\u00e7a.<\/p>","protected":false},"excerpt":{"rendered":"<p>A Globo anunciou nesta quarta (13) que a novela &#8220;Tieta&#8221; ser\u00e1 a substituta da novela &#8220;Alma G\u00eamea&#8221; no Vale a Pena Ver de Novo. A atra\u00e7\u00e3o, exibida originalmente em 1989, \u00e9 a segunda novela de maior audi\u00eancia da televis\u00e3o brasileira, sendo ultrapassada apenas por Roque Santeiro (1985). A estreia da reprise de Tieta est\u00e1 prevista [&hellip;]<\/p>\n","protected":false},"author":2,"featured_media":220958,"comment_status":"closed","ping_status":"closed","sticky":false,"template":"","format":"standard","meta":{"footnotes":""},"categories":[181],"tags":[17005],"class_list":["post-220957","post","type-post","status-publish","format-standard","has-post-thumbnail","hentry","category-televisao","tag-tieta"],"_links":{"self":[{"href":"https:\/\/portalpopmais.com.br\/en\/wp-json\/wp\/v2\/posts\/220957","targetHints":{"allow":["GET"]}}],"collection":[{"href":"https:\/\/portalpopmais.com.br\/en\/wp-json\/wp\/v2\/posts"}],"about":[{"href":"https:\/\/portalpopmais.com.br\/en\/wp-json\/wp\/v2\/types\/post"}],"author":[{"embeddable":true,"href":"https:\/\/portalpopmais.com.br\/en\/wp-json\/wp\/v2\/users\/2"}],"replies":[{"embeddable":true,"href":"https:\/\/portalpopmais.com.br\/en\/wp-json\/wp\/v2\/comments?post=220957"}],"version-history":[{"count":0,"href":"https:\/\/portalpopmais.com.br\/en\/wp-json\/wp\/v2\/posts\/220957\/revisions"}],"wp:featuredmedia":[{"embeddable":true,"href":"https:\/\/portalpopmais.com.br\/en\/wp-json\/wp\/v2\/media\/220958"}],"wp:attachment":[{"href":"https:\/\/portalpopmais.com.br\/en\/wp-json\/wp\/v2\/media?parent=220957"}],"wp:term":[{"taxonomy":"category","embeddable":true,"href":"https:\/\/portalpopmais.com.br\/en\/wp-json\/wp\/v2\/categories?post=220957"},{"taxonomy":"post_tag","embeddable":true,"href":"https:\/\/portalpopmais.com.br\/en\/wp-json\/wp\/v2\/tags?post=220957"}],"curies":[{"name":"wp","href":"https:\/\/api.w.org\/{rel}","templated":true}]}}