{"id":221045,"date":"2024-11-15T07:53:00","date_gmt":"2024-11-15T10:53:00","guid":{"rendered":"https:\/\/portalpopmais.com.br\/?p=221045"},"modified":"2024-11-15T07:53:07","modified_gmt":"2024-11-15T10:53:07","slug":"flay-lanca-zona-leste","status":"publish","type":"post","link":"https:\/\/portalpopmais.com.br\/en\/flay-lanca-zona-leste\/","title":{"rendered":"Flay lan\u00e7a \u201cZona Leste\u201d e resgata a ess\u00eancia do sertanejo mod\u00e3o"},"content":{"rendered":"<p class=\"wp-block-paragraph\"><strong><a href=\"https:\/\/portalpopmais.com.br\/en\/artistas\/biografia-flay\/\" data-type=\"artistas\" data-id=\"207350\">Flay<\/a><\/strong> acaba de presentear os f\u00e3s com \u201cZona Leste\u201d, seu novo single, lan\u00e7ado hoje, 14 de novembro, e j\u00e1 dispon\u00edvel em todas as plataformas digitais. A faixa traz a ess\u00eancia do sertanejo raiz com um toque de m\u00fasica latina, resultando em uma combina\u00e7\u00e3o que Flay considera \u201cde alma\u201d, criada para tocar o cora\u00e7\u00e3o de quem a acompanha. Produzida por Jenner Melo, que j\u00e1 trabalhou com grandes nomes como Simone &amp; Simaria e Z\u00e9 Neto &amp; Cristiano, a can\u00e7\u00e3o \u00e9 uma celebra\u00e7\u00e3o das ra\u00edzes da cantora e do v\u00ednculo com os f\u00e3s que sempre pediram para v\u00ea-la neste estilo.<\/p>\n\n\n\n<p class=\"wp-block-paragraph\">Inspirada em \u00edcones como Zez\u00e9 Di Camargo &amp; Luciano, Chit\u00e3ozinho &amp; Xoror\u00f3, e Leandro &amp; Leonardo, \u201cZona Leste\u201d \u00e9 o modo de Flay atender a esses pedidos especiais. \u201cOs f\u00e3s me pedem h\u00e1 muito tempo para cantar sertanejo, e essa \u00e9 a minha forma de atender a esse pedido especial. Eu sempre cantei esse estilo, faz parte de mim e das minhas ra\u00edzes. Dessa vez, quis resgatar o verdadeiro mod\u00e3o, trazendo a ess\u00eancia do sertanejo brasileiro e misturando com um toque da m\u00fasica latina\u201d, explica Flay.<\/p>\n\n\n\n<div class=\"wp-block-group\"><div class=\"wp-block-group__inner-container is-layout-constrained wp-block-group-is-layout-constrained\">\n<h2 class=\"wp-block-heading\">Veja tamb\u00e9m<\/h2>\n\n\n\n<ul class=\"wp-block-list\">\n<li><a href=\"https:\/\/ikarus.mus.br\/letras\/zona-leste\/\" target=\"_blank\" rel=\"noopener\"><strong>Letra de Zona Leste, m\u00fasica da Flay<\/strong><\/a><\/li>\n<\/ul>\n<\/div><\/div>\n\n\n\n<figure class=\"wp-block-embed is-type-video is-provider-youtube wp-block-embed-youtube wp-embed-aspect-16-9 wp-has-aspect-ratio\"><div class=\"wp-block-embed__wrapper\">\n<iframe loading=\"lazy\" title=\"Zona Leste - Flay (Official Audio)\" width=\"880\" height=\"495\" src=\"https:\/\/www.youtube.com\/embed\/x7YVQ1t90rM?feature=oembed\" frameborder=\"0\" allow=\"accelerometer; autoplay; clipboard-write; encrypted-media; gyroscope; picture-in-picture; web-share\" referrerpolicy=\"strict-origin-when-cross-origin\" allowfullscreen><\/iframe>\n<\/div><\/figure>\n\n\n\n<p class=\"wp-block-paragraph\">A cantora destaca que \u201cZona Leste\u201d vai al\u00e9m do sertanejo universit\u00e1rio atual, sendo uma verdadeira homenagem ao sertanejo raiz. \u201cQuero que essa m\u00fasica fa\u00e7a as pessoas sentirem algo especial, que desperte aquela emo\u00e7\u00e3o \u00fanica. N\u00e3o vai ser um sertanejo comum dos dias atuais; vai ter cara de mod\u00e3o\u201d, completa Flay, mostrando-se animada com a recep\u00e7\u00e3o do p\u00fablico.<\/p>\n\n\n\n<p class=\"wp-block-paragraph\">A capa do single reflete o esp\u00edrito sertanejo da m\u00fasica e marca uma nova fase na carreira da artista, que apareceu com um look de cowgirl nas redes. \u201cEu gosto de brincar com visuais. Atrav\u00e9s da est\u00e9tica, levo meu p\u00fablico n\u00e3o apenas pela m\u00fasica, mas tamb\u00e9m pela imagem. Me considero uma mulher cosmopolita, e isso reflete na minha arte\u201d, compartilha Flay.<\/p>\n\n\n\n<p class=\"wp-block-paragraph\">Flay vem construindo uma carreira de destaque e uma base fiel de f\u00e3s desde sua participa\u00e7\u00e3o no \u201cBig Brother Brasil\u201d e sua vit\u00f3ria no \u201cThe Masked Singer Brasil\u201d.<\/p>\n\n\n\n<p class=\"wp-block-paragraph\">\u201cEssas experi\u00eancias me mostraram que posso ser quem eu quiser e que a m\u00fasica \u00e9 um caminho sem limites\u201d, reflete a cantora.<\/p>\n\n\n\n<p class=\"wp-block-paragraph\">O novo single \u201cZona Leste\u201d j\u00e1 est\u00e1 dispon\u00edvel nas principais plataformas digitais.<\/p>","protected":false},"excerpt":{"rendered":"<p>Flay acaba de presentear os f\u00e3s com \u201cZona Leste\u201d, seu novo single, lan\u00e7ado hoje, 14 de novembro, e j\u00e1 dispon\u00edvel em todas as plataformas digitais. A faixa traz a ess\u00eancia do sertanejo raiz com um toque de m\u00fasica latina, resultando em uma combina\u00e7\u00e3o que Flay considera \u201cde alma\u201d, criada para tocar o cora\u00e7\u00e3o de quem [&hellip;]<\/p>\n","protected":false},"author":1,"featured_media":221088,"comment_status":"closed","ping_status":"closed","sticky":false,"template":"","format":"standard","meta":{"footnotes":""},"categories":[154],"tags":[2314],"class_list":["post-221045","post","type-post","status-publish","format-standard","has-post-thumbnail","hentry","category-musica","tag-flay"],"_links":{"self":[{"href":"https:\/\/portalpopmais.com.br\/en\/wp-json\/wp\/v2\/posts\/221045","targetHints":{"allow":["GET"]}}],"collection":[{"href":"https:\/\/portalpopmais.com.br\/en\/wp-json\/wp\/v2\/posts"}],"about":[{"href":"https:\/\/portalpopmais.com.br\/en\/wp-json\/wp\/v2\/types\/post"}],"author":[{"embeddable":true,"href":"https:\/\/portalpopmais.com.br\/en\/wp-json\/wp\/v2\/users\/1"}],"replies":[{"embeddable":true,"href":"https:\/\/portalpopmais.com.br\/en\/wp-json\/wp\/v2\/comments?post=221045"}],"version-history":[{"count":0,"href":"https:\/\/portalpopmais.com.br\/en\/wp-json\/wp\/v2\/posts\/221045\/revisions"}],"wp:featuredmedia":[{"embeddable":true,"href":"https:\/\/portalpopmais.com.br\/en\/wp-json\/wp\/v2\/media\/221088"}],"wp:attachment":[{"href":"https:\/\/portalpopmais.com.br\/en\/wp-json\/wp\/v2\/media?parent=221045"}],"wp:term":[{"taxonomy":"category","embeddable":true,"href":"https:\/\/portalpopmais.com.br\/en\/wp-json\/wp\/v2\/categories?post=221045"},{"taxonomy":"post_tag","embeddable":true,"href":"https:\/\/portalpopmais.com.br\/en\/wp-json\/wp\/v2\/tags?post=221045"}],"curies":[{"name":"wp","href":"https:\/\/api.w.org\/{rel}","templated":true}]}}