{"id":221347,"date":"2024-11-20T10:37:02","date_gmt":"2024-11-20T13:37:02","guid":{"rendered":"https:\/\/portalpopmais.com.br\/?p=221347"},"modified":"2024-11-20T10:51:04","modified_gmt":"2024-11-20T13:51:04","slug":"funeral-de-liam-payne-ocorre-na-inglaterra-veja-fotos","status":"publish","type":"post","link":"https:\/\/portalpopmais.com.br\/en\/funeral-de-liam-payne-ocorre-na-inglaterra-veja-fotos\/","title":{"rendered":"Funeral de Liam Payne ocorre na Inglaterra; veja fotos"},"content":{"rendered":"<p>Ap\u00f3s um m\u00eas da tr\u00e1gica morte de <strong><a href=\"https:\/\/portalpopmais.com.br\/en\/trends\/liam-payne\/\" data-type=\"post_tag\" data-id=\"336\">Liam Payne<\/a><\/strong> na Argentina, o corpo do ex-One Direction est\u00e1 sendo velado em um lugar desconhecido na Inglaterra.<\/p>\n\n\n\n<p>Ao lado dos familiares de Payne, tamb\u00e9m est\u00e3o os antigos membros da banda One Direction; Harry Styles e Zayn Malik est\u00e3o entre os presentes.<\/p>\n\n\n\n<figure class=\"wp-block-embed is-type-rich is-provider-instagram wp-block-embed-instagram\"><div class=\"wp-block-embed__wrapper\">\nhttps:\/\/www.instagram.com\/p\/DCmFRt4RabZ\/?igsh=MTZtdDR5dGYzdnQ4bg==\n<\/div><\/figure>\n\n\n\n<figure class=\"wp-block-embed is-type-rich is-provider-instagram wp-block-embed-instagram\"><div class=\"wp-block-embed__wrapper\">\nhttps:\/\/www.instagram.com\/p\/DCmF1crxhBE\/?img_index=1\n<\/div><\/figure>","protected":false},"excerpt":{"rendered":"<p>Ap\u00f3s um m\u00eas da tr\u00e1gica morte de Liam Payne na Argentina, o corpo do ex-One Direction est\u00e1 sendo velado em um lugar desconhecido na Inglaterra. Ao lado dos familiares de Payne, tamb\u00e9m est\u00e3o os antigos membros da banda One Direction; Harry Styles e Zayn Malik est\u00e3o entre os presentes.<\/p>","protected":false},"author":2,"featured_media":219795,"comment_status":"closed","ping_status":"closed","sticky":false,"template":"","format":"standard","meta":{"footnotes":""},"categories":[173],"tags":[336],"class_list":["post-221347","post","type-post","status-publish","format-standard","has-post-thumbnail","hentry","category-celebridades","tag-liam-payne"],"_links":{"self":[{"href":"https:\/\/portalpopmais.com.br\/en\/wp-json\/wp\/v2\/posts\/221347","targetHints":{"allow":["GET"]}}],"collection":[{"href":"https:\/\/portalpopmais.com.br\/en\/wp-json\/wp\/v2\/posts"}],"about":[{"href":"https:\/\/portalpopmais.com.br\/en\/wp-json\/wp\/v2\/types\/post"}],"author":[{"embeddable":true,"href":"https:\/\/portalpopmais.com.br\/en\/wp-json\/wp\/v2\/users\/2"}],"replies":[{"embeddable":true,"href":"https:\/\/portalpopmais.com.br\/en\/wp-json\/wp\/v2\/comments?post=221347"}],"version-history":[{"count":0,"href":"https:\/\/portalpopmais.com.br\/en\/wp-json\/wp\/v2\/posts\/221347\/revisions"}],"wp:featuredmedia":[{"embeddable":true,"href":"https:\/\/portalpopmais.com.br\/en\/wp-json\/wp\/v2\/media\/219795"}],"wp:attachment":[{"href":"https:\/\/portalpopmais.com.br\/en\/wp-json\/wp\/v2\/media?parent=221347"}],"wp:term":[{"taxonomy":"category","embeddable":true,"href":"https:\/\/portalpopmais.com.br\/en\/wp-json\/wp\/v2\/categories?post=221347"},{"taxonomy":"post_tag","embeddable":true,"href":"https:\/\/portalpopmais.com.br\/en\/wp-json\/wp\/v2\/tags?post=221347"}],"curies":[{"name":"wp","href":"https:\/\/api.w.org\/{rel}","templated":true}]}}