{"id":221854,"date":"2024-12-02T09:19:56","date_gmt":"2024-12-02T12:19:56","guid":{"rendered":"https:\/\/portalpopmais.com.br\/?p=221854"},"modified":"2024-12-02T09:20:04","modified_gmt":"2024-12-02T12:20:04","slug":"eliana-arrependida-deixar-sbt","status":"publish","type":"post","link":"https:\/\/portalpopmais.com.br\/en\/eliana-arrependida-deixar-sbt\/","title":{"rendered":"Eliana estaria arrependida de trocar o SBT pela Globo, diz colunista"},"content":{"rendered":"<p>A apresentadora <strong><a href=\"https:\/\/portalpopmais.com.br\/en\/trends\/eliana\/\" data-type=\"post_tag\" data-id=\"745\">Eliana<\/a><\/strong> estaria arrependida de trocar de emissora. Em 2024, ela deixou o SBT ap\u00f3s 15 anos para assinar contrato com a Globo, mas ao que tudo indica ela estaria descontente com a decis\u00e3o.<\/p>\n\n\n\n<p>De acordo com informa\u00e7\u00f5es do colunista Erlan Bastos, a loira acabou soltando seu descontentamento em conversas informais com amigos. Embora ela reconhe\u00e7a que a estrutura da Globo \u00e9 \u201ccoisa de outro mundo\u201d, acredita que l\u00e1 n\u00e3o ter\u00e1 o mesmo respeito que, apesar dos pesares, tinha no <a href=\"http:\/\/ikarus.mus.br\" target=\"_blank\" rel=\"noopener\">SBT<\/a>. Ela tamb\u00e9m mencionou que seu programa dominical n\u00e3o deve sair do papel t\u00e3o cedo.<\/p>\n\n\n\n<div class=\"wp-block-group\"><div class=\"wp-block-group__inner-container is-layout-constrained wp-block-group-is-layout-constrained\">\n<h2 class=\"wp-block-heading\">Veja mais<\/h2>\n\n\n\n<ul class=\"wp-block-list\">\n<li><strong><a href=\"https:\/\/portalpopmais.com.br\/en\/eliana-contratada-globo\/\">Eliana \u00e9 anunciada como nova contratada da Globo<\/a><\/strong><\/li>\n\n\n\n<li><a href=\"https:\/\/portalpopmais.com.br\/en\/daniela-beyruti-comemora-audiencia-do-domingo-legal-e-debocha-de-eliana\/\"><strong>Daniela Beyruti comemora audi\u00eancia do \u2018Domingo Legal\u2019 e debocha de Eliana<\/strong><\/a><\/li>\n<\/ul>\n<\/div><\/div>\n\n\n<div class=\"wp-block-image\">\n<figure class=\"aligncenter size-large\"><img loading=\"lazy\" decoding=\"async\" width=\"1170\" height=\"694\" src=\"https:\/\/portalpopmais.com.br\/wp-content\/uploads\/2022\/01\/Eliana-1170x694.jpg\" alt=\"Eliana\" class=\"wp-image-100587\" title=\"\" srcset=\"https:\/\/portalpopmais.com.br\/wp-content\/uploads\/2022\/01\/Eliana-1170x694.jpg 1170w, https:\/\/portalpopmais.com.br\/wp-content\/uploads\/2022\/01\/Eliana-768x456.jpg 768w\" sizes=\"auto, (max-width: 1170px) 100vw, 1170px\" \/><figcaption class=\"wp-element-caption\">Foto: Reprodu\u00e7\u00e3o<\/figcaption><\/figure>\n<\/div>\n\n\n<p>Eliana sugeriu que o ideal seria ocupar as tardes de s\u00e1bado, substituindo Marcos Mion, j\u00e1 que, segundo ela, o Caldeir\u00e3o com Mion est\u00e1 \u201cdesgastado\u201d. Apesar disso, at\u00e9 o momento, Eliana teve que se contentar com um programa no canal fechado da Globo, um programa por temporada na TV aberta e um quadro no Fant\u00e1stico. Na conversa ela tamb\u00e9m refletiu sobre a oferta que havia recebido da Record para n\u00e3o ir a Globo.<\/p>\n\n\n\n<p>Procurada pelo POP Mais, a assessoria de comunica\u00e7\u00e3o da Eliana n\u00e3o comentou sobre o assunto. O espa\u00e7o segue aberto.<\/p>","protected":false},"excerpt":{"rendered":"<p>A apresentadora Eliana estaria arrependida de trocar de emissora. Em 2024, ela deixou o SBT ap\u00f3s 15 anos para assinar contrato com a Globo, mas ao que tudo indica ela estaria descontente com a decis\u00e3o. De acordo com informa\u00e7\u00f5es do colunista Erlan Bastos, a loira acabou soltando seu descontentamento em conversas informais com amigos. Embora [&hellip;]<\/p>\n","protected":false},"author":2,"featured_media":221855,"comment_status":"closed","ping_status":"closed","sticky":false,"template":"","format":"standard","meta":{"footnotes":""},"categories":[181],"tags":[745,180,403],"class_list":["post-221854","post","type-post","status-publish","format-standard","has-post-thumbnail","hentry","category-televisao","tag-eliana","tag-globo","tag-sbt"],"_links":{"self":[{"href":"https:\/\/portalpopmais.com.br\/en\/wp-json\/wp\/v2\/posts\/221854","targetHints":{"allow":["GET"]}}],"collection":[{"href":"https:\/\/portalpopmais.com.br\/en\/wp-json\/wp\/v2\/posts"}],"about":[{"href":"https:\/\/portalpopmais.com.br\/en\/wp-json\/wp\/v2\/types\/post"}],"author":[{"embeddable":true,"href":"https:\/\/portalpopmais.com.br\/en\/wp-json\/wp\/v2\/users\/2"}],"replies":[{"embeddable":true,"href":"https:\/\/portalpopmais.com.br\/en\/wp-json\/wp\/v2\/comments?post=221854"}],"version-history":[{"count":0,"href":"https:\/\/portalpopmais.com.br\/en\/wp-json\/wp\/v2\/posts\/221854\/revisions"}],"wp:featuredmedia":[{"embeddable":true,"href":"https:\/\/portalpopmais.com.br\/en\/wp-json\/wp\/v2\/media\/221855"}],"wp:attachment":[{"href":"https:\/\/portalpopmais.com.br\/en\/wp-json\/wp\/v2\/media?parent=221854"}],"wp:term":[{"taxonomy":"category","embeddable":true,"href":"https:\/\/portalpopmais.com.br\/en\/wp-json\/wp\/v2\/categories?post=221854"},{"taxonomy":"post_tag","embeddable":true,"href":"https:\/\/portalpopmais.com.br\/en\/wp-json\/wp\/v2\/tags?post=221854"}],"curies":[{"name":"wp","href":"https:\/\/api.w.org\/{rel}","templated":true}]}}