{"id":221961,"date":"2024-12-05T08:48:10","date_gmt":"2024-12-05T11:48:10","guid":{"rendered":"https:\/\/portalpopmais.com.br\/?p=221961"},"modified":"2024-12-05T08:48:16","modified_gmt":"2024-12-05T11:48:16","slug":"leo-dias-negocia-outra-emissora","status":"publish","type":"post","link":"https:\/\/portalpopmais.com.br\/en\/leo-dias-negocia-outra-emissora\/","title":{"rendered":"Leo Dias sofre &#8220;trai\u00e7\u00e3o&#8221; do SBT e negocia sa\u00edda para outra emissora; saiba detalhes"},"content":{"rendered":"<p>A rela\u00e7\u00e3o entre o jornalista <strong><a href=\"https:\/\/portalpopmais.com.br\/en\/trends\/leo-dias\/\" data-type=\"post_tag\" data-id=\"425\">Leo Dias<\/a><\/strong> e o SBT est\u00e1 estremecida. Isso porque o colunista foi vetado na apresenta\u00e7\u00e3o do &#8220;Natal com o Embaixador&#8221;. Ap\u00f3s ser substitu\u00eddo na programa\u00e7\u00e3o, surgiram especula\u00e7\u00f5es de que ele estaria negociando com a <a href=\"http:\/\/ikarus.mus.br\" target=\"_blank\" rel=\"noopener\">Band<\/a>.<\/p>\n\n\n\n<div class=\"wp-block-group\"><div class=\"wp-block-group__inner-container is-layout-constrained wp-block-group-is-layout-constrained\">\n<h2 class=\"wp-block-heading\">Veja mais<\/h2>\n\n\n\n<ul class=\"wp-block-list\">\n<li><strong><a href=\"https:\/\/portalpopmais.com.br\/en\/patricia-ramos-nao-sairia-com-homem-pobre\/\">Patr\u00edcia Ramos revela que n\u00e3o sairia com homem pobre: \u2018J\u00e1 sofro muito\u2019<\/a><\/strong><\/li>\n\n\n\n<li><a href=\"https:\/\/portalpopmais.com.br\/en\/sbt-anuncia-contratacao-de-datena\/\"><strong>SBT anuncia contrata\u00e7\u00e3o de Datena<\/strong><\/a><\/li>\n<\/ul>\n<\/div><\/div>\n\n\n\n<p>De acordo com o Correio Brasiliense, L\u00e9o foi o respons\u00e1vel por organizar toda programa\u00e7\u00e3o do evento, incluindo a lista de convidados na plat\u00e9ia. Mas a pedido do Embaixador, ele foi substitu\u00eddo por Cezar Filho, Patr\u00edcia Abravanel e Celso Portiolli.<\/p>\n\n\n\n<p>Em meio a pol\u00eamica, a Band iniciou uma miss\u00e3o para puxar o apresentador para a emissora. O site revelou ainda que reuni\u00f5es j\u00e1 est\u00e3o acontecendo para que a mudan\u00e7a aconte\u00e7a.<\/p>\n\n\n\n<p>Ainda n\u00e3o se sabe se L\u00e9o Dias vai aceitar a proposta, j\u00e1 que ele pretende criar sua emissora de televis\u00e3o no digital. Em seu projeto, o fofoqueiro est\u00e1 se programando para fazer a cobertura do Carnaval 2025 em grande estilo.<\/p>","protected":false},"excerpt":{"rendered":"<p>A rela\u00e7\u00e3o entre o jornalista Leo Dias e o SBT est\u00e1 estremecida. Isso porque o colunista foi vetado na apresenta\u00e7\u00e3o do &#8220;Natal com o Embaixador&#8221;. Ap\u00f3s ser substitu\u00eddo na programa\u00e7\u00e3o, surgiram especula\u00e7\u00f5es de que ele estaria negociando com a Band. Veja mais De acordo com o Correio Brasiliense, L\u00e9o foi o respons\u00e1vel por organizar toda [&hellip;]<\/p>\n","protected":false},"author":2,"featured_media":197926,"comment_status":"closed","ping_status":"closed","sticky":false,"template":"","format":"standard","meta":{"footnotes":""},"categories":[181],"tags":[425,403],"class_list":["post-221961","post","type-post","status-publish","format-standard","has-post-thumbnail","hentry","category-televisao","tag-leo-dias","tag-sbt"],"_links":{"self":[{"href":"https:\/\/portalpopmais.com.br\/en\/wp-json\/wp\/v2\/posts\/221961","targetHints":{"allow":["GET"]}}],"collection":[{"href":"https:\/\/portalpopmais.com.br\/en\/wp-json\/wp\/v2\/posts"}],"about":[{"href":"https:\/\/portalpopmais.com.br\/en\/wp-json\/wp\/v2\/types\/post"}],"author":[{"embeddable":true,"href":"https:\/\/portalpopmais.com.br\/en\/wp-json\/wp\/v2\/users\/2"}],"replies":[{"embeddable":true,"href":"https:\/\/portalpopmais.com.br\/en\/wp-json\/wp\/v2\/comments?post=221961"}],"version-history":[{"count":0,"href":"https:\/\/portalpopmais.com.br\/en\/wp-json\/wp\/v2\/posts\/221961\/revisions"}],"wp:featuredmedia":[{"embeddable":true,"href":"https:\/\/portalpopmais.com.br\/en\/wp-json\/wp\/v2\/media\/197926"}],"wp:attachment":[{"href":"https:\/\/portalpopmais.com.br\/en\/wp-json\/wp\/v2\/media?parent=221961"}],"wp:term":[{"taxonomy":"category","embeddable":true,"href":"https:\/\/portalpopmais.com.br\/en\/wp-json\/wp\/v2\/categories?post=221961"},{"taxonomy":"post_tag","embeddable":true,"href":"https:\/\/portalpopmais.com.br\/en\/wp-json\/wp\/v2\/tags?post=221961"}],"curies":[{"name":"wp","href":"https:\/\/api.w.org\/{rel}","templated":true}]}}