{"id":222399,"date":"2024-12-14T08:39:46","date_gmt":"2024-12-14T11:39:46","guid":{"rendered":"https:\/\/portalpopmais.com.br\/?p=222399"},"modified":"2024-12-14T08:39:52","modified_gmt":"2024-12-14T11:39:52","slug":"camila-queiroz-e-klebber-toledo-estao-fora-de-novela-da-globo","status":"publish","type":"post","link":"https:\/\/portalpopmais.com.br\/en\/camila-queiroz-e-klebber-toledo-estao-fora-de-novela-da-globo\/","title":{"rendered":"Camila Queiroz e Klebber Toledo est\u00e3o fora de novela da Globo"},"content":{"rendered":"<p><strong>Camila Queiroz<\/strong> e <strong><a href=\"http:\/\/portalpopmais.com.br\/en\/\" data-type=\"attachment\" data-id=\"222400\">Klebber Toledo<\/a><\/strong> n\u00e3o estar\u00e3o na continua\u00e7\u00e3o de \u201c\u00cata Mundo Bom\u201d, de Walcyr Carrasco, prevista para estrear em 2025 como a pr\u00f3xima novela das 18h. Apesar de a ideia inicial ser contar com o casal nos pap\u00e9is de Mafalda e Romeu, da trama original, a participa\u00e7\u00e3o foi descartada devido a conflitos de agenda. As informa\u00e7\u00f5es s\u00e3o de Flavio Ricco.<\/p>\n\n\n\n<p>De acordo com a assessoria, a proposta era integrar Camila e Klebber ao elenco liderado por S\u00e9rgio Guiz\u00e9, que assumir\u00e1 o protagonismo da continua\u00e7\u00e3o. No entanto, as grava\u00e7\u00f5es n\u00e3o se alinharam com os compromissos profissionais dos dois artistas, que est\u00e3o envolvidos em diversos projetos para plataformas de streaming.<\/p>\n\n\n\n<p>Camila e Klebber t\u00eam se dedicado a trabalhos que incluem atua\u00e7\u00e3o e apresenta\u00e7\u00e3o em produ\u00e7\u00f5es digitais, como o Casamento \u00e0s Cegas, o que limitou a disponibilidade para o cronograma da nova novela. Com isso, a equipe optou por seguir com o elenco sem a presen\u00e7a do casal.<\/p>","protected":false},"excerpt":{"rendered":"<p>Camila Queiroz e Klebber Toledo n\u00e3o estar\u00e3o na continua\u00e7\u00e3o de \u201c\u00cata Mundo Bom\u201d, de Walcyr Carrasco, prevista para estrear em 2025 como a pr\u00f3xima novela das 18h. Apesar de a ideia inicial ser contar com o casal nos pap\u00e9is de Mafalda e Romeu, da trama original, a participa\u00e7\u00e3o foi descartada devido a conflitos de agenda. [&hellip;]<\/p>\n","protected":false},"author":2,"featured_media":222400,"comment_status":"closed","ping_status":"closed","sticky":false,"template":"","format":"standard","meta":{"footnotes":""},"categories":[181],"tags":[17075],"class_list":["post-222399","post","type-post","status-publish","format-standard","has-post-thumbnail","hentry","category-televisao","tag-klebber-toledo"],"_links":{"self":[{"href":"https:\/\/portalpopmais.com.br\/en\/wp-json\/wp\/v2\/posts\/222399","targetHints":{"allow":["GET"]}}],"collection":[{"href":"https:\/\/portalpopmais.com.br\/en\/wp-json\/wp\/v2\/posts"}],"about":[{"href":"https:\/\/portalpopmais.com.br\/en\/wp-json\/wp\/v2\/types\/post"}],"author":[{"embeddable":true,"href":"https:\/\/portalpopmais.com.br\/en\/wp-json\/wp\/v2\/users\/2"}],"replies":[{"embeddable":true,"href":"https:\/\/portalpopmais.com.br\/en\/wp-json\/wp\/v2\/comments?post=222399"}],"version-history":[{"count":0,"href":"https:\/\/portalpopmais.com.br\/en\/wp-json\/wp\/v2\/posts\/222399\/revisions"}],"wp:featuredmedia":[{"embeddable":true,"href":"https:\/\/portalpopmais.com.br\/en\/wp-json\/wp\/v2\/media\/222400"}],"wp:attachment":[{"href":"https:\/\/portalpopmais.com.br\/en\/wp-json\/wp\/v2\/media?parent=222399"}],"wp:term":[{"taxonomy":"category","embeddable":true,"href":"https:\/\/portalpopmais.com.br\/en\/wp-json\/wp\/v2\/categories?post=222399"},{"taxonomy":"post_tag","embeddable":true,"href":"https:\/\/portalpopmais.com.br\/en\/wp-json\/wp\/v2\/tags?post=222399"}],"curies":[{"name":"wp","href":"https:\/\/api.w.org\/{rel}","templated":true}]}}