{"id":222825,"date":"2024-12-21T12:54:33","date_gmt":"2024-12-21T15:54:33","guid":{"rendered":"https:\/\/portalpopmais.com.br\/?p=222825"},"modified":"2024-12-21T12:54:38","modified_gmt":"2024-12-21T15:54:38","slug":"entrevista-pop-mais-matheus-rocha-fala-sobre-o-lancamento-do-projeto-ser-o-que-sou","status":"publish","type":"post","link":"https:\/\/portalpopmais.com.br\/en\/entrevista-pop-mais-matheus-rocha-fala-sobre-o-lancamento-do-projeto-ser-o-que-sou\/","title":{"rendered":"Entrevista Pop Mais: Matheus Rocha, fala sobre o lan\u00e7amento do projeto &#8216;Ser o Que Sou&#8217;"},"content":{"rendered":"<p>Natural de <strong>Sorocaba<\/strong>, SP, o interesse pela arte vem desde a inf\u00e2ncia. Aos 04 anos j\u00e1 demonstrava sua paix\u00e3o pela m\u00fasica, e aos 12 anos\u00a0 come\u00e7ou a desenvolver seu dom cantando na igreja. Aos 20 anos deu in\u00edcio \u00e0 sua carreira como musico profissional se apresentando em Sorocaba e regi\u00e3o.<\/p>\n\n\n\n<p>Em 2003 <strong><a href=\"http:\/\/portalpopmais.com.br\/en\/\" data-type=\"link\" data-id=\"portalpopmais.com.br\">Matheus<\/a><\/strong> tornou-se conhecido nacionalmente ao participar do reality show <a href=\"http:\/\/portalpopmais.com.br\/en\/\" data-type=\"link\" data-id=\"portalpopmais.com.br\">Popstars<\/a> exibido pelo Sbt, sendo um dos cinco escolhidos entre 34.000 participantes para fazer parte do grupo Br\u2019oz, que foi um grande sucesso vendendo mais de 500.000 m\u00eddias somando cd\u2019s e dvd\u2019s entre 2003 e 2005.<\/p>\n\n\n\n<p>Atualmente Matheus segue conciliando as atividades como vocalista na banda de Pop\/Rock Relive que \u00e9 destaque nas principais casas e pubs do estado de S\u00e3o Paulo e capital, as reuni\u00f5es do Br&#8217;oZ e a retomada do projeto solo que havia sido interrompido em 2009 por quest\u00f5es de sa\u00fade.<\/p>\n\n\n\n<p>\u200bO \u00e1lbum Ser o que sou, produzido em 2008, acaba de ser disponibilizado nas plataformas digitais junto com o v\u00eddeo clipe, da m\u00fasica Ser o que sou, produzido na mesma \u00e9poca. Aproveitando esse momento super especial para o Artista, ele cedeu uma entrevista exclusiva para o Pop Mais, confira abaixo.<\/p>\n\n\n\n<p><strong>1 &#8211; Dezembro chegou e com ele voc\u00ea trouxe dois presentes para seus f\u00e3s. Vamos come\u00e7ar pelo o \u00e1lbum \u201cSer O Que Sou\u201d, a produ\u00e7\u00e3o dele foi em 2009, lan\u00e7ar ele hoje, significa que ainda existe uma conex\u00e3o com o Matheus de 2009?<\/strong><\/p>\n\n\n\n<p><strong>R:<\/strong> <em>Existe muita conex\u00e3o. Inclusive esse meio tempo necess\u00e1rio de 2009 at\u00e9 aqui, \u00e9 o que faz essa conex\u00e3o, pois eu precisava desse tempo pra amadurecer e compreender muitas quest\u00f5es que n\u00e3o compreendia naquele momento.<\/em><\/p>\n\n\n\n<p><strong>2 &#8211; O \u00e1lbum possui 11 can\u00e7\u00f5es, pretende lan\u00e7ar quantas como singles?<\/strong><\/p>\n\n\n\n<p><strong>R:<\/strong> <em>Em 2009 ainda se gravava e lan\u00e7ava o \u00e1lbum completo, e como eu j\u00e1 tinha come\u00e7ado a trabalhar o \u00e1lbum l\u00e1 atr\u00e1s, n\u00e3o fazia muito sentido lan\u00e7\u00e1-lo m\u00fasica por m\u00fasica, separadamente. Achei melhor disponibilizar o \u00e1lbum Ser o que sou na \u00edntegra e da\u00ed sim, na sequ\u00eancia, lan\u00e7ar m\u00fasicas in\u00e9ditas como single.<\/em><br><\/p>\n\n\n\n<p><strong>3 &#8211; Al\u00e9m do \u00e1lbum, tamb\u00e9m disponibilizou uma m\u00fasica in\u00e9dita \u201cAt\u00e9 Aqui\u201d com produ\u00e7\u00e3o do seu filho Lucas. Desde seu retorno com BR\u2019OZ, ele vem trabalhando em v\u00e1rios projetos com voc\u00ea, qual o segredo para a quest\u00e3o profissional n\u00e3o afetar o relacionamento entre pai e filho?<\/strong><\/p>\n\n\n\n<p><strong>R:<\/strong> <em>O Lucas \u00e9 extremamente talentoso, eu confio e me identifico muito com o trabalho dele. A gente tem uma qu\u00edmica muito boa na hora de produzir e as ideias dele s\u00e3o sempre incr\u00edveis. Inclusive temos um projeto juntos, um duo pop\/eletr\u00f4nico que se chama Family city.<\/em><\/p>\n\n\n\n<p><strong>4 &#8211; \u201cAt\u00e9 Aqui\u201d \u00e9 uma composi\u00e7\u00e3o sua em parceria com a Jessica Moreira, como foi escrever essa letra com ela?<\/strong><\/p>\n\n\n\n<p><strong>R:<\/strong> <em>\u00c9 muito legal e muito f\u00e1cil escrever com a Jessica porque ela consegue entender o que estou pensando e descrever esse pensamento de uma forma mais complexa.<br>Al\u00e9m de grande compositora, a Jessica \u00e9 uma excelente cantora!<br><\/em><\/p>\n\n\n\n<p><strong>5 &#8211; Para finalizar, quais os projetos para 2025?<\/strong><\/p>\n\n\n\n<p><strong>R:<\/strong> <em>Sem projetos e sem pensar muito\u2026 Depois de anos descobri que o mais legal \u00e9 deixar as coisas flu\u00edrem de forma natural. Vou fazer a minha parte de forma leve e deixar a vida me surpreender.<\/em><\/p>\n\n\n\n<p><\/p>\n\n\n\n<p><strong>Confira o clipe de &#8216;At\u00e9 Aqui&#8217;:<\/strong><\/p>\n\n\n\n<figure class=\"wp-block-embed is-type-video is-provider-youtube wp-block-embed-youtube wp-embed-aspect-16-9 wp-has-aspect-ratio\"><div class=\"wp-block-embed__wrapper\">\n<iframe loading=\"lazy\" title=\"MATHEUS ROCHA I AT\u00c9 AQUI\" width=\"880\" height=\"495\" src=\"https:\/\/www.youtube.com\/embed\/JdJ-Cplmfig?feature=oembed\" frameborder=\"0\" allow=\"accelerometer; autoplay; clipboard-write; encrypted-media; gyroscope; picture-in-picture; web-share\" referrerpolicy=\"strict-origin-when-cross-origin\" allowfullscreen><\/iframe>\n<\/div><\/figure>\n\n\n\n<p>E n\u00e3o para por a\u00ed, Matheus j\u00e1 est\u00e1 preparando uma sequ\u00eancia de novos lan\u00e7amentos para marcar sua retomada e o in\u00edcio de uma nova fase cheia de desafios e de muitas vit\u00f3rias. <\/p>","protected":false},"excerpt":{"rendered":"<p>Natural de Sorocaba, SP, o interesse pela arte vem desde a inf\u00e2ncia. Aos 04 anos j\u00e1 demonstrava sua paix\u00e3o pela m\u00fasica, e aos 12 anos\u00a0 come\u00e7ou a desenvolver seu dom cantando na igreja. Aos 20 anos deu in\u00edcio \u00e0 sua carreira como musico profissional se apresentando em Sorocaba e regi\u00e3o. Em 2003 Matheus tornou-se conhecido [&hellip;]<\/p>\n","protected":false},"author":2,"featured_media":222827,"comment_status":"closed","ping_status":"closed","sticky":false,"template":"","format":"standard","meta":{"footnotes":""},"categories":[177,154],"tags":[17101,17100,17099,403],"class_list":["post-222825","post","type-post","status-publish","format-standard","has-post-thumbnail","hentry","category-entrevistas","category-musica","tag-boy-band","tag-broz-3","tag-matheus-rocha","tag-sbt"],"_links":{"self":[{"href":"https:\/\/portalpopmais.com.br\/en\/wp-json\/wp\/v2\/posts\/222825","targetHints":{"allow":["GET"]}}],"collection":[{"href":"https:\/\/portalpopmais.com.br\/en\/wp-json\/wp\/v2\/posts"}],"about":[{"href":"https:\/\/portalpopmais.com.br\/en\/wp-json\/wp\/v2\/types\/post"}],"author":[{"embeddable":true,"href":"https:\/\/portalpopmais.com.br\/en\/wp-json\/wp\/v2\/users\/2"}],"replies":[{"embeddable":true,"href":"https:\/\/portalpopmais.com.br\/en\/wp-json\/wp\/v2\/comments?post=222825"}],"version-history":[{"count":0,"href":"https:\/\/portalpopmais.com.br\/en\/wp-json\/wp\/v2\/posts\/222825\/revisions"}],"wp:featuredmedia":[{"embeddable":true,"href":"https:\/\/portalpopmais.com.br\/en\/wp-json\/wp\/v2\/media\/222827"}],"wp:attachment":[{"href":"https:\/\/portalpopmais.com.br\/en\/wp-json\/wp\/v2\/media?parent=222825"}],"wp:term":[{"taxonomy":"category","embeddable":true,"href":"https:\/\/portalpopmais.com.br\/en\/wp-json\/wp\/v2\/categories?post=222825"},{"taxonomy":"post_tag","embeddable":true,"href":"https:\/\/portalpopmais.com.br\/en\/wp-json\/wp\/v2\/tags?post=222825"}],"curies":[{"name":"wp","href":"https:\/\/api.w.org\/{rel}","templated":true}]}}