{"id":223085,"date":"2025-01-03T10:04:03","date_gmt":"2025-01-03T13:04:03","guid":{"rendered":"https:\/\/portalpopmais.com.br\/?p=223085"},"modified":"2025-01-03T10:04:10","modified_gmt":"2025-01-03T13:04:10","slug":"maira-cardi-revela-que-perdeu-o-bebe-e-thiago-nigro-reage-a-morte-do-filho","status":"publish","type":"post","link":"https:\/\/portalpopmais.com.br\/en\/maira-cardi-revela-que-perdeu-o-bebe-e-thiago-nigro-reage-a-morte-do-filho\/","title":{"rendered":"Ma\u00edra Cardi revela que perdeu o beb\u00ea e Thiago Nigro reage \u00e0 morte do filho"},"content":{"rendered":"\n<p><strong><a href=\"https:\/\/portalpopmais.com.br\/trends\/maira-cardi\/\" data-type=\"post_tag\" data-id=\"10355\">Ma\u00edra Cardi<\/a><\/strong>, que estava esperando o primeiro filho com o marido, Thiago Nigro, revelou, nesta quinta-feira (2), que perdeu o beb\u00ea. Em v\u00eddeo emocionante, compartilhado em suas redes sociais, a <a href=\"http:\/\/ikarus.mus.br\" target=\"_blank\" rel=\"noopener\">life coach<\/a> explicou que estava tendo um sangramento h\u00e1 uns dias.<\/p>\n\n\n\n<p>&#8220;Nem sei falar o que sentimos nessa hora! Mas demoramos para nos situar. Ela disse que n\u00e3o houve descolamento [de placenta]. O cora\u00e7\u00e3o apenas parou de bater. Ela disse que possivelmente parou de bater h\u00e1 3 dias, ou seja, dia 31&#8221;, compartilhou nos Stories do Instagram.<\/p>\n\n\n\n<div class=\"wp-block-group\"><div class=\"wp-block-group__inner-container is-layout-constrained wp-block-group-is-layout-constrained\">\n<h2 class=\"wp-block-heading\">Veja mais<\/h2>\n\n\n\n<ul class=\"wp-block-list\">\n<li><strong><a href=\"https:\/\/portalpopmais.com.br\/globo-contrata-christina-rocha-para-o-bbb25\/\">Globo contrata Christina Rocha para o BBB25<\/a><\/strong><\/li>\n\n\n\n<li><a href=\"https:\/\/portalpopmais.com.br\/bruno-fagundes-assume-romance-arquiteto\/\"><strong>Bruno Fagundes assume romance com arquiteto; saiba quem \u00e9<\/strong><\/a><\/li>\n<\/ul>\n<\/div><\/div>\n\n\n\n<p>&#8220;\u00c9 um vazio que n\u00e3o se explica e, ao mesmo tempo, uma certeza de que Ele sabe de todas as coisas. Resolvemos contar para Sophia [filha de Ma\u00edra com Arthur Aguiar] antes dela saber de outra forma. Ela tinha muito medo da gravidez por ter perdido a Thais&#8221;, escreveu.<\/p>\n\n\n\n<p>Apesar da triste not\u00edcia, Thiago Nigro reagiu de forma carinhosa com a esposa e surgiu abra\u00e7ando a influenciadora no hospital. Nas redes sociais, o perfil oficial da empres\u00e1ria agradeceu aos f\u00e3s pelas in\u00fameras mensagens de carinho.<\/p>\n\n\n\n<p>&#8220;Queremos come\u00e7ar agradecendo todas as mensagens de carinho que temos recebido neste momento delicado. Em raz\u00e3o de diversos questionamentos sobre a programa\u00e7\u00e3o previamente anunciada, gostar\u00edamos de esclarecer: em respeito ao p\u00fablico que acompanha o trabalho da Ma\u00edra, decidimos continuar com a agenda profissional previamente anunciada. Por\u00e9m, \u00e9 importante pontuar que este perfil est\u00e1 sendo usado exclusivamente pela equipe para fins profissionais e, por isso, n\u00e3o abordaremos quest\u00f5es pessoais neste espa\u00e7o&#8221;, informou.<\/p>\n\n\n\n<figure class=\"wp-block-embed is-type-rich is-provider-instagram wp-block-embed-instagram\"><div class=\"wp-block-embed__wrapper\">\nhttps:\/\/www.instagram.com\/reel\/DEW9XQnRsBY\/?utm_source=ig_embed&#038;ig_rid=fa2da360-9c4a-460f-812f-0965db1fb62c\n<\/div><\/figure>\n","protected":false},"excerpt":{"rendered":"<p>Ma\u00edra Cardi, que estava esperando o primeiro filho com o marido, Thiago Nigro, revelou, nesta quinta-feira (2), que perdeu o beb\u00ea. Em v\u00eddeo emocionante, compartilhado em suas redes sociais, a life coach explicou que estava tendo um sangramento h\u00e1 uns dias. &#8220;Nem sei falar o que sentimos nessa hora! Mas demoramos para nos situar. Ela [&hellip;]<\/p>\n","protected":false},"author":2,"featured_media":223086,"comment_status":"closed","ping_status":"closed","sticky":false,"template":"","format":"standard","meta":{"footnotes":""},"categories":[173],"tags":[10355],"class_list":["post-223085","post","type-post","status-publish","format-standard","has-post-thumbnail","hentry","category-celebridades","tag-maira-cardi"],"_links":{"self":[{"href":"https:\/\/portalpopmais.com.br\/en\/wp-json\/wp\/v2\/posts\/223085","targetHints":{"allow":["GET"]}}],"collection":[{"href":"https:\/\/portalpopmais.com.br\/en\/wp-json\/wp\/v2\/posts"}],"about":[{"href":"https:\/\/portalpopmais.com.br\/en\/wp-json\/wp\/v2\/types\/post"}],"author":[{"embeddable":true,"href":"https:\/\/portalpopmais.com.br\/en\/wp-json\/wp\/v2\/users\/2"}],"replies":[{"embeddable":true,"href":"https:\/\/portalpopmais.com.br\/en\/wp-json\/wp\/v2\/comments?post=223085"}],"version-history":[{"count":0,"href":"https:\/\/portalpopmais.com.br\/en\/wp-json\/wp\/v2\/posts\/223085\/revisions"}],"wp:featuredmedia":[{"embeddable":true,"href":"https:\/\/portalpopmais.com.br\/en\/wp-json\/wp\/v2\/media\/223086"}],"wp:attachment":[{"href":"https:\/\/portalpopmais.com.br\/en\/wp-json\/wp\/v2\/media?parent=223085"}],"wp:term":[{"taxonomy":"category","embeddable":true,"href":"https:\/\/portalpopmais.com.br\/en\/wp-json\/wp\/v2\/categories?post=223085"},{"taxonomy":"post_tag","embeddable":true,"href":"https:\/\/portalpopmais.com.br\/en\/wp-json\/wp\/v2\/tags?post=223085"}],"curies":[{"name":"wp","href":"https:\/\/api.w.org\/{rel}","templated":true}]}}