{"id":223105,"date":"2025-01-03T16:30:25","date_gmt":"2025-01-03T19:30:25","guid":{"rendered":"https:\/\/portalpopmais.com.br\/?p=223105"},"modified":"2025-01-03T16:30:32","modified_gmt":"2025-01-03T19:30:32","slug":"festival-nas-batalhas-celebra-resistencia-e-diversidade-das-dancas-urbanas-em-programacao-gratuita-no-sesc-sao-paulo","status":"publish","type":"post","link":"https:\/\/portalpopmais.com.br\/en\/festival-nas-batalhas-celebra-resistencia-e-diversidade-das-dancas-urbanas-em-programacao-gratuita-no-sesc-sao-paulo\/","title":{"rendered":"Festival Nas Batalhas celebra resist\u00eancia e diversidade das dan\u00e7as urbanas em programa\u00e7\u00e3o gratuita no Sesc S\u00e3o Paulo"},"content":{"rendered":"<p>A produtora cultural <strong><a href=\"http:\/\/portalpopmais.com.br\/en\/\">Jade Lyrio<\/a><\/strong> e o pesquisador em dan\u00e7as urbanas e negras Eduardo Dial\u00e9tico apresentam mais uma edi\u00e7\u00e3o do Festival Nas Batalhas. Parte da programa\u00e7\u00e3o do Sesc Ver\u00e3o 2025, o evento acontece em quatro unidades do Sesc S\u00e3o Paulo ao longo do m\u00eas de janeiro, com entrada gratuita.<\/p>\n\n\n\n<p>Com uma proposta que valoriza a diversidade de corpos e hist\u00f3rias, o festival explora as dan\u00e7as urbanas como ferramentas de inclus\u00e3o e resist\u00eancia, promovendo atividades como batalhas de dan\u00e7a, oficinas, jams de breaking, cyphers tem\u00e1ticas e rodas de conversa. Durante toda a programa\u00e7\u00e3o, o p\u00fablico poder\u00e1 vivenciar o protagonismo da cultura afro-diasp\u00f3rica, al\u00e9m de prestigiar apresenta\u00e7\u00f5es de DJs e dan\u00e7arinos que representam a for\u00e7a transformadora da cultura hip hop.<\/p>\n\n\n\n<p>No dia 4 de janeiro, a agenda ter\u00e1 in\u00edcio no Sesc Belenzinho com uma oficina gratuita de Krump ministrada por Ronaldo SnoBrock, seguida de batalhas All Style e encerramento com o Baile do DJ Alex Luxury. No dia 11, a programa\u00e7\u00e3o continua no Sesc Guarulhos, com jams e showcases de breaking que promovem intera\u00e7\u00e3o entre dan\u00e7arinos e o p\u00fablico presente. J\u00e1 no dia 12, no Sesc Paulista, a Cypher da Diversidade destaca a representatividade de Mulheres Plurais, Masculinidades Diversas e inclus\u00e3o de pessoas acima de 60 anos e PCD. Encerrando o festival, no dia 19 de janeiro, no Sesc Itaquera, o foco ser\u00e1 nas crian\u00e7as e adolescentes, com batalhas dedicadas a eles, uma roda de conversa voltada para educadores e aula aberta com Tiago Reis, arte-educador e artista da dan\u00e7a. &nbsp;<\/p>\n\n\n\n<p>Al\u00e9m da dan\u00e7a, o repert\u00f3rio musical do festival complementa sua ess\u00eancia cultural, trazendo ritmos como hip hop, funk, soul e disco, todos selecionados para refor\u00e7ar a conex\u00e3o entre resist\u00eancia, express\u00e3o e pertencimento. Entre os destaques musicais, est\u00e1 o DJ Alex Luxury, reconhecido por seu Baile da Luxury, que mistura black music e afrobeats.<\/p>\n\n\n\n<p>Entre os demais artistas que comp\u00f5em a programa\u00e7\u00e3o, Raquel Cabaneco, jurada das batalhas All Style, \u00e9 destaque na cena das dan\u00e7as urbanas como bailarina de grandes estrelas da m\u00fasica; Bboy Chileno, precursor do hip hop no Brasil e refer\u00eancia na Cypher da Diversidade; e Helena Black, drag queen que ser\u00e1 mestra de cerim\u00f4nias, levando representatividade e arte \u00e0 frente do evento. &nbsp;<\/p>\n\n\n\n<p>&#8220;A cultura Hip Hop nasceu como um movimento de resist\u00eancia nas periferias e, mesmo com sua ascens\u00e3o global, \u00e9 essencial relembrar suas ra\u00edzes. O Nas Batalhas celebra essa for\u00e7a transformadora, destacando a diversidade e o protagonismo de corpos historicamente marginalizados&#8221;, afirmam os idealizadores Jade Lyrio e Eduardo Dial\u00e9tico.<\/p>\n\n\n\n<p><strong>SERVI\u00c7O<\/strong><\/p>\n\n\n\n<p><strong>04\/01 &#8211; Sesc Belenzinho<\/strong><br><strong>Hor\u00e1rio:<\/strong>&nbsp;14h \u00e0s 18h<\/p>\n\n\n\n<ul class=\"wp-block-list\">\n<li>Oficina gratuita de Krump com Ronaldo SnoBrock.<\/li>\n\n\n\n<li>Batalhas All Style em duplas.<\/li>\n\n\n\n<li>Baile de encerramento com DJ Alex Luxury e Dcharmes.<br><strong>Endere\u00e7o:<\/strong>\u00a0<a href=\"https:\/\/www.google.com\/maps\/search\/Rua+Padre+Adelino,+1000+%E2%80%93+S%C3%A3o+Paulo?entry=gmail&amp;source=g\" target=\"_blank\" rel=\"noreferrer noopener\">Rua Padre Adelino, 1000 \u2013 S\u00e3o Paulo<\/a>.<br><strong>Entrada:<\/strong>\u00a0Gratuita.<br><strong>Classifica\u00e7\u00e3o indicativa:<\/strong>\u00a0Livre.<\/li>\n<\/ul>\n\n\n\n<p><strong>11\/01 &#8211; Sesc Guarulhos<\/strong><br><strong>Hor\u00e1rio:<\/strong>&nbsp;16h \u00e0s 17h30<\/p>\n\n\n\n<ul class=\"wp-block-list\">\n<li>Jams e showcases de breaking, promovendo intera\u00e7\u00e3o entre dan\u00e7arinos e o p\u00fablico presente.<br><strong>Endere\u00e7o:<\/strong>\u00a0<a href=\"https:\/\/www.google.com\/maps\/search\/Rua+Guilherme+Lino+dos+Santos,+1200+%E2%80%93+Guarulhos?entry=gmail&amp;source=g\" target=\"_blank\" rel=\"noreferrer noopener\">Rua Guilherme Lino dos Santos, 1200 \u2013 Guarulhos<\/a>.<br><strong>Entrada:<\/strong>\u00a0Gratuita.<br><strong>Classifica\u00e7\u00e3o indicativa:<\/strong>\u00a0Livre.<\/li>\n<\/ul>\n\n\n\n<p><strong>12\/01 &#8211; Sesc Paulista<\/strong><br><strong>Hor\u00e1rio:<\/strong>&nbsp;16h30 \u00e0s 18h30<\/p>\n\n\n\n<ul class=\"wp-block-list\">\n<li>Cypher da Diversidade, com categorias como Mulheres Plurais, Masculinidades Diversas e inclus\u00e3o de pessoas acima de 60 anos.<br><strong>Endere\u00e7o:<\/strong>\u00a0<a href=\"https:\/\/www.google.com\/maps\/search\/Avenida+Paulista,+119+%E2%80%93+S%C3%A3o+Paulo?entry=gmail&amp;source=g\" target=\"_blank\" rel=\"noreferrer noopener\">Avenida Paulista, 119 \u2013 S\u00e3o Paulo<\/a>.<br><strong>Entrada:<\/strong>\u00a0Gratuita.<br><strong>Classifica\u00e7\u00e3o indicativa:<\/strong>\u00a0Livre.<\/li>\n<\/ul>\n\n\n\n<p><strong>19\/01 &#8211; Sesc Itaquera<\/strong><br><strong>Hor\u00e1rio:<\/strong>&nbsp;13h \u00e0s 17h<\/p>\n\n\n\n<ul class=\"wp-block-list\">\n<li>Aula aberta com Tiago Reis.<\/li>\n\n\n\n<li>Roda de conversa voltada para educadores.<\/li>\n\n\n\n<li>Batalhas dedicadas a crian\u00e7as e adolescentes.<br><strong>Endere\u00e7o:<\/strong>\u00a0<a href=\"https:\/\/www.google.com\/maps\/search\/Avenida+Fernando+do+Esp%C3%ADrito+Santo+Alves+de+Mattos,+1000+%E2%80%93+S%C3%A3o+Paulo?entry=gmail&amp;source=g\" target=\"_blank\" rel=\"noreferrer noopener\">Avenida Fernando do Esp\u00edrito Santo Alves de Mattos, 1000 \u2013 S\u00e3o Paulo<\/a>.<br><strong>Entrada:<\/strong>\u00a0Gratuita.<br><strong>Classifica\u00e7\u00e3o indicativa:<\/strong>\u00a0Livre<\/li>\n<\/ul>","protected":false},"excerpt":{"rendered":"<p>A produtora cultural Jade Lyrio e o pesquisador em dan\u00e7as urbanas e negras Eduardo Dial\u00e9tico apresentam mais uma edi\u00e7\u00e3o do Festival Nas Batalhas. Parte da programa\u00e7\u00e3o do Sesc Ver\u00e3o 2025, o evento acontece em quatro unidades do Sesc S\u00e3o Paulo ao longo do m\u00eas de janeiro, com entrada gratuita. Com uma proposta que valoriza a [&hellip;]<\/p>\n","protected":false},"author":1,"featured_media":223106,"comment_status":"closed","ping_status":"closed","sticky":false,"template":"","format":"standard","meta":{"footnotes":""},"categories":[1],"tags":[],"class_list":["post-223105","post","type-post","status-publish","format-standard","has-post-thumbnail","hentry","category-fire2"],"_links":{"self":[{"href":"https:\/\/portalpopmais.com.br\/en\/wp-json\/wp\/v2\/posts\/223105","targetHints":{"allow":["GET"]}}],"collection":[{"href":"https:\/\/portalpopmais.com.br\/en\/wp-json\/wp\/v2\/posts"}],"about":[{"href":"https:\/\/portalpopmais.com.br\/en\/wp-json\/wp\/v2\/types\/post"}],"author":[{"embeddable":true,"href":"https:\/\/portalpopmais.com.br\/en\/wp-json\/wp\/v2\/users\/1"}],"replies":[{"embeddable":true,"href":"https:\/\/portalpopmais.com.br\/en\/wp-json\/wp\/v2\/comments?post=223105"}],"version-history":[{"count":0,"href":"https:\/\/portalpopmais.com.br\/en\/wp-json\/wp\/v2\/posts\/223105\/revisions"}],"wp:featuredmedia":[{"embeddable":true,"href":"https:\/\/portalpopmais.com.br\/en\/wp-json\/wp\/v2\/media\/223106"}],"wp:attachment":[{"href":"https:\/\/portalpopmais.com.br\/en\/wp-json\/wp\/v2\/media?parent=223105"}],"wp:term":[{"taxonomy":"category","embeddable":true,"href":"https:\/\/portalpopmais.com.br\/en\/wp-json\/wp\/v2\/categories?post=223105"},{"taxonomy":"post_tag","embeddable":true,"href":"https:\/\/portalpopmais.com.br\/en\/wp-json\/wp\/v2\/tags?post=223105"}],"curies":[{"name":"wp","href":"https:\/\/api.w.org\/{rel}","templated":true}]}}