{"id":223179,"date":"2025-01-07T05:03:20","date_gmt":"2025-01-07T08:03:20","guid":{"rendered":"https:\/\/portalpopmais.com.br\/?p=223179"},"modified":"2025-01-07T05:03:26","modified_gmt":"2025-01-07T08:03:26","slug":"funcionaria-com-cancer-no-cerebro-e-demitida-do-sbt","status":"publish","type":"post","link":"https:\/\/portalpopmais.com.br\/en\/funcionaria-com-cancer-no-cerebro-e-demitida-do-sbt\/","title":{"rendered":"Funcion\u00e1ria com c\u00e2ncer no c\u00e9rebro \u00e9 demitida do SBT"},"content":{"rendered":"\n<p>Na \u00faltima semana, uma nova onda de demiss\u00f5es causou p\u00e2nico nos corredores do <strong><a href=\"https:\/\/portalpopmais.com.br\/trends\/sbt\/\" data-type=\"post_tag\" data-id=\"403\">SBT<\/a><\/strong>. As baixas seguem causando um clim\u00e3o entre os colaboradores da empresa fundada por <a href=\"https:\/\/portalpopmais.com.br\/morre-o-apresentador-silvio-santos\/\" data-type=\"post\" data-id=\"214846\">Silvio Santos<\/a>. Uma das demiss\u00f5es que pegaram todos de surpresa foi a de M\u00e1rcia Dantas, que estava no canal h\u00e1 10 anos.<\/p>\n\n\n\n<p>Por\u00e9m, um outro desligamento gerou revolta n\u00e3o apenas entre os colabores, mas tamb\u00e9m na internet. Uma funcion\u00e1ria com c\u00e2ncer foi demitida nos \u00faltimos dias, e o caso repercutiu negativamente na m\u00eddia.<\/p>\n\n\n\n<div class=\"wp-block-group\"><div class=\"wp-block-group__inner-container is-layout-constrained wp-block-group-is-layout-constrained\">\n<h2 class=\"wp-block-heading\">Veja mais<\/h2>\n\n\n\n<ul class=\"wp-block-list\">\n<li><strong><a href=\"https:\/\/portalpopmais.com.br\/gusttavo-lima-bolsa-cachaca\/\">Gusttavo Lima quer realizar o projeto Bolsa Cacha\u00e7a<\/a><\/strong><\/li>\n\n\n\n<li><a href=\"https:\/\/portalpopmais.com.br\/tom-holland-diz-que-vai-largar-a-atuacao-quando-for-pai\/\"><strong>Tom Holland diz que vai largar a atua\u00e7\u00e3o quando for pai<\/strong><\/a><a href=\"https:\/\/portalpopmais.com.br\/pop-mais-fm\/\"><\/a><\/li>\n<\/ul>\n<\/div><\/div>\n\n\n\n<p>De acordo com informa\u00e7\u00f5es do site Not\u00edcias da TV, a colaboradora era produtora do &#8220;SBT Brasil&#8221; e est\u00e1 tratando um c\u00e2ncer no c\u00e9rebro e, fez at\u00e9 um apelo para continuar na empresa. Sem sucesso.<\/p>\n\n\n\n<p>Ao Not\u00edcias da TV, a demitida afirmou que contatou o Sindicato dos Jornalistas e o seu advogado para buscar ajuda. Ela havia sido contratada pelo SBT em 2017 e faz um tratamento cont\u00ednuo de c\u00e2ncer com medica\u00e7\u00e3o oral desde 2019. A funcion\u00e1ria revelou que o SBT permitiu que ela continuasse com o conv\u00eanio ativo por mais 6 meses.<\/p>\n\n\n\n<p>&#8220;Eles disseram que o SBT n\u00e3o era respons\u00e1vel pelo meu c\u00e2ncer. S\u00f3 que eu trabalho no SBT desde 2017, e meu c\u00e2ncer no c\u00e9rebro apareceu em 2019. Eles disseram que n\u00e3o \u00e9 problema deles. Depois disso, v\u00e3o tentar ver se podem fazer algum acordo para eu pagar e continuar com ele por mais dois anos&#8221;, disse a ex-colaboradora.<\/p>\n\n\n\n<p>&#8220;Eles n\u00e3o se comoveram. Com o Silvio [Santos] n\u00e3o era assim. Eu pedi para me deixar s\u00f3 com o conv\u00eanio, e eu trabalharia, mas n\u00e3o quiseram saber. A ordem \u00e9: custa muito caro para a emissora, mandem embora&#8221;, adicionou ela.<\/p>\n\n\n\n<p>Daniela Beyruti, presidente da emissora, se manifestou atrav\u00e9s das redes sociais. Ela afirma n\u00e3o saber da situa\u00e7\u00e3o e disse que ir\u00e1 investigar.<\/p>\n\n\n<div class=\"wp-block-image\">\n<figure class=\"aligncenter size-full\"><img loading=\"lazy\" decoding=\"async\" width=\"361\" height=\"499\" src=\"https:\/\/portalpopmais.com.br\/wp-content\/uploads\/2025\/01\/image-3.png\" alt=\"\" class=\"wp-image-223180\" title=\"\"><\/figure>\n<\/div>\n\n\n<p>Sobre as demiss\u00f5es, o SBT disse que &#8220;essas a\u00e7\u00f5es fazem parte da reestrutura\u00e7\u00e3o pela qual o departamento de Jornalismo est\u00e1 passando. N\u00e3o se trata de corte e sim de substitui\u00e7\u00f5es que est\u00e3o sendo realizadas pelo novo diretor de Jornalismo, Leandro Cipoloni&#8221;.<\/p>\n","protected":false},"excerpt":{"rendered":"<p>Na \u00faltima semana, uma nova onda de demiss\u00f5es causou p\u00e2nico nos corredores do SBT. As baixas seguem causando um clim\u00e3o entre os colaboradores da empresa fundada por Silvio Santos. Uma das demiss\u00f5es que pegaram todos de surpresa foi a de M\u00e1rcia Dantas, que estava no canal h\u00e1 10 anos. Por\u00e9m, um outro desligamento gerou revolta [&hellip;]<\/p>\n","protected":false},"author":2,"featured_media":223181,"comment_status":"closed","ping_status":"closed","sticky":false,"template":"","format":"standard","meta":{"footnotes":""},"categories":[181],"tags":[403],"class_list":["post-223179","post","type-post","status-publish","format-standard","has-post-thumbnail","hentry","category-televisao","tag-sbt"],"_links":{"self":[{"href":"https:\/\/portalpopmais.com.br\/en\/wp-json\/wp\/v2\/posts\/223179","targetHints":{"allow":["GET"]}}],"collection":[{"href":"https:\/\/portalpopmais.com.br\/en\/wp-json\/wp\/v2\/posts"}],"about":[{"href":"https:\/\/portalpopmais.com.br\/en\/wp-json\/wp\/v2\/types\/post"}],"author":[{"embeddable":true,"href":"https:\/\/portalpopmais.com.br\/en\/wp-json\/wp\/v2\/users\/2"}],"replies":[{"embeddable":true,"href":"https:\/\/portalpopmais.com.br\/en\/wp-json\/wp\/v2\/comments?post=223179"}],"version-history":[{"count":0,"href":"https:\/\/portalpopmais.com.br\/en\/wp-json\/wp\/v2\/posts\/223179\/revisions"}],"wp:featuredmedia":[{"embeddable":true,"href":"https:\/\/portalpopmais.com.br\/en\/wp-json\/wp\/v2\/media\/223181"}],"wp:attachment":[{"href":"https:\/\/portalpopmais.com.br\/en\/wp-json\/wp\/v2\/media?parent=223179"}],"wp:term":[{"taxonomy":"category","embeddable":true,"href":"https:\/\/portalpopmais.com.br\/en\/wp-json\/wp\/v2\/categories?post=223179"},{"taxonomy":"post_tag","embeddable":true,"href":"https:\/\/portalpopmais.com.br\/en\/wp-json\/wp\/v2\/tags?post=223179"}],"curies":[{"name":"wp","href":"https:\/\/api.w.org\/{rel}","templated":true}]}}