{"id":223514,"date":"2025-01-11T02:34:19","date_gmt":"2025-01-11T05:34:19","guid":{"rendered":"https:\/\/portalpopmais.com.br\/?p=223514"},"modified":"2025-01-11T02:34:24","modified_gmt":"2025-01-11T05:34:24","slug":"djj-zeca-camargo-comenta-demissao","status":"publish","type":"post","link":"https:\/\/portalpopmais.com.br\/en\/djj-zeca-camargo-comenta-demissao\/","title":{"rendered":"Longe da TV Aberta e atuando como DJ, Zeca Camargo comenta demiss\u00e3o: &#8220;N\u00e3o entendi&#8221;"},"content":{"rendered":"<p>Sete meses ap\u00f3s deixar a Band, <a href=\"https:\/\/portalpopmais.com.br\/en\/zeca-camargo-demitido-band\/\" data-type=\"post\" data-id=\"212633\">Zeca Camargo<\/a> abriu o jogo sobre sua sa\u00edda inesperada da emissora. Ele, que apresentava o programa &#8220;<a href=\"https:\/\/www.instagram.com\/portalpopmais?igsh=MTNjb2tpbnRud3pqMw==\" target=\"_blank\" rel=\"noopener\">Melhor da Noite<\/a>&#8221; ao lado de Glenda Kozlowski, afirmou que a demiss\u00e3o o surpreendeu: &#8220;N\u00e3o entendi.&#8221;<\/p>\n\n\n\n<p>&#8220;Sa\u00ed da Band em junho, n\u00e3o houve renova\u00e7\u00e3o do contrato. O programa foi reduzido e mudou de hor\u00e1rio. At\u00e9 hoje n\u00e3o sei exatamente o motivo da minha sa\u00edda&#8221;, contou o jornalista ao colunista Valmir Moratelli.<\/p>\n\n\n\n<p>Aos 61 anos, Zeca est\u00e1 longe da TV aberta, mas tem aproveitado para se reinventar. Ele tem chamado a aten\u00e7\u00e3o do p\u00fablico ao se dedicar a atua\u00e7\u00e3o como DJ em suas horas vagas.<\/p>\n\n\n\n<p>Embora sem espa\u00e7o em uma grande emissora de televis\u00e3o, o jornalista est\u00e1 prestes a estrear um novo projeto na Times Brasil, canal a cabo licenciado pela CNBC. No programa intitulado como &#8220;Passaporte&#8221;, Zeca vai compartilhar sua expertise em viagens.<\/p>\n\n\n\n<p><\/p>","protected":false},"excerpt":{"rendered":"<p>Sete meses ap\u00f3s deixar a Band, Zeca Camargo abriu o jogo sobre sua sa\u00edda inesperada da emissora. Ele, que apresentava o programa &#8220;Melhor da Noite&#8221; ao lado de Glenda Kozlowski, afirmou que a demiss\u00e3o o surpreendeu: &#8220;N\u00e3o entendi.&#8221; &#8220;Sa\u00ed da Band em junho, n\u00e3o houve renova\u00e7\u00e3o do contrato. O programa foi reduzido e mudou de [&hellip;]<\/p>\n","protected":false},"author":3,"featured_media":223515,"comment_status":"closed","ping_status":"closed","sticky":false,"template":"","format":"standard","meta":{"footnotes":""},"categories":[173],"tags":[1152,47,3933],"class_list":["post-223514","post","type-post","status-publish","format-standard","has-post-thumbnail","hentry","category-celebridades","tag-band","tag-dj","tag-zeca-camargo"],"_links":{"self":[{"href":"https:\/\/portalpopmais.com.br\/en\/wp-json\/wp\/v2\/posts\/223514","targetHints":{"allow":["GET"]}}],"collection":[{"href":"https:\/\/portalpopmais.com.br\/en\/wp-json\/wp\/v2\/posts"}],"about":[{"href":"https:\/\/portalpopmais.com.br\/en\/wp-json\/wp\/v2\/types\/post"}],"author":[{"embeddable":true,"href":"https:\/\/portalpopmais.com.br\/en\/wp-json\/wp\/v2\/users\/3"}],"replies":[{"embeddable":true,"href":"https:\/\/portalpopmais.com.br\/en\/wp-json\/wp\/v2\/comments?post=223514"}],"version-history":[{"count":0,"href":"https:\/\/portalpopmais.com.br\/en\/wp-json\/wp\/v2\/posts\/223514\/revisions"}],"wp:featuredmedia":[{"embeddable":true,"href":"https:\/\/portalpopmais.com.br\/en\/wp-json\/wp\/v2\/media\/223515"}],"wp:attachment":[{"href":"https:\/\/portalpopmais.com.br\/en\/wp-json\/wp\/v2\/media?parent=223514"}],"wp:term":[{"taxonomy":"category","embeddable":true,"href":"https:\/\/portalpopmais.com.br\/en\/wp-json\/wp\/v2\/categories?post=223514"},{"taxonomy":"post_tag","embeddable":true,"href":"https:\/\/portalpopmais.com.br\/en\/wp-json\/wp\/v2\/tags?post=223514"}],"curies":[{"name":"wp","href":"https:\/\/api.w.org\/{rel}","templated":true}]}}