{"id":223567,"date":"2025-01-13T08:22:51","date_gmt":"2025-01-13T11:22:51","guid":{"rendered":"https:\/\/portalpopmais.com.br\/?p=223567"},"modified":"2025-01-13T08:22:56","modified_gmt":"2025-01-13T11:22:56","slug":"joelma-estado-de-saude","status":"publish","type":"post","link":"https:\/\/portalpopmais.com.br\/en\/joelma-estado-de-saude\/","title":{"rendered":"Joelma aparece descabelada, apoiada em seguran\u00e7a e estado de sa\u00fade preocupa f\u00e3s: &#8220;N\u00e3o t\u00f4 bem&#8221;"},"content":{"rendered":"<p><a href=\"https:\/\/portalpopmais.com.br\/wp-content\/uploads\/2024\/02\/joelma.png\" data-type=\"attachment\" data-id=\"202522\">Joelma<\/a> deixou seus admiradores apreensivos neste s\u00e1bado (11) ao ser flagrada visivelmente fragilizada ap\u00f3s um ensaio intenso para a grava\u00e7\u00e3o de seu DVD em Vit\u00f3ria (ES). A cantora foi vista descabelada, com express\u00e3o cansada, apoiando-se em seguran\u00e7as ao sair de uma van. Em um o estado de sa\u00fade da cantora que chocou os presentes, Joelma balbuciou: &#8220;Eu n\u00e3o t\u00f4 bem&#8221;, antes de seguir para descansar.<\/p>\n\n\n\n<p>Imagens que circulam nas redes sociais mostram o impacto da cena, que rapidamente preocupou os f\u00e3s. Segundo a assessoria da artista, Joelma enfrentou um dia exaustivo.<\/p>\n\n\n\n<figure class=\"wp-block-embed is-type-rich is-provider-instagram wp-block-embed-instagram\"><div class=\"wp-block-embed__wrapper\">\nhttps:\/\/www.instagram.com\/reel\/DEufKNWOAg6\/?igsh=MWcycHJtMXJ4emsyZQ==\n<\/div><\/figure>\n\n\n\n<p>\u201cO ensaio geral foi muito intenso, j\u00e1 que ontem est\u00e1vamos gravando um DVD. Joelma estava muito ansiosa, ensaiou bastante e acabou ficando emocionalmente abalada. O cansa\u00e7o se somou a noites mal dormidas, o que acabou pesando em seu estado f\u00edsico e emocional\u201d, diz a nota oficial.<\/p>\n\n\n\n<p>Apesar do susto, a equipe garantiu que a cantora se recuperou ap\u00f3s subir ao palco: \u201cDepois de ver o p\u00fablico animado, ela conseguiu se estabilizar e terminou a noite bem\u201d.<\/p>\n\n\n\n<p>A situa\u00e7\u00e3o gerou debate nas redes, especialmente pela insist\u00eancia de alguns f\u00e3s em pedir fotos e v\u00eddeos, mesmo com <a href=\"https:\/\/www.instagram.com\/portalpopmais?igsh=MTNjb2tpbnRud3pqMw==\" target=\"_blank\" rel=\"noopener\">Joelma<\/a> visivelmente abatida. A falta de sensibilidade de parte do p\u00fablico foi amplamente criticada, trazendo \u00e0 tona discuss\u00f5es sobre o respeito \u00e0 sa\u00fade dos artistas.<\/p>\n\n\n\n<p><\/p>","protected":false},"excerpt":{"rendered":"<p>Joelma deixou seus admiradores apreensivos neste s\u00e1bado (11) ao ser flagrada visivelmente fragilizada ap\u00f3s um ensaio intenso para a grava\u00e7\u00e3o de seu DVD em Vit\u00f3ria (ES). A cantora foi vista descabelada, com express\u00e3o cansada, apoiando-se em seguran\u00e7as ao sair de uma van. Em um o estado de sa\u00fade da cantora que chocou os presentes, Joelma [&hellip;]<\/p>\n","protected":false},"author":3,"featured_media":223569,"comment_status":"closed","ping_status":"closed","sticky":false,"template":"","format":"standard","meta":{"footnotes":""},"categories":[173],"tags":[451,11540,573],"class_list":["post-223567","post","type-post","status-publish","format-standard","has-post-thumbnail","hentry","category-celebridades","tag-joelma","tag-saude","tag-show"],"_links":{"self":[{"href":"https:\/\/portalpopmais.com.br\/en\/wp-json\/wp\/v2\/posts\/223567","targetHints":{"allow":["GET"]}}],"collection":[{"href":"https:\/\/portalpopmais.com.br\/en\/wp-json\/wp\/v2\/posts"}],"about":[{"href":"https:\/\/portalpopmais.com.br\/en\/wp-json\/wp\/v2\/types\/post"}],"author":[{"embeddable":true,"href":"https:\/\/portalpopmais.com.br\/en\/wp-json\/wp\/v2\/users\/3"}],"replies":[{"embeddable":true,"href":"https:\/\/portalpopmais.com.br\/en\/wp-json\/wp\/v2\/comments?post=223567"}],"version-history":[{"count":0,"href":"https:\/\/portalpopmais.com.br\/en\/wp-json\/wp\/v2\/posts\/223567\/revisions"}],"wp:featuredmedia":[{"embeddable":true,"href":"https:\/\/portalpopmais.com.br\/en\/wp-json\/wp\/v2\/media\/223569"}],"wp:attachment":[{"href":"https:\/\/portalpopmais.com.br\/en\/wp-json\/wp\/v2\/media?parent=223567"}],"wp:term":[{"taxonomy":"category","embeddable":true,"href":"https:\/\/portalpopmais.com.br\/en\/wp-json\/wp\/v2\/categories?post=223567"},{"taxonomy":"post_tag","embeddable":true,"href":"https:\/\/portalpopmais.com.br\/en\/wp-json\/wp\/v2\/tags?post=223567"}],"curies":[{"name":"wp","href":"https:\/\/api.w.org\/{rel}","templated":true}]}}